{"id":143271,"date":"2023-03-07T17:50:53","date_gmt":"2023-03-07T16:50:53","guid":{"rendered":"https:\/\/gazdasagportal.hu\/?p=143271"},"modified":"2023-03-07T16:01:26","modified_gmt":"2023-03-07T15:01:26","slug":"tavaly-tobbet-dolgoztak-a-nemetek-az-elozo-evinel","status":"publish","type":"post","link":"https:\/\/gazdasagportal.hu\/index.php\/tavaly-tobbet-dolgoztak-a-nemetek-az-elozo-evinel\/","title":{"rendered":"Tavaly t\u00f6bbet dolgoztak a n\u00e9metek az el\u0151z\u0151 \u00e9vin\u00e9l"},"content":{"rendered":"<p><strong>A n\u00e9metek tavaly t\u00f6bbet dolgoztak, mint az el\u0151z\u0151 \u00e9vben, de a teljes\u00edtett brutt\u00f3 \u00f3rasz\u00e1m m\u00e9g elmarad a j\u00e1rv\u00e1ny el\u0151ttit\u0151l a sz\u00f6vets\u00e9gi foglalkoztat\u00e1si hivatal (BA) munkaer\u0151piaci \u00e9s foglalkoz\u00e1si kutat\u00f3int\u00e9zet\u00e9nek (IAB) keddi jelent\u00e9se alapj\u00e1n.<\/strong><!--more--><\/p>\n<div class=\"ads-in-post2\"><script async src=\"https:\/\/pagead2.googlesyndication.com\/pagead\/js\/adsbygoogle.js\"><\/script>\r\n<ins class=\"adsbygoogle\"\r\n     style=\"display:block\"\r\n     data-ad-format=\"fluid\"\r\n     data-ad-layout-key=\"-6t+ed+2i-1n-4w\"\r\n     data-ad-client=\"ca-pub-1959107119989764\"\r\n     data-ad-slot=\"4008251320\"><\/ins>\r\n<script>\r\n     (adsbygoogle = window.adsbygoogle || []).push({});\r\n<\/script><\/div>\n<p>A n\u00e9met munkav\u00e1llal\u00f3k 2022-ben 61,1 milli\u00e1rd munka\u00f3r\u00e1t teljes\u00edtettek, 1,4 sz\u00e1zal\u00e9kkal t\u00f6bbet, mint az el\u0151z\u0151 \u00e9vben. A j\u00e1rv\u00e1nyv\u00e9delmi korl\u00e1toz\u00e1sokt\u00f3l m\u00e9g nem \u00e9rintett utols\u00f3 \u00e9v, a 2019-es munka\u00f3ra-teljes\u00edtm\u00e9ny\u00e9t\u0151l ez 1,6 sz\u00e1zal\u00e9kkal marad el. Egy foglalkoztatott tavaly 1341 munka\u00f3r\u00e1t v\u00e9gzett, 0,1 sz\u00e1zal\u00e9kkal t\u00f6bbet, mint 2021-ben. A 2019-es egy szem\u00e9lyre jut\u00f3 munka\u00f3ra-teljes\u00edtm\u00e9ny 2,3 sz\u00e1zal\u00e9kkal haladta meg a 2022-est.<br \/>\nA teljes\u00edtett munka\u00f3r\u00e1k sz\u00e1m\u00e1nak a n\u00f6veked\u00e9se els\u0151sorban a r\u00e9szmunkaid\u0151s foglalkoztat\u00e1s cs\u00f6kken\u00e9s\u00e9b\u0151l ered, b\u00e1r ennek nagy r\u00e9sz\u00e9t ellent\u00e9telezte a betegszabads\u00e1gok n\u00f6veked\u00e9se. A kutat\u00f3k els\u0151 becsl\u00e9se szerint a r\u00e9szmunkaid\u0151ben foglalkoztatottak sz\u00e1ma 1,42 milli\u00f3val 429 ezerre cs\u00f6kkent tavaly. A dolgoz\u00f3knak azonban 5,95 sz\u00e1zal\u00e9ka volt t\u00e1vol betegs\u00e9g miatt 2022-ben, l\u00e9nyegesen t\u00f6bben az el\u0151z\u0151 \u00e9vi 4,42 sz\u00e1zal\u00e9kn\u00e1l. A betegs\u00e9g miatti t\u00e1voll\u00e9t ar\u00e1nya tavaly volt a legmagasabb 1991 \u00f3ta.<br \/>\n<a title=\"Hely megnyit\u00e1sa\" href=\"https:\/\/iab.de\/presseinfo\/arbeitszeitrechnung-2022-erwerbstaetige-in-deutschland-arbeiteten-6110-milliarden-stunden\/\" target=\"_blank\" rel=\"noopener\">https:\/\/iab.de\/presseinfo\/arbeitszeitrechnung-2022-erwerbstaetige-in-deutschland-arbeiteten-6110-milliarden-stunden\/<\/a><br \/>\n(MTI)<\/p>\n","protected":false},"excerpt":{"rendered":"<p>A n\u00e9metek tavaly t\u00f6bbet dolgoztak, mint az el\u0151z\u0151 \u00e9vben, de a teljes\u00edtett brutt\u00f3 \u00f3rasz\u00e1m m\u00e9g elmarad a j\u00e1rv\u00e1ny el\u0151ttit\u0151l a sz\u00f6vets\u00e9gi foglalkoztat\u00e1si hivatal (BA) munkaer\u0151piaci \u00e9s foglalkoz\u00e1si kutat\u00f3int\u00e9zet\u00e9nek (IAB) keddi jelent\u00e9se alapj\u00e1n.<\/p>\n","protected":false},"author":1001010,"featured_media":0,"comment_status":"open","ping_status":"open","sticky":false,"template":"","format":"standard","meta":[],"categories":[19],"tags":[],"_links":{"self":[{"href":"https:\/\/gazdasagportal.hu\/index.php\/wp-json\/wp\/v2\/posts\/143271"}],"collection":[{"href":"https:\/\/gazdasagportal.hu\/index.php\/wp-json\/wp\/v2\/posts"}],"about":[{"href":"https:\/\/gazdasagportal.hu\/index.php\/wp-json\/wp\/v2\/types\/post"}],"author":[{"embeddable":true,"href":"https:\/\/gazdasagportal.hu\/index.php\/wp-json\/wp\/v2\/users\/1001010"}],"replies":[{"embeddable":true,"href":"https:\/\/gazdasagportal.hu\/index.php\/wp-json\/wp\/v2\/comments?post=143271"}],"version-history":[{"count":1,"href":"https:\/\/gazdasagportal.hu\/index.php\/wp-json\/wp\/v2\/posts\/143271\/revisions"}],"predecessor-version":[{"id":143272,"href":"https:\/\/gazdasagportal.hu\/index.php\/wp-json\/wp\/v2\/posts\/143271\/revisions\/143272"}],"wp:attachment":[{"href":"https:\/\/gazdasagportal.hu\/index.php\/wp-json\/wp\/v2\/media?parent=143271"}],"wp:term":[{"taxonomy":"category","embeddable":true,"href":"https:\/\/gazdasagportal.hu\/index.php\/wp-json\/wp\/v2\/categories?post=143271"},{"taxonomy":"post_tag","embeddable":true,"href":"https:\/\/gazdasagportal.hu\/index.php\/wp-json\/wp\/v2\/tags?post=143271"}],"curies":[{"name":"wp","href":"https:\/\/api.w.org\/{rel}","templated":true}]}}