{"id":143269,"date":"2023-03-07T16:49:36","date_gmt":"2023-03-07T15:49:36","guid":{"rendered":"https:\/\/gazdasagportal.hu\/?p=143269"},"modified":"2023-03-07T15:50:20","modified_gmt":"2023-03-07T14:50:20","slug":"nemetorszagban-a-nok-idoskori-jovedelme-csaknem-30-szazalekkal-elmarad-a-ferfiaketol","status":"publish","type":"post","link":"https:\/\/gazdasagportal.hu\/index.php\/nemetorszagban-a-nok-idoskori-jovedelme-csaknem-30-szazalekkal-elmarad-a-ferfiaketol\/","title":{"rendered":"N\u00e9metorsz\u00e1gban a n\u0151k id\u0151skori j\u00f6vedelme csaknem 30 sz\u00e1zal\u00e9kkal elmarad a f\u00e9rfiak\u00e9t\u00f3l"},"content":{"rendered":"<p><strong>N\u00e9metorsz\u00e1gban a munkav\u00e1llal\u00f3k mellett az id\u0151sek k\u00f6r\u00e9ben is jelent\u0151s a nemek k\u00f6z\u00f6tti j\u00f6vedelmi k\u00fcl\u00f6nbs\u00e9g, a n\u0151k csaknem 30 sz\u00e1zal\u00e9kkal kisebb j\u00f6vedelemmel rendelkeznek, mint a f\u00e9rfiak &#8211; mutatta ki egy kedden ismertetett felm\u00e9r\u00e9s.<\/strong><!--more--><\/p>\n<div class=\"ads-in-post2\"><script async src=\"https:\/\/pagead2.googlesyndication.com\/pagead\/js\/adsbygoogle.js\"><\/script>\r\n<ins class=\"adsbygoogle\"\r\n     style=\"display:block\"\r\n     data-ad-format=\"fluid\"\r\n     data-ad-layout-key=\"-6t+ed+2i-1n-4w\"\r\n     data-ad-client=\"ca-pub-1959107119989764\"\r\n     data-ad-slot=\"4008251320\"><\/ins>\r\n<script>\r\n     (adsbygoogle = window.adsbygoogle || []).push({});\r\n<\/script><\/div>\n<p>    A sz\u00f6vets\u00e9gi statisztikai hivatal (Destatis) a nemzetk\u00f6zi n\u0151nap (m\u00e1rcius 8.) alkalm\u00e1b\u00f3l ismertetett vizsg\u00e1lat\u00e1ban kimutatta, hogy a 65 \u00e9ven fel\u00fcliek k\u00f6r\u00e9ben a n\u0151k \u00e1tlagos brutt\u00f3 j\u00f6vedelme a legut\u00f3bbi, 2021-es adatok szerint \u00e9vi 17 814 eur\u00f3, a f\u00e9rfiak\u00e9 pedig 25 407 eur\u00f3.<br \/>\n    Ez azt jelenti, hogy az \u00fagynevezett id\u0151skori j\u00f6vedelmi r\u00e9s 29,9 sz\u00e1zal\u00e9kos N\u00e9metorsz\u00e1gban, vagyis a n\u0151k id\u0151s korukban csaknem harmad\u00e1val kevesebb j\u00f6vedelemmel rendelkeznek, mint a f\u00e9rfiak.<br \/>\n    Az elemz\u00e9sben a nyugd\u00edjb\u00f3l, az \u00f6zvegyi nyugd\u00edjb\u00f3l \u00e9s a mag\u00e1nnyugd\u00edjp\u00e9nzt\u00e1ri megtakar\u00edt\u00e1sb\u00f3l sz\u00e1rmaz\u00f3 j\u00f6vedelmet vett\u00e9k figyelembe. A nyugd\u00edjj\u00f6vedelemben mutatkoz\u00f3 jelent\u0151s elt\u00e9r\u00e9st magyar\u00e1z\u00f3 t\u00e9nyez\u0151k k\u00f6z\u00fcl kiemelt\u00e9k, hogy a n\u0151k nagyobb ar\u00e1nyban dolgoznak alacsony fizet\u00e9s\u0171 \u00e1gazatokban, mint a f\u00e9rfiak, kisebb val\u00f3sz\u00edn\u0171s\u00e9ggel t\u00f6ltenek be magasabb j\u00f6vedelemmel, \u00e9s \u00edgy magasabb nyugd\u00edjjal is j\u00e1r\u00f3 vezet\u0151 poz\u00edci\u00f3t, gyakrabban dolgoznak r\u00e9szmunkaid\u0151ben \u00e9s a f\u0151leg r\u00e1juk h\u00e1rul\u00f3 csal\u00e1di gondoz\u00e1si feladatok miatt t\u00f6bbsz\u00f6r \u00e9s hosszabb id\u0151re vesznek ki szabads\u00e1got.<br \/>\n    A tartom\u00e1nyi rang\u00fa n\u00e9met f\u0151v\u00e1rosban, Berlinben hivatalos \u00fcnnepnapnak sz\u00e1m\u00edt\u00f3 nemzetk\u00f6zi n\u0151nap alkalm\u00e1b\u00f3l k\u00f6z\u00f6lt adatok szerint az alacsonyabb j\u00f6vedelem miatt a n\u0151ket er\u0151sebben fenyegeti az id\u0151skori szeg\u00e9nys\u00e9g, mint a f\u00e9rfiakat. A 65 \u00e9ven fel\u00fcliekn\u00e9l &#8211; vagyis az id\u0151sekn\u00e9l &#8211; a n\u0151k 20,9 sz\u00e1zal\u00e9k\u00e1t fenyegette a szeg\u00e9ny sorba jut\u00e1s kock\u00e1zata 2021-ben, m\u00edg a f\u00e9rfiakn\u00e1l 17,5 sz\u00e1zal\u00e9k volt ez az ar\u00e1ny.<br \/>\n    Az eur\u00f3pai uni\u00f3s meghat\u00e1roz\u00e1s szerint akkor fenyeget valakit a szeg\u00e9nys\u00e9g vesz\u00e9lye, ha a n\u00e9pess\u00e9g eg\u00e9sz\u00e9t jellemz\u0151 medi\u00e1nj\u00f6vedelem 60 sz\u00e1zal\u00e9k\u00e1n\u00e1l kisebb j\u00f6vedelemmel rendelkezik. Ez a k\u00fcsz\u00f6b\u00e9rt\u00e9k egyszem\u00e9lyes h\u00e1ztart\u00e1s eset\u00e9n \u00e9vi nett\u00f3 14 968 eur\u00f3 &#8211; havi nett\u00f3 1247 eur\u00f3 (470 ezer forint) &#8211; volt 2021-ben.<br \/>\n    A Destatis a n\u0151nap alkalm\u00e1b\u00f3l k\u00e9sz\u00edtett vizsg\u00e1latai sor\u00e1ban a t\u00f6bbi k\u00f6z\u00f6tt kimutatta m\u00e9g, hogy N\u00e9metorsz\u00e1gban 2021-ben a vezet\u0151 poz\u00edci\u00f3k 29 sz\u00e1zal\u00e9k\u00e1t t\u00f6lt\u00f6tt\u00e9k be n\u0151k, ami messze elmarad a n\u0151k \u00f6sszes foglalkoztatott k\u00f6z\u00f6tti 47 sz\u00e1zal\u00e9kos ar\u00e1ny\u00e1t\u00f3l.<br \/>\n    A legmagasabb n\u0151i vezet\u0151i ar\u00e1nyt az oktat\u00e1si \u00e1gazatban regisztr\u00e1lt\u00e1k, ott a vezet\u0151 poz\u00edci\u00f3k t\u00f6bb mint k\u00e9tharmad\u00e1t, 67 sz\u00e1zal\u00e9k\u00e1t t\u00f6lt\u00f6tt\u00e9k be n\u0151k. Azonban m\u00e9g ez a kiugr\u00f3an magas ar\u00e1ny is egyenl\u0151tlens\u00e9get jelez, ugyanis az oktat\u00e1si \u00e1gazat valamennyi munkahely\u00e9t tekintve 77 sz\u00e1zal\u00e9k a n\u0151k r\u00e9szar\u00e1nya.<br \/>\n    Az eg\u00e9szs\u00e9g\u00fcgyi \u00e9s szoci\u00e1lis \u00e1gazatban is t\u00f6bb n\u0151 van vezet\u0151i poz\u00edci\u00f3ban, mint f\u00e9rfi, ar\u00e1nyuk 61 sz\u00e1zal\u00e9kos, de az \u00e1gazatban dolgoz\u00f3k \u00f6sszess\u00e9g\u00e9t tekintve m\u00e9g nagyobb, 77 sz\u00e1zal\u00e9k a n\u0151k ar\u00e1nya &#8211; mutatott r\u00e1 k\u00f6zlem\u00e9ny\u00e9ben a Destatis.<br \/>\n    Adataik szerint az \u00fczleti szolg\u00e1ltat\u00e1sok ter\u00fclet\u00e9n k\u00fcl\u00f6n\u00f6sen er\u0151sen \u00e9rv\u00e9nyes\u00fcl az egyenl\u0151tlens\u00e9g, ebben az \u00e1gazatban a n\u0151i munkaer\u0151 ar\u00e1nya 50 sz\u00e1zal\u00e9kos, de a vezet\u0151 tiszts\u00e9gek alig egynegyed\u00e9t, 26 sz\u00e1zal\u00e9k\u00e1t t\u00f6lt\u00f6tt\u00e9k be n\u0151k 2021-ben.<br \/>\n    A statisztikai hivatal egy kor\u00e1bbi, janu\u00e1ri elemz\u00e9s\u00e9ben azt is kimutatta, hogy a nemek k\u00f6z\u00f6tti b\u00e9rr\u00e9s 18 sz\u00e1zal\u00e9kos volt 2022-ben, azaz a n\u0151k csaknem \u00f6t\u00f6d\u00e9vel kerestek kevesebbet, mint a f\u00e9rfiak.<br \/>\n    A n\u0151k \u00e1tlagos brutt\u00f3 \u00f3rab\u00e9re 20,05 eur\u00f3 volt 2022-ben, 18 sz\u00e1zal\u00e9kot jelent\u0151 4,31 eur\u00f3val elmaradva a f\u00e9rfiak 24,36 eur\u00f3s \u00f3rab\u00e9r\u00e1tlag\u00e1t\u00f3l.<br \/>\n    A nemek k\u00f6z\u00f6tti b\u00e9rr\u00e9s cs\u00f6kkent az ut\u00f3bbi \u00e9vekben, a rendszeres vizsg\u00e1latok kezdet\u00e9n, 2006-ban m\u00e9g 23 sz\u00e1zal\u00e9k volt.(MTI)<\/p>\n","protected":false},"excerpt":{"rendered":"<p>N\u00e9metorsz\u00e1gban a munkav\u00e1llal\u00f3k mellett az id\u0151sek k\u00f6r\u00e9ben is jelent\u0151s a nemek k\u00f6z\u00f6tti j\u00f6vedelmi k\u00fcl\u00f6nbs\u00e9g, a n\u0151k csaknem 30 sz\u00e1zal\u00e9kkal kisebb j\u00f6vedelemmel rendelkeznek, mint a f\u00e9rfiak &#8211; mutatta ki egy kedden ismertetett felm\u00e9r\u00e9s.<\/p>\n","protected":false},"author":1001010,"featured_media":0,"comment_status":"open","ping_status":"open","sticky":false,"template":"","format":"standard","meta":[],"categories":[19],"tags":[],"_links":{"self":[{"href":"https:\/\/gazdasagportal.hu\/index.php\/wp-json\/wp\/v2\/posts\/143269"}],"collection":[{"href":"https:\/\/gazdasagportal.hu\/index.php\/wp-json\/wp\/v2\/posts"}],"about":[{"href":"https:\/\/gazdasagportal.hu\/index.php\/wp-json\/wp\/v2\/types\/post"}],"author":[{"embeddable":true,"href":"https:\/\/gazdasagportal.hu\/index.php\/wp-json\/wp\/v2\/users\/1001010"}],"replies":[{"embeddable":true,"href":"https:\/\/gazdasagportal.hu\/index.php\/wp-json\/wp\/v2\/comments?post=143269"}],"version-history":[{"count":1,"href":"https:\/\/gazdasagportal.hu\/index.php\/wp-json\/wp\/v2\/posts\/143269\/revisions"}],"predecessor-version":[{"id":143270,"href":"https:\/\/gazdasagportal.hu\/index.php\/wp-json\/wp\/v2\/posts\/143269\/revisions\/143270"}],"wp:attachment":[{"href":"https:\/\/gazdasagportal.hu\/index.php\/wp-json\/wp\/v2\/media?parent=143269"}],"wp:term":[{"taxonomy":"category","embeddable":true,"href":"https:\/\/gazdasagportal.hu\/index.php\/wp-json\/wp\/v2\/categories?post=143269"},{"taxonomy":"post_tag","embeddable":true,"href":"https:\/\/gazdasagportal.hu\/index.php\/wp-json\/wp\/v2\/tags?post=143269"}],"curies":[{"name":"wp","href":"https:\/\/api.w.org\/{rel}","templated":true}]}}