{"id":143109,"date":"2023-02-19T14:10:45","date_gmt":"2023-02-19T13:10:45","guid":{"rendered":"https:\/\/gazdasagportal.hu\/?p=143109"},"modified":"2023-02-19T14:10:45","modified_gmt":"2023-02-19T13:10:45","slug":"huszeves-melypontra-esett-vissza-az-eladott-autok-szama-szloveniaban-tavaly","status":"publish","type":"post","link":"https:\/\/gazdasagportal.hu\/index.php\/huszeves-melypontra-esett-vissza-az-eladott-autok-szama-szloveniaban-tavaly\/","title":{"rendered":"H\u00fasz\u00e9ves m\u00e9lypontra esett vissza az eladott aut\u00f3k sz\u00e1ma Szlov\u00e9ni\u00e1ban tavaly"},"content":{"rendered":"<p><strong>Tavaly h\u00fasz\u00e9ves m\u00e9lypontra esett vissza a g\u00e9pkocsielad\u00e1sok sz\u00e1ma Szlov\u00e9ni\u00e1ban az \u00faj aut\u00f3k hi\u00e1nya miatt &#8211; k\u00f6z\u00f6lte a Szlov\u00e9n Aut\u00f3sz\u00f6vets\u00e9g (AMZS) a Kereskedelmi Kamara adataira hivatkozva.<\/strong><!--more--><\/p>\n<div class=\"ads-in-post2\"><script async src=\"https:\/\/pagead2.googlesyndication.com\/pagead\/js\/adsbygoogle.js\"><\/script>\r\n<ins class=\"adsbygoogle\"\r\n     style=\"display:block\"\r\n     data-ad-format=\"fluid\"\r\n     data-ad-layout-key=\"-6t+ed+2i-1n-4w\"\r\n     data-ad-client=\"ca-pub-1959107119989764\"\r\n     data-ad-slot=\"4008251320\"><\/ins>\r\n<script>\r\n     (adsbygoogle = window.adsbygoogle || []).push({});\r\n<\/script><\/div>\n<p>    December v\u00e9g\u00e9ig 46 339 szem\u00e9lyg\u00e9pkocsit helyeztek forgalomba Szlov\u00e9ni\u00e1ban, 14,2 sz\u00e1zal\u00e9kkal kevesebbet, mint egy \u00e9vvel kor\u00e1bban. A furgonok eset\u00e9ben 26 sz\u00e1zal\u00e9kos volt a cs\u00f6kken\u00e9s &#8211; \u00edrt\u00e1k.<br \/>\n    Az AMZS szerint az \u00faj aut\u00f3k k\u00edn\u00e1lat\u00e1nak cs\u00f6kken\u00e9se \u00e9s a haszn\u00e1lt aut\u00f3k importj\u00e1nak visszaes\u00e9se magasabb \u00e1rakat \u00e9s hossz\u00fa sz\u00e1ll\u00edt\u00e1si hat\u00e1rid\u0151ket eredm\u00e9nyezett.<br \/>\n    Az ukrajnai h\u00e1bor\u00fa miatt az aut\u00f3gy\u00e1rt\u00f3 c\u00e9geknek jelent\u0151s probl\u00e9m\u00e1i voltak az aut\u00f3alkatr\u00e9szek, k\u00fcl\u00f6n\u00f6sen a f\u00e9lvezet\u0151k, de m\u00e1s alkatr\u00e9szek beszerz\u00e9s\u00e9vel is. Ez pedig hat\u00e1ssal volt az \u00faj aut\u00f3k sz\u00e1ll\u00edt\u00e1si idej\u00e9re, amelyek rendk\u00edv\u00fcl hossz\u00faak voltak, k\u00fcl\u00f6n\u00f6sen bizonyos modellek eset\u00e9ben. Tov\u00e1bb\u00e1 sok \u00fcgyf\u00e9l nem azt az aut\u00f3t kapta meg, amelyiket szerette volna &#8211; mutattak r\u00e1.<br \/>\n    Hozz\u00e1tett\u00e9k: ennek ellen\u00e9re az aut\u00f3keresked\u0151k tavaly \u00e1tlagon fel\u00fcli eredm\u00e9nnyel z\u00e1rt\u00e1k az \u00e9vet. Ennek oka, hogy a magasabb gy\u00e1rt\u00e1si k\u00f6lts\u00e9gek miatt emelkedett az \u00faj aut\u00f3k \u00e1ra, de a szlov\u00e9n aut\u00f3forgalmaz\u00f3k \u00e9s aut\u00f3keresked\u0151k alacsonyabb \u00e1rengedm\u00e9nyeket k\u00edn\u00e1ltak &#8211; magyar\u00e1zt\u00e1k.<br \/>\n    Az AMZS tavaly \u0151sszel \u00fajabb tendenci\u00e1ra is felfigyelt: a haszn\u00e1lt aut\u00f3kat \u00e1rus\u00edt\u00f3 aut\u00f3keresked\u00e9sekben is cs\u00f6kkent a forgalom, mert &#8222;a potenci\u00e1lis vev\u0151k m\u00e1r nem akarj\u00e1k elfogadni a haszn\u00e1lt aut\u00f3k ilyen magas \u00e1r\u00e1t&#8221; &#8211; hangs\u00falyozt\u00e1k.<br \/>\n    Szlov\u00e9ni\u00e1ban tavaly a g\u00e9pkocsik k\u00fclpiaci elad\u00e1s\u00e1nak volumen\u00e9ben is visszaes\u00e9st jegyeztek fel.(MTI)<\/p>\n","protected":false},"excerpt":{"rendered":"<p>Tavaly h\u00fasz\u00e9ves m\u00e9lypontra esett vissza a g\u00e9pkocsielad\u00e1sok sz\u00e1ma Szlov\u00e9ni\u00e1ban az \u00faj aut\u00f3k hi\u00e1nya miatt &#8211; k\u00f6z\u00f6lte a Szlov\u00e9n Aut\u00f3sz\u00f6vets\u00e9g (AMZS) a Kereskedelmi Kamara adataira hivatkozva.<\/p>\n","protected":false},"author":1001006,"featured_media":0,"comment_status":"open","ping_status":"open","sticky":false,"template":"","format":"standard","meta":[],"categories":[19,246],"tags":[],"_links":{"self":[{"href":"https:\/\/gazdasagportal.hu\/index.php\/wp-json\/wp\/v2\/posts\/143109"}],"collection":[{"href":"https:\/\/gazdasagportal.hu\/index.php\/wp-json\/wp\/v2\/posts"}],"about":[{"href":"https:\/\/gazdasagportal.hu\/index.php\/wp-json\/wp\/v2\/types\/post"}],"author":[{"embeddable":true,"href":"https:\/\/gazdasagportal.hu\/index.php\/wp-json\/wp\/v2\/users\/1001006"}],"replies":[{"embeddable":true,"href":"https:\/\/gazdasagportal.hu\/index.php\/wp-json\/wp\/v2\/comments?post=143109"}],"version-history":[{"count":1,"href":"https:\/\/gazdasagportal.hu\/index.php\/wp-json\/wp\/v2\/posts\/143109\/revisions"}],"predecessor-version":[{"id":143110,"href":"https:\/\/gazdasagportal.hu\/index.php\/wp-json\/wp\/v2\/posts\/143109\/revisions\/143110"}],"wp:attachment":[{"href":"https:\/\/gazdasagportal.hu\/index.php\/wp-json\/wp\/v2\/media?parent=143109"}],"wp:term":[{"taxonomy":"category","embeddable":true,"href":"https:\/\/gazdasagportal.hu\/index.php\/wp-json\/wp\/v2\/categories?post=143109"},{"taxonomy":"post_tag","embeddable":true,"href":"https:\/\/gazdasagportal.hu\/index.php\/wp-json\/wp\/v2\/tags?post=143109"}],"curies":[{"name":"wp","href":"https:\/\/api.w.org\/{rel}","templated":true}]}}