{"id":143063,"date":"2023-02-13T15:26:45","date_gmt":"2023-02-13T14:26:45","guid":{"rendered":"https:\/\/gazdasagportal.hu\/?p=143063"},"modified":"2023-02-13T15:26:45","modified_gmt":"2023-02-13T14:26:45","slug":"a-bkv-nal-megallapodtak-a-2023-as-berfejlesztes-mertekerol","status":"publish","type":"post","link":"https:\/\/gazdasagportal.hu\/index.php\/a-bkv-nal-megallapodtak-a-2023-as-berfejlesztes-mertekerol\/","title":{"rendered":"A BKV-n\u00e1l meg\u00e1llapodtak a 2023-as b\u00e9rfejleszt\u00e9s m\u00e9rt\u00e9k\u00e9r\u0151l"},"content":{"rendered":"<p><strong>Elfogadt\u00e1k a 2023-as \u00e9vre vonatkoz\u00f3 b\u00e9rfejleszt\u00e9s r\u00e9szleteit tartalmaz\u00f3 meg\u00e1llapod\u00e1stervezetet a BKV Zrt. munk\u00e1ltat\u00f3i \u00e9s munkav\u00e1llal\u00f3i oldal\u00e1nak k\u00e9pvisel\u0151i h\u00e9tf\u0151n &#8211; k\u00f6z\u00f6lte a t\u00e1rsas\u00e1g az MTI-vel.<\/strong><!--more--><\/p>\n<div class=\"ads-in-post2\"><script async src=\"https:\/\/pagead2.googlesyndication.com\/pagead\/js\/adsbygoogle.js\"><\/script>\r\n<ins class=\"adsbygoogle\"\r\n     style=\"display:block\"\r\n     data-ad-format=\"fluid\"\r\n     data-ad-layout-key=\"-6t+ed+2i-1n-4w\"\r\n     data-ad-client=\"ca-pub-1959107119989764\"\r\n     data-ad-slot=\"4008251320\"><\/ins>\r\n<script>\r\n     (adsbygoogle = window.adsbygoogle || []).push({});\r\n<\/script><\/div>\n<p>    K\u00f6zlem\u00e9ny\u00fck szerint a meg\u00e1llapod\u00e1st a BKV igazgat\u00f3s\u00e1g\u00e1nak j\u00f3v\u00e1hagy\u00e1sa ut\u00e1n \u00edrhatj\u00e1k al\u00e1, m\u00e9g v\u00e1rhat\u00f3an ebben a h\u00f3napban.<br \/>\n    A tervezet szerint az alapb\u00e9rfejleszt\u00e9s m\u00e9rt\u00e9ke \u00e1tlagosan 15 sz\u00e1zal\u00e9k: a f\u0151\u00e1ll\u00e1s\u00fa munkav\u00e1llal\u00f3k szem\u00e9lyi alapb\u00e9rfejleszt\u00e9s\u00e9nek m\u00e9rt\u00e9ke febru\u00e1r elsej\u00e9t\u0151l minimum 12 sz\u00e1zal\u00e9k, az \u00fagynevezett 13-16 HAY munkak\u00f6ri szinteken 15 sz\u00e1zal\u00e9k, m\u00edg a 7-12 HAY munkak\u00f6ri szinteken 16 sz\u00e1zal\u00e9k.<br \/>\n    A f\u0151\u00e1ll\u00e1s\u00fa munkav\u00e1llal\u00f3k r\u00e9sz\u00e9re a v\u00e1llalatn\u00e1l megszak\u00edt\u00e1s n\u00e9lk\u00fcl elt\u00f6lt\u00f6tt id\u0151 elismer\u00e9sek\u00e9ppen, a m\u00e1r m\u0171k\u00f6d\u0151 b\u00e9rtarifarendszer r\u00e9szek\u00e9nt az alapb\u00e9rbe \u00e9p\u00edtve szeniorit\u00e1si rendszert alkalmaznak &#8211; \u00edrt\u00e1k.<br \/>\n    A BKV k\u00f6z\u00f6lte, a tervezet tov\u00e1bb\u00e1 a t\u00f6bbi k\u00f6z\u00f6tt rendelkezik a Budapest-p\u00f3tl\u00e9k rendszer\u00e9nek fokozatos bevezet\u00e9s\u00e9r\u0151l, a b\u00e9rfelz\u00e1rk\u00f3ztat\u00e1sr\u00f3l, k\u00fcl\u00f6n\u00f6s tekintettel a kulcsemberekre, a hi\u00e1nyszakm\u00e1kban dolgoz\u00f3kra, a diplom\u00e1s munkav\u00e1llal\u00f3kra \u00e9s a m\u00e9rn\u00f6k\u00f6kre.(MTI)<\/p>\n","protected":false},"excerpt":{"rendered":"<p>Elfogadt\u00e1k a 2023-as \u00e9vre vonatkoz\u00f3 b\u00e9rfejleszt\u00e9s r\u00e9szleteit tartalmaz\u00f3 meg\u00e1llapod\u00e1stervezetet a BKV Zrt. munk\u00e1ltat\u00f3i \u00e9s munkav\u00e1llal\u00f3i oldal\u00e1nak k\u00e9pvisel\u0151i h\u00e9tf\u0151n &#8211; k\u00f6z\u00f6lte a t\u00e1rsas\u00e1g az MTI-vel.<\/p>\n","protected":false},"author":1001005,"featured_media":0,"comment_status":"open","ping_status":"open","sticky":false,"template":"","format":"standard","meta":[],"categories":[19],"tags":[],"_links":{"self":[{"href":"https:\/\/gazdasagportal.hu\/index.php\/wp-json\/wp\/v2\/posts\/143063"}],"collection":[{"href":"https:\/\/gazdasagportal.hu\/index.php\/wp-json\/wp\/v2\/posts"}],"about":[{"href":"https:\/\/gazdasagportal.hu\/index.php\/wp-json\/wp\/v2\/types\/post"}],"author":[{"embeddable":true,"href":"https:\/\/gazdasagportal.hu\/index.php\/wp-json\/wp\/v2\/users\/1001005"}],"replies":[{"embeddable":true,"href":"https:\/\/gazdasagportal.hu\/index.php\/wp-json\/wp\/v2\/comments?post=143063"}],"version-history":[{"count":1,"href":"https:\/\/gazdasagportal.hu\/index.php\/wp-json\/wp\/v2\/posts\/143063\/revisions"}],"predecessor-version":[{"id":143064,"href":"https:\/\/gazdasagportal.hu\/index.php\/wp-json\/wp\/v2\/posts\/143063\/revisions\/143064"}],"wp:attachment":[{"href":"https:\/\/gazdasagportal.hu\/index.php\/wp-json\/wp\/v2\/media?parent=143063"}],"wp:term":[{"taxonomy":"category","embeddable":true,"href":"https:\/\/gazdasagportal.hu\/index.php\/wp-json\/wp\/v2\/categories?post=143063"},{"taxonomy":"post_tag","embeddable":true,"href":"https:\/\/gazdasagportal.hu\/index.php\/wp-json\/wp\/v2\/tags?post=143063"}],"curies":[{"name":"wp","href":"https:\/\/api.w.org\/{rel}","templated":true}]}}