{"id":143031,"date":"2023-02-09T16:34:18","date_gmt":"2023-02-09T15:34:18","guid":{"rendered":"https:\/\/gazdasagportal.hu\/?p=143031"},"modified":"2023-02-09T16:34:18","modified_gmt":"2023-02-09T15:34:18","slug":"reszsikerrel-zarult-a-bertargyalas-elso-szakasza-a-magyar-postanal","status":"publish","type":"post","link":"https:\/\/gazdasagportal.hu\/index.php\/reszsikerrel-zarult-a-bertargyalas-elso-szakasza-a-magyar-postanal\/","title":{"rendered":"R\u00e9szsikerrel z\u00e1rult a b\u00e9rt\u00e1rgyal\u00e1s els\u0151 szakasza a Magyar Post\u00e1n\u00e1l"},"content":{"rendered":"<p style=\"font-weight: 400;\"><strong>T\u00f6bbk\u00f6r\u00f6s egyeztet\u00e9s ut\u00e1n<\/strong>\u00a0<strong>ma r\u00e9szmeg\u00e1llapod\u00e1s sz\u00fcletett a Magyar Posta vezet\u00e9se, a Post\u00e1s Szakszervezet \u00e9s a Magyar Post\u00e1sok \u00c9rdekv\u00e9delmi Sz\u00f6vets\u00e9ge k\u00f6z\u00f6tt arr\u00f3l, hogy a postai dolgoz\u00f3knak egy egyszeri brutt\u00f3 50\u00a0000 forintos kifizet\u00e9st ad a Munk\u00e1ltat\u00f3 addig is, am\u00edg eredm\u00e9nyre nem vezetnek \u00e9s v\u00e9gleg le nem z\u00e1rulnak az idei \u00e9vre vonatkoz\u00f3 b\u00e9rt\u00e1rgyal\u00e1sok\u00a0<\/strong>\u2013<strong>\u00a0jelentette be T\u00f3th Zsuzsanna, a Post\u00e1s Szakszervezet eln\u00f6ke.<\/strong><\/p>\n<p><!--more--><\/p>\n<div class=\"ads-in-post2\"><script async src=\"https:\/\/pagead2.googlesyndication.com\/pagead\/js\/adsbygoogle.js\"><\/script>\r\n<ins class=\"adsbygoogle\"\r\n     style=\"display:block\"\r\n     data-ad-format=\"fluid\"\r\n     data-ad-layout-key=\"-6t+ed+2i-1n-4w\"\r\n     data-ad-client=\"ca-pub-1959107119989764\"\r\n     data-ad-slot=\"4008251320\"><\/ins>\r\n<script>\r\n     (adsbygoogle = window.adsbygoogle || []).push({});\r\n<\/script><\/div>\n<p style=\"font-weight: 400;\">\n<p style=\"font-weight: 400;\">A Post\u00e1s Szakszervezet c\u00e9lja az, hogy az idei \u00e9vre olyan b\u00e9remel\u00e9st tudjon kiharcolni, amivel legal\u00e1bb nem cs\u00f6kken a postai dolgoz\u00f3k fizet\u00e9s\u00e9nek re\u00e1l\u00e9rt\u00e9ke. Ennek el\u00e9r\u00e9s\u00e9hez folyamatos t\u00e1rgyal\u00e1sok zajlanak a Munk\u00e1ltat\u00f3val, amelyek azonban m\u00e9g nem vezettek eredm\u00e9nyre.<\/p>\n<p style=\"font-weight: 400;\">Az elh\u00faz\u00f3d\u00f3 egyeztet\u00e9si folyamat miatt a Post\u00e1s Szakszervezet \u00e9s a Magyar Post\u00e1sok \u00c9rdekv\u00e9delmi Sz\u00f6vets\u00e9ge azt k\u00e9rte, hogy addig is, am\u00edg az idei b\u00e9remel\u00e9s m\u00e9rt\u00e9k\u00e9ben nem tudnak meg\u00e1llapodni, a postai dolgoz\u00f3k kapjanak egy egyszeri \u00f6sszeget, amivel meg\u00e9lhet\u00e9si gondjaik \u00e1tmenetileg enyh\u00edthet\u0151k.<\/p>\n<p style=\"font-weight: 400;\">A mai r\u00e9szmeg\u00e1llapod\u00e1s \u00e9rtelm\u00e9ben 2023. m\u00e1rcius 3-\u00e1n minden postai munkav\u00e1llal\u00f3 brutt\u00f3 50\u00a0000 forintos p\u00e9nzjuttat\u00e1sban r\u00e9szes\u00fcl.<\/p><div id=\"gazda-3858207551\" class=\"gazda-tartalomban gazda-entity-placement\"><script async src=\"https:\/\/pagead2.googlesyndication.com\/pagead\/js\/adsbygoogle.js\"><\/script>\r\n<ins class=\"adsbygoogle\"\r\n     style=\"display:block\"\r\n     data-ad-format=\"fluid\"\r\n     data-ad-layout-key=\"-6t+ed+2i-1n-4w\"\r\n     data-ad-client=\"ca-pub-1959107119989764\"\r\n     data-ad-slot=\"4008251320\"><\/ins>\r\n<script>\r\n     (adsbygoogle = window.adsbygoogle || []).push({});\r\n<\/script><\/div>\n<p style=\"font-weight: 400;\">Abban is megegyeztek, hogy tov\u00e1bbi 50\u00a0000 forint kifizet\u00e9s\u00e9r\u0151l m\u00e1rcius 31-ig\u00a0d\u00f6ntenek, ha addig nem sz\u00fcletik meg a v\u00e9gleges b\u00e9rmeg\u00e1llapod\u00e1s. Siker\u00fclt el\u00e9rni, hogy a mai r\u00e9szmeg\u00e1llapod\u00e1sban azt is r\u00f6gz\u00edts\u00e9k, hogy a Munk\u00e1ltat\u00f3 2023. okt\u00f3ber 31-ig a szakszervezetek kezdem\u00e9nyez\u00e9s\u00e9re megvizsg\u00e1lja egy \u00e9v v\u00e9gi egyszeri kifizet\u00e9s lehet\u0151s\u00e9g\u00e9t is.<\/p>\n<p style=\"font-weight: 400;\">\u201e<em>A b\u00e9rt\u00e1rgyal\u00e1s tov\u00e1bbi\u00a0<\/em>r\u00e9szleteire<em>\u00a0vonatkoz\u00f3an a munk\u00e1ltat\u00f3 sz\u00e1m\u00e1ra megk\u00fcldt\u00fck az elv\u00e1r\u00e1sunkat, \u00e9s b\u00edzunk benne, hogy miel\u0151bb ebben is el\u0151re l\u00e9p\u00e9sr\u0151l tudunk besz\u00e1molni<\/em>\u201d \u2013 tette hozz\u00e1 T\u00f3th Zsuzsanna, a Post\u00e1s Szakszervezet eln\u00f6ke.<\/p>\n","protected":false},"excerpt":{"rendered":"<p>T\u00f6bbk\u00f6r\u00f6s egyeztet\u00e9s ut\u00e1n\u00a0ma r\u00e9szmeg\u00e1llapod\u00e1s sz\u00fcletett a Magyar Posta vezet\u00e9se, a Post\u00e1s Szakszervezet \u00e9s a Magyar Post\u00e1sok \u00c9rdekv\u00e9delmi Sz\u00f6vets\u00e9ge k\u00f6z\u00f6tt arr\u00f3l, hogy a postai dolgoz\u00f3knak egy egyszeri brutt\u00f3 50\u00a0000 forintos kifizet\u00e9st ad a Munk\u00e1ltat\u00f3 addig is, am\u00edg eredm\u00e9nyre nem vezetnek \u00e9s v\u00e9gleg le nem z\u00e1rulnak az idei \u00e9vre vonatkoz\u00f3 b\u00e9rt\u00e1rgyal\u00e1sok\u00a0\u2013\u00a0jelentette be T\u00f3th Zsuzsanna, a Post\u00e1s Szakszervezet &#8230;<\/p>\n","protected":false},"author":1001005,"featured_media":0,"comment_status":"open","ping_status":"open","sticky":false,"template":"","format":"standard","meta":[],"categories":[19],"tags":[],"_links":{"self":[{"href":"https:\/\/gazdasagportal.hu\/index.php\/wp-json\/wp\/v2\/posts\/143031"}],"collection":[{"href":"https:\/\/gazdasagportal.hu\/index.php\/wp-json\/wp\/v2\/posts"}],"about":[{"href":"https:\/\/gazdasagportal.hu\/index.php\/wp-json\/wp\/v2\/types\/post"}],"author":[{"embeddable":true,"href":"https:\/\/gazdasagportal.hu\/index.php\/wp-json\/wp\/v2\/users\/1001005"}],"replies":[{"embeddable":true,"href":"https:\/\/gazdasagportal.hu\/index.php\/wp-json\/wp\/v2\/comments?post=143031"}],"version-history":[{"count":1,"href":"https:\/\/gazdasagportal.hu\/index.php\/wp-json\/wp\/v2\/posts\/143031\/revisions"}],"predecessor-version":[{"id":143032,"href":"https:\/\/gazdasagportal.hu\/index.php\/wp-json\/wp\/v2\/posts\/143031\/revisions\/143032"}],"wp:attachment":[{"href":"https:\/\/gazdasagportal.hu\/index.php\/wp-json\/wp\/v2\/media?parent=143031"}],"wp:term":[{"taxonomy":"category","embeddable":true,"href":"https:\/\/gazdasagportal.hu\/index.php\/wp-json\/wp\/v2\/categories?post=143031"},{"taxonomy":"post_tag","embeddable":true,"href":"https:\/\/gazdasagportal.hu\/index.php\/wp-json\/wp\/v2\/tags?post=143031"}],"curies":[{"name":"wp","href":"https:\/\/api.w.org\/{rel}","templated":true}]}}