{"id":142998,"date":"2023-02-06T12:47:11","date_gmt":"2023-02-06T11:47:11","guid":{"rendered":"https:\/\/gazdasagportal.hu\/?p=142998"},"modified":"2023-02-06T12:47:11","modified_gmt":"2023-02-06T11:47:11","slug":"torok-sziriai-foldrenges-legkevesebb-912-halottjuk-van-a-foldrengeseknek","status":"publish","type":"post","link":"https:\/\/gazdasagportal.hu\/index.php\/torok-sziriai-foldrenges-legkevesebb-912-halottjuk-van-a-foldrengeseknek\/","title":{"rendered":"T\u00f6r\u00f6k-sz\u00edriai f\u00f6ldreng\u00e9s &#8211; Legkevesebb 912 halottjuk van a f\u00f6ldreng\u00e9seknek"},"content":{"rendered":"<p><strong>Legkevesebb 912 halottjuk \u00e9s 5385 s\u00e9r\u00fcltj\u00fck van a hajnali d\u00e9l-t\u00f6r\u00f6korsz\u00e1gi f\u00f6ldreng\u00e9seknek &#8211; k\u00f6z\u00f6lte Recep Tayyip Erdogan t\u00f6r\u00f6k eln\u00f6k h\u00e9tf\u0151n Ankar\u00e1ban a katasztr\u00f3fav\u00e9delem (AFAD) k\u00f6zpontj\u00e1ban tartott sajt\u00f3t\u00e1j\u00e9koztat\u00f3j\u00e1n.<\/strong><!--more--><\/p>\n<div class=\"ads-in-post2\"><script async src=\"https:\/\/pagead2.googlesyndication.com\/pagead\/js\/adsbygoogle.js\"><\/script>\r\n<ins class=\"adsbygoogle\"\r\n     style=\"display:block\"\r\n     data-ad-format=\"fluid\"\r\n     data-ad-layout-key=\"-6t+ed+2i-1n-4w\"\r\n     data-ad-client=\"ca-pub-1959107119989764\"\r\n     data-ad-slot=\"4008251320\"><\/ins>\r\n<script>\r\n     (adsbygoogle = window.adsbygoogle || []).push({});\r\n<\/script><\/div>\n<p>    A t\u00f6r\u00f6k \u00e1llamf\u0151 arr\u00f3l sz\u00e1molt be, hogy a reng\u00e9sek k\u00f6vetkezt\u00e9ben legal\u00e1bb 2818 \u00e9p\u00fclet omlott \u00f6ssze, mik\u00f6zben eddig 2470 embert m\u00e1r kiszabad\u00edtottak a romok al\u00f3l. A ment\u00e9si munk\u00e1latokban mintegy 9 ezer ember vesz r\u00e9szt, de sz\u00e1muk folyamatosan n\u00f6vekszik &#8211; mondta Erdogan, hozz\u00e1t\u00e9ve, hogy eddig 45 orsz\u00e1g aj\u00e1nlott fel seg\u00edts\u00e9get.<br \/>\n    Erdogan besz\u00e9d\u00e9ben lesz\u00f6gezte: a mostani a legs\u00falyosabb term\u00e9szeti katasztr\u00f3fa az 1939-es erzincani f\u00f6ldreng\u00e9s \u00f3ta, amelyben t\u00edzezrek vesztett\u00e9k \u00e9let\u00fcket Kelet-T\u00f6r\u00f6korsz\u00e1gban.<br \/>\n    A t\u00f6r\u00f6k vezet\u0151 sajn\u00e1lattal r\u00e1mutatott, hogy nem tudj\u00e1k megmondani, meddig fog emelkedni a halottak \u00e9s a sebes\u00fcltek sz\u00e1ma.<br \/>\n    A hajnali f\u00f6ldreng\u00e9sekt\u0151l f\u00fcggetlen\u00fcl a d\u00e9li \u00f3r\u00e1kban \u00fajabb er\u0151s f\u00f6ldreng\u00e9st jelentettek T\u00f6r\u00f6korsz\u00e1gb\u00f3l. Az AFAD helyi id\u0151 szerint 13 \u00f3ra 24 perckor 7,6-os er\u0151ss\u00e9g\u0171 f\u00f6ldmozg\u00e1st \u00e9szlelt a d\u00e9li Kahramanmaras tartom\u00e1ny Elbistan k\u00f6rzet\u00e9ben.<br \/>\n    Mindazon\u00e1ltal az ut\u00f3reng\u00e9sek k\u00f6vetkezt\u00e9ben tov\u00e1bbi \u00e9p\u00fcletek omlanak \u00f6ssze. A t\u00f6r\u00f6k h\u00edrtelev\u00edzi\u00f3k \u00e9l\u0151 ad\u00e1s\u00e1ban d\u0151ltek romba lak\u00f3h\u00e1zak p\u00e9ld\u00e1ul Adana \u00e9s Malatya tartom\u00e1nyban is.<br \/>\n    A t\u00f6r\u00f6k hat\u00f3s\u00e1gok arra k\u00e9rik a t\u00e9rs\u00e9gben tart\u00f3zkod\u00f3kat, hogy semmi esetre se menjenek vissza a megrong\u00e1l\u00f3dott h\u00e1zakba.<br \/>\n    Mehmet Muharrem Kasapoglu t\u00f6r\u00f6k ifj\u00fas\u00e1gi \u00e9s sportminiszter a hivatalos Twitter-fi\u00f3kj\u00e1n azt \u00edrta, hogy az orsz\u00e1gban minden m\u00e9rk\u0151z\u00e9st hat\u00e1rozatlan id\u0151re elhalasztanak.<br \/>\n    Az AFAD adatai szerint helyi id\u0151 szerint 4 \u00f3ra 17 perckor a d\u00e9l-t\u00f6r\u00f6korsz\u00e1gi Kahramanmaras tartom\u00e1ny Pazarcik k\u00f6rzet\u00e9ben 7,7-es er\u0151ss\u00e9g\u0171 f\u00f6ldreng\u00e9s k\u00f6vetkezett be, amelyet 4 \u00f3ra 26 perckor a d\u00e9lkelet-t\u00f6r\u00f6korsz\u00e1gi Gaziantep tartom\u00e1ny Nurdagi k\u00f6rzet\u00e9ben egy 6,4-es er\u0151ss\u00e9g\u0171, majd 4 \u00f3ra 36 perckor Gaziantep Islahiye k\u00f6rzet\u00e9ben egy 6,5-\u00f6s er\u0151ss\u00e9g\u0171 reng\u00e9s k\u00f6vetett. Az els\u0151 f\u00f6ldmozg\u00e1s erej\u00e9t az AFAD id\u0151k\u00f6zben pontos\u00edtotta, a kor\u00e1bbi h\u00edrad\u00e1sokban m\u00e9g 7,4-es er\u0151ss\u00e9g\u0171k\u00e9nt szerepelt.(MTI)<\/p>\n","protected":false},"excerpt":{"rendered":"<p>Legkevesebb 912 halottjuk \u00e9s 5385 s\u00e9r\u00fcltj\u00fck van a hajnali d\u00e9l-t\u00f6r\u00f6korsz\u00e1gi f\u00f6ldreng\u00e9seknek &#8211; k\u00f6z\u00f6lte Recep Tayyip Erdogan t\u00f6r\u00f6k eln\u00f6k h\u00e9tf\u0151n Ankar\u00e1ban a katasztr\u00f3fav\u00e9delem (AFAD) k\u00f6zpontj\u00e1ban tartott sajt\u00f3t\u00e1j\u00e9koztat\u00f3j\u00e1n.<\/p>\n","protected":false},"author":1001006,"featured_media":0,"comment_status":"open","ping_status":"open","sticky":false,"template":"","format":"standard","meta":[],"categories":[5],"tags":[],"_links":{"self":[{"href":"https:\/\/gazdasagportal.hu\/index.php\/wp-json\/wp\/v2\/posts\/142998"}],"collection":[{"href":"https:\/\/gazdasagportal.hu\/index.php\/wp-json\/wp\/v2\/posts"}],"about":[{"href":"https:\/\/gazdasagportal.hu\/index.php\/wp-json\/wp\/v2\/types\/post"}],"author":[{"embeddable":true,"href":"https:\/\/gazdasagportal.hu\/index.php\/wp-json\/wp\/v2\/users\/1001006"}],"replies":[{"embeddable":true,"href":"https:\/\/gazdasagportal.hu\/index.php\/wp-json\/wp\/v2\/comments?post=142998"}],"version-history":[{"count":1,"href":"https:\/\/gazdasagportal.hu\/index.php\/wp-json\/wp\/v2\/posts\/142998\/revisions"}],"predecessor-version":[{"id":142999,"href":"https:\/\/gazdasagportal.hu\/index.php\/wp-json\/wp\/v2\/posts\/142998\/revisions\/142999"}],"wp:attachment":[{"href":"https:\/\/gazdasagportal.hu\/index.php\/wp-json\/wp\/v2\/media?parent=142998"}],"wp:term":[{"taxonomy":"category","embeddable":true,"href":"https:\/\/gazdasagportal.hu\/index.php\/wp-json\/wp\/v2\/categories?post=142998"},{"taxonomy":"post_tag","embeddable":true,"href":"https:\/\/gazdasagportal.hu\/index.php\/wp-json\/wp\/v2\/tags?post=142998"}],"curies":[{"name":"wp","href":"https:\/\/api.w.org\/{rel}","templated":true}]}}