{"id":142887,"date":"2023-01-29T13:49:14","date_gmt":"2023-01-29T12:49:14","guid":{"rendered":"https:\/\/gazdasagportal.hu\/?p=142887"},"modified":"2023-01-29T13:49:14","modified_gmt":"2023-01-29T12:49:14","slug":"heti-makronaptar-kulkereskedelmi-es-idegenforgalmi-adatok-jelennek-meg-a-jovo-heten","status":"publish","type":"post","link":"https:\/\/gazdasagportal.hu\/index.php\/heti-makronaptar-kulkereskedelmi-es-idegenforgalmi-adatok-jelennek-meg-a-jovo-heten\/","title":{"rendered":"Heti makronapt\u00e1r &#8211; K\u00fclkereskedelmi \u00e9s idegenforgalmi adatok jelennek meg a j\u00f6v\u0151 h\u00e9ten"},"content":{"rendered":"<p><strong>J\u00f6v\u0151 h\u00e9ten jelenik meg a k\u00fclkereskedelmi term\u00e9kforgalom, az ipari termel\u0151i \u00e1rak \u00e9s a kereskedelmi sz\u00e1ll\u00e1shelyek teljes\u00edtm\u00e9ny\u00e9r\u0151l sz\u00f3l\u00f3 statisztikai t\u00e1j\u00e9koztat\u00f3.<\/strong><!--more--><\/p>\n<div class=\"ads-in-post2\"><script async src=\"https:\/\/pagead2.googlesyndication.com\/pagead\/js\/adsbygoogle.js\"><\/script>\r\n<ins class=\"adsbygoogle\"\r\n     style=\"display:block\"\r\n     data-ad-format=\"fluid\"\r\n     data-ad-layout-key=\"-6t+ed+2i-1n-4w\"\r\n     data-ad-client=\"ca-pub-1959107119989764\"\r\n     data-ad-slot=\"4008251320\"><\/ins>\r\n<script>\r\n     (adsbygoogle = window.adsbygoogle || []).push({});\r\n<\/script><\/div>\n<p>    A K\u00f6zponti Statisztikai Hivatal (KSH) kedden teszi k\u00f6zz\u00e9 az ipari termel\u0151i \u00e1rak tavaly decemberi adatait. Az ipari termel\u0151i \u00e1rak 2022 november\u00e9ben az egy \u00e9vvel kor\u00e1bbihoz k\u00e9pest 37,0 sz\u00e1zal\u00e9kkal n\u0151ttek, az el\u0151z\u0151 h\u00f3naphoz viszony\u00edtva 0,8 sz\u00e1zal\u00e9kkal m\u00e9rs\u00e9kl\u0151dtek. A belf\u00f6ldi \u00e9rt\u00e9kes\u00edt\u00e9s \u00e1rai 63,7, az export\u00e9rt\u00e9kes\u00edt\u00e9s\u00e9 23,4 sz\u00e1zal\u00e9kkal magasabbak voltak novemberben az el\u0151z\u0151 \u00e9v azonos id\u0151szak\u00e1hoz k\u00e9pest. A belf\u00f6ldi \u00e9rt\u00e9kes\u00edt\u00e9s \u00e1rainak gyorsabb n\u00f6veked\u00e9s\u00e9t az okozta, hogy a jelent\u0151s dr\u00e1gul\u00e1st realiz\u00e1l\u00f3 energiaipar r\u00e9szar\u00e1nya a hazai elad\u00e1sokban j\u00f3val nagyobb, mint az exportban. Az energia\u00e1rak meredek emelked\u00e9se mellett az alapanyagok dr\u00e1gul\u00e1s\u00e1nak \u00e9s a forint gyeng\u00fcl\u00e9s\u00e9nek is \u00e1rfelhajt\u00f3 hat\u00e1sa volt. Az el\u0151z\u0151 h\u00f3naphoz viszony\u00edtva a belf\u00f6ldi \u00e9rt\u00e9kes\u00edt\u00e9s \u00e1rai 1,6 sz\u00e1zal\u00e9kkal n\u00f6vekedtek, m\u00edg az export\u00e9i 2,0 sz\u00e1zal\u00e9kkal cs\u00f6kkentek, \u00edgy az ipari termel\u0151i \u00e1rak \u00f6sszess\u00e9g\u00e9ben 0,8 sz\u00e1zal\u00e9kkal m\u00e9rs\u00e9kl\u0151dtek.<br \/>\n    Szerd\u00e1n teszi k\u00f6zz\u00e9 a KSH a k\u00fclkereskedelmi term\u00e9kforgalom tavaly novemberi m\u00e1sodik becsl\u00e9s\u00e9t. A janu\u00e1r 9-\u00e9n kiadott els\u0151 becsl\u00e9s szerint tavaly novemberben az export eur\u00f3ban sz\u00e1m\u00edtott \u00e9rt\u00e9ke 17,8 sz\u00e1zal\u00e9kkal, az import\u00e9 28,8 sz\u00e1zal\u00e9kkal nagyobb volt, mint egy \u00e9vvel kor\u00e1bban. A term\u00e9k-k\u00fclkereskedelmi egyenleg 1,240 milli\u00e1rd eur\u00f3val romlott \u00e9s 1,283 milli\u00e1rd eur\u00f3t tett ki. Az el\u0151z\u0151 h\u00f3naphoz viszony\u00edtva az export 5,0 sz\u00e1zal\u00e9kkal, az import 7,3 sz\u00e1zal\u00e9kkal n\u0151tt tavaly novemberben.<br \/>\n    Szint\u00e9n szerd\u00e1n jelenik meg a kereskedelmi sz\u00e1ll\u00e1shelyek tavalyi eg\u00e9sz \u00e9ves \u00e9s decemberi forgalm\u00e1r\u00f3l sz\u00f3l\u00f3 statisztika. 2022 november\u00e9ben a kereskedelmi sz\u00e1ll\u00e1shelyeken (sz\u00e1llod\u00e1kban, panzi\u00f3kban, kempingekben, \u00fcd\u00fcl\u0151h\u00e1ztelepeken, k\u00f6z\u00f6ss\u00e9gi sz\u00e1ll\u00e1shelyeken) 691 ezer vend\u00e9g 1,7 milli\u00f3 vend\u00e9g\u00e9jszak\u00e1t t\u00f6lt\u00f6tt el. A vend\u00e9gek sz\u00e1ma 17, a vend\u00e9g\u00e9jszak\u00e1k\u00e9 7,8 sz\u00e1zal\u00e9kkal emelkedett az el\u0151z\u0151 \u00e9v azonos id\u0151szak\u00e1hoz k\u00e9pest. 2021 november\u00e9hez viszony\u00edtva a belf\u00f6ldi vend\u00e9gek \u00e1ltal elt\u00f6lt\u00f6tt \u00e9jszak\u00e1k sz\u00e1ma 1,6, a k\u00fclf\u00f6ldi vend\u00e9gek \u00e1ltal elt\u00f6lt\u00f6tt \u00e9jszak\u00e1k\u00e9 15 sz\u00e1zal\u00e9kkal emelkedett. 2022. janu\u00e1r-novemberben a belf\u00f6ldi vend\u00e9gek 19, a k\u00fclf\u00f6ldiek t\u00f6bb mint k\u00e9tszer annyi, 114 sz\u00e1zal\u00e9kkal t\u00f6bb vend\u00e9g\u00e9jszak\u00e1t t\u00f6lt\u00f6ttek el, mint az el\u0151z\u0151 \u00e9v azonos id\u0151szak\u00e1ban &#8211; \u00edrta a KSH.<br \/>\n    Ugyancsak szerd\u00e1n k\u00f6zli a Magyar Logisztikai, Beszerz\u00e9si \u00e9s K\u00e9szletez\u00e9si T\u00e1rsas\u00e1g (MLBKT) a beszerz\u00e9simenedzser-index (BMI) szezon\u00e1lisan kiigaz\u00edtott janu\u00e1ri adat\u00e1t. A BMI decemberi \u00e9rt\u00e9ke 63,1, magasabb a novemberi 56,0 pontos \u00e9rt\u00e9kn\u00e9l. A kor\u00e1bbi decemberi \u00e9rt\u00e9kekkel \u00f6sszevetve az idei \u00e9rt\u00e9k magasabb, mint a hossz\u00fa t\u00e1v\u00fa decemberi havi \u00e1tlag (53,2, \u00e9s meghaladja az el\u0151z\u0151 h\u00e1rom \u00e9v e havi \u00e9rt\u00e9keinek \u00e1tlag\u00e1t (58,9) is. A felm\u00e9r\u00e9sben vizsg\u00e1lt r\u00e9szindexek a k\u00e9szterm\u00e9kk\u00e9szletek indexet \u00e9s az \u00e1rindexet kiv\u00e9ve n\u0151ttek. A foglalkoztatotts\u00e1gindex \u00e9rt\u00e9ke 2,3 sz\u00e1zal\u00e9kponttal magasabb volt decemberben, b\u0151v\u00fcl\u00e9st mutat imm\u00e1r tizen\u00f6t\u00f6dik alkalommal. Az elm\u00falt id\u0151szakban is 50,0 pont k\u00f6r\u00fcl mozgott az index, ami most decemberben gyorsabb \u00fctemben b\u0151v\u00fclt (55,4).(MTI)<\/p>\n","protected":false},"excerpt":{"rendered":"<p>J\u00f6v\u0151 h\u00e9ten jelenik meg a k\u00fclkereskedelmi term\u00e9kforgalom, az ipari termel\u0151i \u00e1rak \u00e9s a kereskedelmi sz\u00e1ll\u00e1shelyek teljes\u00edtm\u00e9ny\u00e9r\u0151l sz\u00f3l\u00f3 statisztikai t\u00e1j\u00e9koztat\u00f3.<\/p>\n","protected":false},"author":1001006,"featured_media":0,"comment_status":"open","ping_status":"open","sticky":false,"template":"","format":"standard","meta":[],"categories":[19],"tags":[],"_links":{"self":[{"href":"https:\/\/gazdasagportal.hu\/index.php\/wp-json\/wp\/v2\/posts\/142887"}],"collection":[{"href":"https:\/\/gazdasagportal.hu\/index.php\/wp-json\/wp\/v2\/posts"}],"about":[{"href":"https:\/\/gazdasagportal.hu\/index.php\/wp-json\/wp\/v2\/types\/post"}],"author":[{"embeddable":true,"href":"https:\/\/gazdasagportal.hu\/index.php\/wp-json\/wp\/v2\/users\/1001006"}],"replies":[{"embeddable":true,"href":"https:\/\/gazdasagportal.hu\/index.php\/wp-json\/wp\/v2\/comments?post=142887"}],"version-history":[{"count":1,"href":"https:\/\/gazdasagportal.hu\/index.php\/wp-json\/wp\/v2\/posts\/142887\/revisions"}],"predecessor-version":[{"id":142888,"href":"https:\/\/gazdasagportal.hu\/index.php\/wp-json\/wp\/v2\/posts\/142887\/revisions\/142888"}],"wp:attachment":[{"href":"https:\/\/gazdasagportal.hu\/index.php\/wp-json\/wp\/v2\/media?parent=142887"}],"wp:term":[{"taxonomy":"category","embeddable":true,"href":"https:\/\/gazdasagportal.hu\/index.php\/wp-json\/wp\/v2\/categories?post=142887"},{"taxonomy":"post_tag","embeddable":true,"href":"https:\/\/gazdasagportal.hu\/index.php\/wp-json\/wp\/v2\/tags?post=142887"}],"curies":[{"name":"wp","href":"https:\/\/api.w.org\/{rel}","templated":true}]}}