{"id":142885,"date":"2023-01-28T15:17:57","date_gmt":"2023-01-28T14:17:57","guid":{"rendered":"https:\/\/gazdasagportal.hu\/?p=142885"},"modified":"2023-01-28T15:17:57","modified_gmt":"2023-01-28T14:17:57","slug":"a-cordia-befejezte-tengerparti-luxuslakoepuletenek-szerkezetepitesi-munkalatait-spanyolorszagban","status":"publish","type":"post","link":"https:\/\/gazdasagportal.hu\/index.php\/a-cordia-befejezte-tengerparti-luxuslakoepuletenek-szerkezetepitesi-munkalatait-spanyolorszagban\/","title":{"rendered":"A Cordia befejezte tengerparti luxuslak\u00f3\u00e9p\u00fclet\u00e9nek szerkezet\u00e9p\u00edt\u00e9si munk\u00e1latait Spanyolorsz\u00e1gban"},"content":{"rendered":"<p><strong>A Cordia t\u00f6bb mint k\u00e9t h\u00f3nappal a tervezett hat\u00e1rid\u0151 el\u0151tt befejezte els\u0151 spanyolorsz\u00e1gi luxuslak\u00f3\u00e9p\u00fclet-fejleszt\u00e9se, a Jade Tower szerkezet\u00e9p\u00edt\u00e9si munk\u00e1latait; a t\u00e1rsas\u00e1g m\u00e1sodik projektj\u00e9t is elind\u00edtja az orsz\u00e1gban &#8211; k\u00f6z\u00f6lte a Futureal-csoporthoz tartoz\u00f3 Cordia lak\u00f3ingatlan-fejleszt\u0151 az MTI-vel.<\/strong><!--more--><\/p>\n<div class=\"ads-in-post2\"><script async src=\"https:\/\/pagead2.googlesyndication.com\/pagead\/js\/adsbygoogle.js\"><\/script>\r\n<ins class=\"adsbygoogle\"\r\n     style=\"display:block\"\r\n     data-ad-format=\"fluid\"\r\n     data-ad-layout-key=\"-6t+ed+2i-1n-4w\"\r\n     data-ad-client=\"ca-pub-1959107119989764\"\r\n     data-ad-slot=\"4008251320\"><\/ins>\r\n<script>\r\n     (adsbygoogle = window.adsbygoogle || []).push({});\r\n<\/script><\/div>\n<p>    A brutt\u00f3 11,2 ezer n\u00e9gyzetm\u00e9ter alapter\u00fclet\u0171 Jade Tower szerkezet\u00e9p\u00edt\u00e9si munk\u00e1latait a spanyol Sacyr c\u00e9g v\u00e9gezte. A beruh\u00e1z\u00e1s \u00e9rt\u00e9k\u00e9t nem hozt\u00e1k nyilv\u00e1noss\u00e1gra.<br \/>\n    Fuengirola tengerparti s\u00e1vj\u00e1ban val\u00f3sul meg a 116 luxus min\u0151s\u00e9g\u0171, egy-, k\u00e9t- \u00e9s h\u00e1romszob\u00e1s lak\u00e1sb\u00f3l, illetve penthouse apartmanb\u00f3l \u00e1ll\u00f3 \u00e9p\u00fcletkomplexum, amelyben a lak\u00f3k k\u00e9nyelm\u00e9t szolg\u00e1lj\u00e1k majd egyebek mellett k\u00f6z\u00f6ss\u00e9gi irodaterek, gasztrob\u00e1r, priv\u00e1t moziterem \u00e9s edz\u0151terem is.<br \/>\n    A k\u00f6zlem\u00e9ny id\u00e9zte F\u00f6ldi Tibort, a Cordia International igazgat\u00f3s\u00e1g\u00e1nak eln\u00f6k\u00e9t, aki elmondta a Cordia sz\u00e1mos magyarorsz\u00e1gi, lengyelorsz\u00e1gi, brit \u00e9s rom\u00e1niai projektj\u00e9vel Eur\u00f3pa vezet\u0151 lak\u00e1s\u00e9p\u00edt\u0151 \u00e9s befektet\u0151 t\u00e1rsas\u00e1g\u00e1v\u00e1 v\u00e1lt. A Jade Tower az els\u0151 fejleszt\u00e9s\u00fck Spanyolorsz\u00e1gban, \u00e9s hamarosan elind\u00edtj\u00e1k k\u00f6vetkez\u0151 projektj\u00fcket is a spanyol piacon.<br \/>\n    A Cordia elk\u00f6telezett a spanyol Rivi\u00e9ra, a Costa del Sol mellett, ez\u00e9rt &#8211; a fuengirolai Jade Towerhez hasonl\u00f3an &#8211; ezen a ter\u00fcleten, \u00e1m egy nagyobb v\u00e1rosban, Marbell\u00e1ban ind\u00edtja el hamarosan m\u00e1sodik spanyolorsz\u00e1gi fejleszt\u00e9s\u00e9t. Ez a projekt m\u00e9g tervez\u00e9si f\u00e1zisban van &#8211; \u00edrt\u00e1k.<br \/>\n    A Cordia az egyik legnagyobb lak\u00f3ingatlan-fejleszt\u0151 \u00e9s -befektet\u0151 v\u00e1llalatcsoport Eur\u00f3p\u00e1ban, amely jelen van Magyarorsz\u00e1g, Lengyelorsz\u00e1g, Rom\u00e1nia \u00e9s az Egyes\u00fclt Kir\u00e1lys\u00e1g \u00fajlak\u00e1s-k\u00edn\u00e1lati piacainak k\u00f6z\u00e9p- \u00e9s fels\u0151 k\u00f6z\u00e9p szegmens\u00e9ben, tov\u00e1bb\u00e1 pilotprojektekkel Spanyolorsz\u00e1gban is.<br \/>\n    A Cordia kor\u00e1bbi t\u00e1j\u00e9koztat\u00e1sa szerint a v\u00e1llalatcsoport \u00e1rbev\u00e9tele 2021-ben 92,2 milli\u00e1rd forintot tett ki, ami 35 sz\u00e1zal\u00e9kos n\u00f6veked\u00e9s 2020-hoz k\u00e9pest. Az \u00e1rbev\u00e9tel Magyarorsz\u00e1gon 61 milli\u00e1rd forint volt, Lengyelorsz\u00e1gban 22,8 milli\u00e1rd forintnak, Rom\u00e1ni\u00e1ban pedig 8,4 milli\u00e1rd forintnak felelt meg. Az \u00f6sszes\u00edtett, csoportszint\u0171 brutt\u00f3 profit 25 milli\u00e1rd forintot tett ki, m\u00edg egy \u00e9vvel kor\u00e1bban ez 12,1 milli\u00e1rd forint volt a Budapesti \u00c9rt\u00e9kt\u0151zsd\u00e9n (B\u00c9T) k\u00f6zz\u00e9tett adatok alapj\u00e1n.(MTI)<\/p>\n","protected":false},"excerpt":{"rendered":"<p>A Cordia t\u00f6bb mint k\u00e9t h\u00f3nappal a tervezett hat\u00e1rid\u0151 el\u0151tt befejezte els\u0151 spanyolorsz\u00e1gi luxuslak\u00f3\u00e9p\u00fclet-fejleszt\u00e9se, a Jade Tower szerkezet\u00e9p\u00edt\u00e9si munk\u00e1latait; a t\u00e1rsas\u00e1g m\u00e1sodik projektj\u00e9t is elind\u00edtja az orsz\u00e1gban &#8211; k\u00f6z\u00f6lte a Futureal-csoporthoz tartoz\u00f3 Cordia lak\u00f3ingatlan-fejleszt\u0151 az MTI-vel.<\/p>\n","protected":false},"author":1001006,"featured_media":0,"comment_status":"open","ping_status":"open","sticky":false,"template":"","format":"standard","meta":[],"categories":[19],"tags":[],"_links":{"self":[{"href":"https:\/\/gazdasagportal.hu\/index.php\/wp-json\/wp\/v2\/posts\/142885"}],"collection":[{"href":"https:\/\/gazdasagportal.hu\/index.php\/wp-json\/wp\/v2\/posts"}],"about":[{"href":"https:\/\/gazdasagportal.hu\/index.php\/wp-json\/wp\/v2\/types\/post"}],"author":[{"embeddable":true,"href":"https:\/\/gazdasagportal.hu\/index.php\/wp-json\/wp\/v2\/users\/1001006"}],"replies":[{"embeddable":true,"href":"https:\/\/gazdasagportal.hu\/index.php\/wp-json\/wp\/v2\/comments?post=142885"}],"version-history":[{"count":1,"href":"https:\/\/gazdasagportal.hu\/index.php\/wp-json\/wp\/v2\/posts\/142885\/revisions"}],"predecessor-version":[{"id":142886,"href":"https:\/\/gazdasagportal.hu\/index.php\/wp-json\/wp\/v2\/posts\/142885\/revisions\/142886"}],"wp:attachment":[{"href":"https:\/\/gazdasagportal.hu\/index.php\/wp-json\/wp\/v2\/media?parent=142885"}],"wp:term":[{"taxonomy":"category","embeddable":true,"href":"https:\/\/gazdasagportal.hu\/index.php\/wp-json\/wp\/v2\/categories?post=142885"},{"taxonomy":"post_tag","embeddable":true,"href":"https:\/\/gazdasagportal.hu\/index.php\/wp-json\/wp\/v2\/tags?post=142885"}],"curies":[{"name":"wp","href":"https:\/\/api.w.org\/{rel}","templated":true}]}}