{"id":142883,"date":"2023-01-28T14:13:58","date_gmt":"2023-01-28T13:13:58","guid":{"rendered":"https:\/\/gazdasagportal.hu\/?p=142883"},"modified":"2023-01-28T14:13:58","modified_gmt":"2023-01-28T13:13:58","slug":"tovabbra-is-befektetesi-ajanlasu-bbb-minusz-ra-minositette-a-magyar-allamados-osztalyzatot-az-sp-global-ratings","status":"publish","type":"post","link":"https:\/\/gazdasagportal.hu\/index.php\/tovabbra-is-befektetesi-ajanlasu-bbb-minusz-ra-minositette-a-magyar-allamados-osztalyzatot-az-sp-global-ratings\/","title":{"rendered":"Tov\u00e1bbra is befektet\u00e9si aj\u00e1nl\u00e1s\u00fa &#8222;BBB m\u00ednusz&#8221;-ra min\u0151s\u00edtette a magyar \u00e1llamad\u00f3s-oszt\u00e1lyzatot az S&#038;P Global Ratings"},"content":{"rendered":"<p><strong>Egy fokozattal, az eddigi &#8222;BBB\/A-2&#8221;-r\u0151l a tov\u00e1bbra is befektet\u00e9si aj\u00e1nl\u00e1s\u00fa &#8222;BBB m\u00ednusz\/A-3&#8221;-ra lefel\u00e9 m\u00f3dos\u00edtotta a deviz\u00e1ban \u00e9s a helyi valut\u00e1ban fenn\u00e1ll\u00f3 hossz\u00fa \u00e9s r\u00f6vid futamidej\u0171 magyar \u00e1llamad\u00f3s-k\u00f6telezetts\u00e9gek besorol\u00e1s\u00e1t p\u00e9nteken az S&#038;P Global Ratings nemzetk\u00f6zi hitelmin\u0151s\u00edt\u0151. A magyar oszt\u00e1lyzatot a m\u00e1sik k\u00e9t glob\u00e1lis hitelmin\u0151s\u00edt\u0151, a Fitch Ratings \u00e9s a Moody&#8217;s Investors Service is befektet\u00e9si kateg\u00f3ri\u00e1ban, az S&#038;P \u00faj besorol\u00e1s\u00e1n\u00e1l eggyel jobb fokozaton tartja nyilv\u00e1n.<\/strong><!--more--><\/p>\n<div class=\"ads-in-post2\"><script async src=\"https:\/\/pagead2.googlesyndication.com\/pagead\/js\/adsbygoogle.js\"><\/script>\r\n<ins class=\"adsbygoogle\"\r\n     style=\"display:block\"\r\n     data-ad-format=\"fluid\"\r\n     data-ad-layout-key=\"-6t+ed+2i-1n-4w\"\r\n     data-ad-client=\"ca-pub-1959107119989764\"\r\n     data-ad-slot=\"4008251320\"><\/ins>\r\n<script>\r\n     (adsbygoogle = window.adsbygoogle || []).push({});\r\n<\/script><\/div>\n<p>    A S&#038;P Global Ratings a p\u00e9ntek \u00e9jjel Londonban bejelentett m\u00f3dos\u00edt\u00e1ssal egy id\u0151ben a tavaly augusztus \u00f3ta \u00e9rv\u00e9nyben tartott negat\u00edvr\u00f3l stabilra jav\u00edtotta a magyar szuver\u00e9n besorol\u00e1s kil\u00e1t\u00e1s\u00e1t.<br \/>\n    A stabil kil\u00e1t\u00e1st al\u00e1t\u00e1maszt\u00f3 t\u00e9nyez\u0151k k\u00f6z\u00f6tt a c\u00e9g kiemelte, hogy v\u00e1rakoz\u00e1sa szerint a magyar gazdas\u00e1g a k\u00f6vetkez\u0151 k\u00e9t \u00e9vben elker\u00fcli a jelent\u0151sebb visszaes\u00e9st \u00e9s \u00e1tv\u00e9szeli az orosz-ukr\u00e1n h\u00e1bor\u00fa k\u00f6zvetett hat\u00e1sait.<br \/>\n    A hitelmin\u0151s\u00edt\u0151 azzal is sz\u00e1mol, hogy a magyar korm\u00e1ny a k\u00f6vetkez\u0151 n\u00e9h\u00e1ny \u00e9vben fokozatosan cs\u00f6kkenti az \u00e1llamh\u00e1ztart\u00e1si hi\u00e1nyt, \u00e9s az orosz f\u00f6ldg\u00e1zsz\u00e1ll\u00edt\u00e1sok \u00e1ltal\u00e1noss\u00e1gban tov\u00e1bbra is fennakad\u00e1s n\u00e9lk\u00fcl folytat\u00f3dnak.<br \/>\n    A stabil kil\u00e1t\u00e1s t\u00e9nyez\u0151i k\u00f6z\u00f6tt szerepel az is, hogy az S&#038;P Global Ratings szerint az Eur\u00f3pai Uni\u00f3 nem cs\u00f6kkenti jelent\u0151sebb m\u00e9rt\u00e9kben, legfeljebb k\u00e9slelteti a 2021-2027-es p\u00e9nz\u00fcgyi EU-keretb\u0151l (MFF), illetve az ellen\u00e1ll\u00f3k\u00e9pess\u00e9g jav\u00edt\u00e1s\u00e1ra szolg\u00e1l\u00f3 eur\u00f3pai uni\u00f3s p\u00e9nz\u00fcgyi eszk\u00f6zb\u0151l (RRF) Magyarorsz\u00e1g sz\u00e1m\u00e1ra hozz\u00e1f\u00e9rhet\u0151 foly\u00f3s\u00edt\u00e1sokat.<br \/>\n    Az oszt\u00e1lyzat lemin\u0151s\u00edt\u00e9s\u00e9nek indokai k\u00f6z\u00f6tt ugyanakkor a c\u00e9g kiemelte, hogy Magyarorsz\u00e1g gazdas\u00e1gi sokkok sorozat\u00e1t szenvedte el a koronav\u00edrus-j\u00e1rv\u00e1ny \u00e9s az orosz-ukr\u00e1n h\u00e1bor\u00fa miatt, \u00e9s e sokkok gyeng\u00edtett\u00e9k a k\u00f6lts\u00e9gvet\u00e9si \u00e9s a monet\u00e1ris szakpolitika rugalmass\u00e1g\u00e1t.<br \/>\n    Az S&#038;P Global Ratings a magyar gazdas\u00e1g specifikus kock\u00e1zat\u00e1nak nevezi azt a k\u00e9rd\u00e9st, hogy  az uni\u00f3 jog\u00e1llamis\u00e1gi mechanizmusa alapj\u00e1n r\u00e9szben m\u00e9g mindig befagyasztott EU-foly\u00f3s\u00edt\u00e1sok id\u0151ben hozz\u00e1f\u00e9rhet\u0151v\u00e9 v\u00e1lnak-e Magyarorsz\u00e1g sz\u00e1m\u00e1ra, mivel e forr\u00e1sok felszabad\u00edt\u00e1sa a felt\u00e9tele egyes reformtervek sikeres v\u00e9grehajt\u00e1s\u00e1nak.<br \/>\n    A hitelmin\u0151s\u00edt\u0151 ugyanakkor meger\u0151s\u00edti: alapeseti v\u00e1rakoz\u00e1sa az, hogy Magyarorsz\u00e1g \u00e9s az EU meg\u00e1llapod\u00e1sra jut, \u00e9s az Eur\u00f3pai Uni\u00f3 nem cs\u00f6kkenti jelent\u0151sen e foly\u00f3s\u00edt\u00e1sokat.<br \/>\n    E forgat\u00f3k\u00f6nyv alapj\u00e1n az S&#038;P Global Ratings el\u0151rejelz\u00e9se a k\u00f6vetkez\u0151 \u00e9vekre \u00e9ves \u00e1tlagban a magyar hazai \u00f6sszterm\u00e9k (GDP) 4 sz\u00e1zal\u00e9k\u00e1nak megfelel\u0151 uni\u00f3s finansz\u00edroz\u00e1st val\u00f3sz\u00edn\u0171s\u00edt.<br \/>\n    A hitelmin\u0151s\u00edt\u0151 elemz\u00e9se szerint a magyar energiaell\u00e1t\u00e1st terhel\u0151 r\u00f6vid t\u00e1v\u00fa kock\u00e1zatok tavaly \u0151sz \u00f3ta eleny\u00e9sztek, tekintettel a cs\u00f6kken\u0151 keresletre \u00e9s az enyhe t\u00e9lre. E t\u00e9nyez\u0151k enyh\u00edtett\u00e9k a t\u00e1roz\u00f3i f\u00f6ldg\u00e1zk\u00e9szletekre nehezed\u0151 nyom\u00e1st &#8211; \u00e1ll az S&#038;P Global Ratings p\u00e9nteki elemz\u00e9s\u00e9ben.<br \/>\n    A c\u00e9g k\u00f6z\u00f6lte: azzal sz\u00e1mol, hogy a magyar gazdas\u00e1g az id\u00e9n sz\u0171ken, de elker\u00fcli a visszaes\u00e9st. Az S&#038;P Global Ratings v\u00e1rakoz\u00e1sa szerint a magyar GDP-\u00e9rt\u00e9k az id\u00e9n 0,3 sz\u00e1zal\u00e9kkal n\u00f6vekszik re\u00e1l\u00e9rt\u00e9ken, k\u00f6sz\u00f6nhet\u0151en els\u0151sorban a nett\u00f3 export pozit\u00edv hozz\u00e1j\u00e1rul\u00e1s\u00e1nak.<br \/>\n    Ha a lefel\u00e9 hat\u00f3 kock\u00e1zatok nem materializ\u00e1l\u00f3dnak, a magyar gazdas\u00e1g \u00e9ves n\u00f6veked\u00e9si \u00fcteme a k\u00f6vetkez\u0151 \u00e9vekben 3 sz\u00e1zal\u00e9k k\u00f6zel\u00e9be gyorsulhat &#8211; \u00e1ll a hitelmin\u0151s\u00edt\u0151 elemz\u00e9s\u00e9ben.<br \/>\n    A c\u00e9g az idei \u00e9v m\u00e1sodik fel\u00e9re az infl\u00e1ci\u00f3 \u00e9rdemi cs\u00f6kken\u00e9s\u00e9t v\u00e1rja, de sz\u00e1m\u00edt\u00e1sai szerint az \u00e1tlagos infl\u00e1ci\u00f3 2023 eg\u00e9sz\u00e9re sz\u00e1molva m\u00e9g el\u00e9ri a 18,5 sz\u00e1zal\u00e9kot.<br \/>\n    A hitelmin\u0151s\u00edt\u0151 szerint az \u00e9ves \u00f6sszevet\u00e9s\u0171 infl\u00e1ci\u00f3s \u00fctem 2024 v\u00e9g\u00e9re t\u00e9r vissza a Magyar Nemzeti Bank 2-4 sz\u00e1zal\u00e9kos t\u0171r\u00e9si s\u00e1vj\u00e1ba.<br \/>\n    Az S&#038;P Global Ratings idei fel\u00fclvizsg\u00e1lati menetrendj\u00e9ben Magyarorsz\u00e1g a p\u00e9nteki oszt\u00e1lyzati elb\u00edr\u00e1l\u00e1s ut\u00e1n j\u00falius 7-\u00e9n, majd december 8-\u00e1n szerepel ism\u00e9t.<br \/>\n    A Fitch Ratings &#8211; amely a m\u00falt h\u00e9ten negat\u00edvra m\u00f3dos\u00edtotta a magyar ad\u00f3soszt\u00e1lyzat kil\u00e1t\u00e1s\u00e1t &#8211; legk\u00f6zelebb j\u00fanius 23-ra, ut\u00e1na december 15-re jel\u00f6lte ki a magyar szuver\u00e9n oszt\u00e1lyzatok idei vizsg\u00e1lati id\u0151pontjait.<br \/>\n    A Moody&#8217;s 2023-ra sz\u00f3l\u00f3 fel\u00fclvizsg\u00e1lati menetrendj\u00e9ben Magyarorsz\u00e1g  el\u0151sz\u00f6r m\u00e1rcius 3-\u00e1n, majd szeptember 1-\u00e9n ker\u00fcl sorra.<br \/>\n    A h\u00e1rom c\u00e9g mindegyike 2016 \u00f3ta a befektet\u00e9sre aj\u00e1nlott oszt\u00e1lyzati s\u00e1vban tartja nyilv\u00e1n Magyarorsz\u00e1got.<br \/>\n    A Fitch \u00e9s a Moody&#8217;s magyar \u00e1llamad\u00f3s-besorol\u00e1sa &#8222;BBB&#8221;, illetve ugyanennek megfelel\u0151 &#8222;Baa2&#8221;, \u00e9s mindk\u00e9t oszt\u00e1lyzat egy fokozattal jobb, mint az S&#038;P Global Ratings \u00e1ltal p\u00e9nteken meg\u00e1llap\u00edtott \u00faj besorol\u00e1s.(MTI)<\/p>\n","protected":false},"excerpt":{"rendered":"<p>Egy fokozattal, az eddigi &#8222;BBB\/A-2&#8221;-r\u0151l a tov\u00e1bbra is befektet\u00e9si aj\u00e1nl\u00e1s\u00fa &#8222;BBB m\u00ednusz\/A-3&#8221;-ra lefel\u00e9 m\u00f3dos\u00edtotta a deviz\u00e1ban \u00e9s a helyi valut\u00e1ban fenn\u00e1ll\u00f3 hossz\u00fa \u00e9s r\u00f6vid futamidej\u0171 magyar \u00e1llamad\u00f3s-k\u00f6telezetts\u00e9gek besorol\u00e1s\u00e1t p\u00e9nteken az S&#038;P Global Ratings nemzetk\u00f6zi hitelmin\u0151s\u00edt\u0151. A magyar oszt\u00e1lyzatot a m\u00e1sik k\u00e9t glob\u00e1lis hitelmin\u0151s\u00edt\u0151, a Fitch Ratings \u00e9s a Moody&#8217;s Investors Service is befektet\u00e9si kateg\u00f3ri\u00e1ban, az &#8230;<\/p>\n","protected":false},"author":1001006,"featured_media":0,"comment_status":"open","ping_status":"open","sticky":false,"template":"","format":"standard","meta":[],"categories":[19],"tags":[],"_links":{"self":[{"href":"https:\/\/gazdasagportal.hu\/index.php\/wp-json\/wp\/v2\/posts\/142883"}],"collection":[{"href":"https:\/\/gazdasagportal.hu\/index.php\/wp-json\/wp\/v2\/posts"}],"about":[{"href":"https:\/\/gazdasagportal.hu\/index.php\/wp-json\/wp\/v2\/types\/post"}],"author":[{"embeddable":true,"href":"https:\/\/gazdasagportal.hu\/index.php\/wp-json\/wp\/v2\/users\/1001006"}],"replies":[{"embeddable":true,"href":"https:\/\/gazdasagportal.hu\/index.php\/wp-json\/wp\/v2\/comments?post=142883"}],"version-history":[{"count":1,"href":"https:\/\/gazdasagportal.hu\/index.php\/wp-json\/wp\/v2\/posts\/142883\/revisions"}],"predecessor-version":[{"id":142884,"href":"https:\/\/gazdasagportal.hu\/index.php\/wp-json\/wp\/v2\/posts\/142883\/revisions\/142884"}],"wp:attachment":[{"href":"https:\/\/gazdasagportal.hu\/index.php\/wp-json\/wp\/v2\/media?parent=142883"}],"wp:term":[{"taxonomy":"category","embeddable":true,"href":"https:\/\/gazdasagportal.hu\/index.php\/wp-json\/wp\/v2\/categories?post=142883"},{"taxonomy":"post_tag","embeddable":true,"href":"https:\/\/gazdasagportal.hu\/index.php\/wp-json\/wp\/v2\/tags?post=142883"}],"curies":[{"name":"wp","href":"https:\/\/api.w.org\/{rel}","templated":true}]}}