{"id":142881,"date":"2023-01-27T21:14:47","date_gmt":"2023-01-27T20:14:47","guid":{"rendered":"https:\/\/gazdasagportal.hu\/?p=142881"},"modified":"2023-01-27T21:14:47","modified_gmt":"2023-01-27T20:14:47","slug":"gyengult-penteken-a-forint-4","status":"publish","type":"post","link":"https:\/\/gazdasagportal.hu\/index.php\/gyengult-penteken-a-forint-4\/","title":{"rendered":"Gyeng\u00fclt p\u00e9nteken a forint"},"content":{"rendered":"<p><strong>P\u00e9nteken gyeng\u00fclt a forint a f\u0151bb deviz\u00e1kkal szemben a bankk\u00f6zi piacon, a hetet pedig er\u0151s\u00f6d\u00e9ssel fejezte be.<\/strong><!--more--><\/p>\n<div class=\"ads-in-post2\"><script async src=\"https:\/\/pagead2.googlesyndication.com\/pagead\/js\/adsbygoogle.js\"><\/script>\r\n<ins class=\"adsbygoogle\"\r\n     style=\"display:block\"\r\n     data-ad-format=\"fluid\"\r\n     data-ad-layout-key=\"-6t+ed+2i-1n-4w\"\r\n     data-ad-client=\"ca-pub-1959107119989764\"\r\n     data-ad-slot=\"4008251320\"><\/ins>\r\n<script>\r\n     (adsbygoogle = window.adsbygoogle || []).push({});\r\n<\/script><\/div>\n<p>    Az eur\u00f3t este f\u00e9l h\u00e9tkor 389,35 forinton jegyezt\u00e9k a kora reggeli 388,53 forint ut\u00e1n, a doll\u00e1r jegyz\u00e9se 358,51 forintra ment fel 357,37 forintr\u00f3l, a sv\u00e1jci frank\u00e9 pedig 388,94 forintra 387,63-r\u00f3l. A forint 0,2-0,3 sz\u00e1zal\u00e9kkal gyeng\u00fclt p\u00e9nteken a f\u0151bb deviz\u00e1kkal szemben.<br \/>\n    A hetet a forint 0,8-0,9 sz\u00e1zal\u00e9kos er\u0151s\u00f6d\u00e9ssel fejezte be a h\u00e1rom deviz\u00e1val szemben. P\u00e9ntek esti \u00e1rfolyam\u00e1n a forint 2,6 sz\u00e1zal\u00e9kkal \u00e1ll er\u0151sebben az eur\u00f3hoz k\u00e9pest az \u00e9v eleji kezd\u00e9shez viszony\u00edtva, m\u00edg a doll\u00e1r ellen\u00e9ben 3,9 sz\u00e1zal\u00e9kos, a sv\u00e1jci frankkal szemben pedig 3,7 sz\u00e1zal\u00e9kos nyeres\u00e9gre tett szert.(MTI)<\/p>\n","protected":false},"excerpt":{"rendered":"<p>P\u00e9nteken gyeng\u00fclt a forint a f\u0151bb deviz\u00e1kkal szemben a bankk\u00f6zi piacon, a hetet pedig er\u0151s\u00f6d\u00e9ssel fejezte be.<\/p>\n","protected":false},"author":1001006,"featured_media":0,"comment_status":"open","ping_status":"open","sticky":false,"template":"","format":"standard","meta":[],"categories":[10,19],"tags":[],"_links":{"self":[{"href":"https:\/\/gazdasagportal.hu\/index.php\/wp-json\/wp\/v2\/posts\/142881"}],"collection":[{"href":"https:\/\/gazdasagportal.hu\/index.php\/wp-json\/wp\/v2\/posts"}],"about":[{"href":"https:\/\/gazdasagportal.hu\/index.php\/wp-json\/wp\/v2\/types\/post"}],"author":[{"embeddable":true,"href":"https:\/\/gazdasagportal.hu\/index.php\/wp-json\/wp\/v2\/users\/1001006"}],"replies":[{"embeddable":true,"href":"https:\/\/gazdasagportal.hu\/index.php\/wp-json\/wp\/v2\/comments?post=142881"}],"version-history":[{"count":1,"href":"https:\/\/gazdasagportal.hu\/index.php\/wp-json\/wp\/v2\/posts\/142881\/revisions"}],"predecessor-version":[{"id":142882,"href":"https:\/\/gazdasagportal.hu\/index.php\/wp-json\/wp\/v2\/posts\/142881\/revisions\/142882"}],"wp:attachment":[{"href":"https:\/\/gazdasagportal.hu\/index.php\/wp-json\/wp\/v2\/media?parent=142881"}],"wp:term":[{"taxonomy":"category","embeddable":true,"href":"https:\/\/gazdasagportal.hu\/index.php\/wp-json\/wp\/v2\/categories?post=142881"},{"taxonomy":"post_tag","embeddable":true,"href":"https:\/\/gazdasagportal.hu\/index.php\/wp-json\/wp\/v2\/tags?post=142881"}],"curies":[{"name":"wp","href":"https:\/\/api.w.org\/{rel}","templated":true}]}}