{"id":142879,"date":"2023-01-27T16:27:19","date_gmt":"2023-01-27T15:27:19","guid":{"rendered":"https:\/\/gazdasagportal.hu\/?p=142879"},"modified":"2023-01-27T16:27:19","modified_gmt":"2023-01-27T15:27:19","slug":"makronom-intezet-elerheti-az-1-szazalekot-az-idei-gdp-novekedes","status":"publish","type":"post","link":"https:\/\/gazdasagportal.hu\/index.php\/makronom-intezet-elerheti-az-1-szazalekot-az-idei-gdp-novekedes\/","title":{"rendered":"Makron\u00f3m Int\u00e9zet: el\u00e9rheti az 1 sz\u00e1zal\u00e9kot az idei GDP-n\u00f6veked\u00e9s"},"content":{"rendered":"<p><strong>Pozit\u00edv, ak\u00e1r egy sz\u00e1zal\u00e9kos idei GDP-n\u00f6veked\u00e9st v\u00e1rnak a Makron\u00f3m Int\u00e9zet szak\u00e9rt\u0151i, akik szerint a korm\u00e1nyzati el\u0151rejelz\u00e9sben szerepl\u0151 1,5 sz\u00e1zal\u00e9kos emelked\u00e9s sem lehetetlen &#8211; k\u00f6z\u00f6lt\u00e9k \u00e9vind\u00edt\u00f3 h\u00e1tt\u00e9rbesz\u00e9lget\u00e9sen p\u00e9nteken Budapesten.<\/strong><!--more--><\/p>\n<div class=\"ads-in-post2\"><script async src=\"https:\/\/pagead2.googlesyndication.com\/pagead\/js\/adsbygoogle.js\"><\/script>\r\n<ins class=\"adsbygoogle\"\r\n     style=\"display:block\"\r\n     data-ad-format=\"fluid\"\r\n     data-ad-layout-key=\"-6t+ed+2i-1n-4w\"\r\n     data-ad-client=\"ca-pub-1959107119989764\"\r\n     data-ad-slot=\"4008251320\"><\/ins>\r\n<script>\r\n     (adsbygoogle = window.adsbygoogle || []).push({});\r\n<\/script><\/div>\n<p>    Reg\u0151s G\u00e1bor, a Makron\u00f3m Int\u00e9zet makroelemz\u00e9si vezet\u0151je a 2023-ra v\u00e1rhat\u00f3 gazdas\u00e1gi kil\u00e1t\u00e1sokr\u00f3l elmondta: nem sz\u00e1m\u00edtanak recesszi\u00f3ra, a n\u00f6veked\u00e9s pozit\u00edv lesz. Becsl\u00e9seik szerint 2022-ben 4,7 sz\u00e1zal\u00e9kos lehetett a GDP n\u00f6veked\u00e9se. Az ipar h\u00fazhatja a n\u00f6veked\u00e9st, az \u00e9p\u00edt\u0151ipar teljes\u00edtm\u00e9nye magas szinten stagn\u00e1lhat, a rendel\u00e9s\u00e1llom\u00e1nya stabil. A fogyaszt\u00e1s \u00e9v v\u00e9g\u00e9re kezdhet emelkedni, a munkaer\u0151piacon az energiav\u00e1ls\u00e1g ellen\u00e9re sem v\u00e1rhat\u00f3 jelent\u0151s v\u00e1ltoz\u00e1s.<br \/>\n     A monet\u00e1ris politik\u00e1r\u00f3l Reg\u0151s G\u00e1bor azt mondta: a monet\u00e1ris kond\u00edci\u00f3k laz\u00edt\u00e1sa az els\u0151 negyed\u00e9vben nem v\u00e1rhat\u00f3, az majd az infl\u00e1ci\u00f3 \u00e9rdemi lassul\u00e1sa eset\u00e9n a m\u00e1sodik negyed\u00e9ves Infl\u00e1ci\u00f3s jelent\u00e9s j\u00faniusi megjelen\u00e9s\u00e9vel p\u00e1rhuzamosan t\u00f6rt\u00e9nhet meg legkor\u00e1bban. Akkor is el\u0151sz\u00f6r az egynapos bet\u00e9ti kamat m\u00e9rs\u00e9kl\u00e9se kezd\u0151dik meg, \u00e9s csak ut\u00e1na lehet sz\u00e1m\u00edtani az alapkamat cs\u00f6kkent\u00e9s\u00e9re. \u00c9v v\u00e9g\u00e9re az infl\u00e1ci\u00f3 jelent\u0151sen cs\u00f6kkenhet.<br \/>\n    Gy\u00f6rgy L\u00e1szl\u00f3, a gazdas\u00e1gstrat\u00e9giai feladatokban val\u00f3 szakmai k\u00f6zrem\u0171k\u00f6d\u00e9s\u00e9rt \u00e9s a Tan\u00edtsunk Magyarorsz\u00e1g\u00e9rt program koordin\u00e1ci\u00f3j\u00e1nak ell\u00e1t\u00e1s\u00e1\u00e9rt felel\u0151s korm\u00e1nybiztos elmondta: a Makron\u00f3m Int\u00e9zet patri\u00f3ta, \u00e9s pragmatikus megk\u00f6zel\u00edt\u00e9sb\u0151l gazdas\u00e1gi kutat\u00e1sokat v\u00e9gz\u0151 int\u00e9zet, a tev\u00e9kenys\u00e9g\u00e9t a Gazdas\u00e1gfejleszt\u00e9si Miniszt\u00e9riummal egy\u00fcttm\u0171k\u00f6d\u00e9sben folytatja. Negyed\u00e9vente terveznek kiadni makrogazdas\u00e1gi elemz\u00e9seket, emellett havi gazdas\u00e1gpolitikai monitort is k\u00e9sz\u00edtenek majd az adott h\u00f3napban v\u00e1rhat\u00f3 esem\u00e9nyek alakul\u00e1s\u00e1r\u00f3l.<br \/>\n    A korm\u00e1nybiztos fontosnak nevezte, hogy a hitelez\u00e9si aktivit\u00e1s ne m\u00e9rs\u00e9kl\u0151dj\u00e9k, ezt t\u00e1mogatj\u00e1k id\u00e9n is a Sz\u00e9chenyi-K\u00e1rtya kedvezm\u00e9nyes kkv-hiteleivel, vagy a 700 milli\u00e1rd forintos keret\u00f6sszeggel febru\u00e1rban indul\u00f3 Baross G\u00e1bor \u00fajraiparos\u00edt\u00e1si programmal. A hitelterm\u00e9keket beruh\u00e1z\u00e1si c\u00e9lokra, energiahat\u00e9konys\u00e1gi fejleszt\u00e9sekre, valamint forg\u00f3eszk\u00f6z-finansz\u00edroz\u00e1sra, forintban maximum 6, eur\u00f3ban 3,5 sz\u00e1zal\u00e9kos fix kamatoz\u00e1ssal ig\u00e9nyelhetik a c\u00e9gek 2023 v\u00e9g\u00e9ig. A program c\u00e9lja, hogy a magas kamatk\u00f6rnyezet \u00e9s szigorod\u00f3 banki hitelkond\u00edci\u00f3k mellett is biztos\u00edtott legyen a hazai v\u00e1llalkoz\u00e1sok finansz\u00edroz\u00e1sa.<br \/>\n    Kit\u00e9rt arra, hogy az infl\u00e1ci\u00f3 rekord szintre emelked\u00e9s\u00e9\u00e9rt els\u0151dlegesen, nagyj\u00e1b\u00f3l egyharmadr\u00e9szben a j\u00e1rv\u00e1ny ut\u00e1ni \u00fajraindul\u00e1s \u00e1rn\u00f6vel\u0151 hat\u00e1sai, emellett az energia\u00e1rak drasztikus emelked\u00e9se felel\u0151sek. Kisebb r\u00e9szben a h\u00e1bor\u00fa k\u00f6zels\u00e9ge, a Magyarorsz\u00e1got k\u00fcl\u00f6n\u00f6sen s\u00fajt\u00f3 asz\u00e1ly, a forint \u00e1rfolyam\u00e1nak gyeng\u00fcl\u00e9se \u00e9s a piaci szerepl\u0151k agressz\u00edv \u00e1raz\u00e1sai v\u00e1ltott\u00e1k ki. Ez ut\u00f3bbi miatt a Gazdas\u00e1gi Versenyhivatal (GVH) is vizsg\u00e1l\u00f3dik sz\u00e1mos \u00e9lelmiszeripari term\u00e9ket \u00e9rint\u0151en, v\u00e1rj\u00e1k a vizsg\u00e1lat eredm\u00e9ny\u00e9t &#8211; k\u00f6z\u00f6lte. A csal\u00e1dokat v\u00e9d\u0151 korm\u00e1nyzati int\u00e9zked\u00e9sek is hozz\u00e1j\u00e1rultak kisebb r\u00e9szben az infl\u00e1ci\u00f3hoz, a rezsics\u00f6kkent\u00e9ssel egy\u00fctt a korm\u00e1nyzati int\u00e9zked\u00e9sek \u00e9rt\u00e9ke el\u00e9ri a k\u00f6lts\u00e9gvet\u00e9si kiad\u00e1sok egy\u00f6t\u00f6d\u00e9nek \u00f6sszeg\u00e9t.<br \/>\n    Gy\u00f6rgy L\u00e1szl\u00f3 k\u00f6z\u00f6lte: az idei \u00e9ves infl\u00e1ci\u00f3 17,5 sz\u00e1zal\u00e9k k\u00f6r\u00fcl alakulhat, \u00e9v v\u00e9g\u00e9re egysz\u00e1mjegy\u0171 lehet. A glob\u00e1lis ell\u00e1t\u00e1si l\u00e1ncokat \u00e9rint\u0151 nyom\u00e1s enyh\u00fcl, a f\u00f6ldg\u00e1z t\u0151zsdei \u00e1ra \u00e9v elej\u00e9n a 2021-es \u00e1tlag\u00e1r alatt ingadozik, ezek bizakod\u00e1sra adnak okot &#8211; ismertette. A forint \u00e1rfolyama az uni\u00f3s forr\u00e1sokr\u00f3l val\u00f3 els\u0151 k\u00f6r\u00f6s meg\u00e1llapod\u00e1s \u00f3ta stabiliz\u00e1l\u00f3dni l\u00e1tszik. Az el\u0151rejelz\u00e9s\u00fck szerint a 2022-es \u00e9s 2023-as \u00e9veket egy\u00fctt vizsg\u00e1lva a re\u00e1lb\u00e9rek \u00f6sszess\u00e9g\u00e9ben meg\u0151rzik a v\u00e1s\u00e1rl\u00f3\u00e9rt\u00e9k\u00fcket. Becsl\u00e9seik szerint febru\u00e1r-\u00e1prilis k\u00f6z\u00f6tt k\u00f6vetkezhet be az \u00e9lelemiszer\u00e1rakban fordulat.(MTI)<\/p>\n","protected":false},"excerpt":{"rendered":"<p>Pozit\u00edv, ak\u00e1r egy sz\u00e1zal\u00e9kos idei GDP-n\u00f6veked\u00e9st v\u00e1rnak a Makron\u00f3m Int\u00e9zet szak\u00e9rt\u0151i, akik szerint a korm\u00e1nyzati el\u0151rejelz\u00e9sben szerepl\u0151 1,5 sz\u00e1zal\u00e9kos emelked\u00e9s sem lehetetlen &#8211; k\u00f6z\u00f6lt\u00e9k \u00e9vind\u00edt\u00f3 h\u00e1tt\u00e9rbesz\u00e9lget\u00e9sen p\u00e9nteken Budapesten.<\/p>\n","protected":false},"author":1001006,"featured_media":0,"comment_status":"open","ping_status":"open","sticky":false,"template":"","format":"standard","meta":[],"categories":[19],"tags":[],"_links":{"self":[{"href":"https:\/\/gazdasagportal.hu\/index.php\/wp-json\/wp\/v2\/posts\/142879"}],"collection":[{"href":"https:\/\/gazdasagportal.hu\/index.php\/wp-json\/wp\/v2\/posts"}],"about":[{"href":"https:\/\/gazdasagportal.hu\/index.php\/wp-json\/wp\/v2\/types\/post"}],"author":[{"embeddable":true,"href":"https:\/\/gazdasagportal.hu\/index.php\/wp-json\/wp\/v2\/users\/1001006"}],"replies":[{"embeddable":true,"href":"https:\/\/gazdasagportal.hu\/index.php\/wp-json\/wp\/v2\/comments?post=142879"}],"version-history":[{"count":1,"href":"https:\/\/gazdasagportal.hu\/index.php\/wp-json\/wp\/v2\/posts\/142879\/revisions"}],"predecessor-version":[{"id":142880,"href":"https:\/\/gazdasagportal.hu\/index.php\/wp-json\/wp\/v2\/posts\/142879\/revisions\/142880"}],"wp:attachment":[{"href":"https:\/\/gazdasagportal.hu\/index.php\/wp-json\/wp\/v2\/media?parent=142879"}],"wp:term":[{"taxonomy":"category","embeddable":true,"href":"https:\/\/gazdasagportal.hu\/index.php\/wp-json\/wp\/v2\/categories?post=142879"},{"taxonomy":"post_tag","embeddable":true,"href":"https:\/\/gazdasagportal.hu\/index.php\/wp-json\/wp\/v2\/tags?post=142879"}],"curies":[{"name":"wp","href":"https:\/\/api.w.org\/{rel}","templated":true}]}}