{"id":142873,"date":"2023-01-27T11:28:04","date_gmt":"2023-01-27T10:28:04","guid":{"rendered":"https:\/\/gazdasagportal.hu\/?p=142873"},"modified":"2023-01-27T11:28:04","modified_gmt":"2023-01-27T10:28:04","slug":"bankmonitor-forduloponthoz-erkezett-a-nyugdijasok-anyagi-helyzete","status":"publish","type":"post","link":"https:\/\/gazdasagportal.hu\/index.php\/bankmonitor-forduloponthoz-erkezett-a-nyugdijasok-anyagi-helyzete\/","title":{"rendered":"Bankmonitor: fordul\u00f3ponthoz \u00e9rkezett a nyugd\u00edjasok anyagi helyzete!"},"content":{"rendered":"<p><strong>Fordulatot hozott a 2022-es \u00e9v az id\u0151sek anyagi helyzet\u00e9ben: hossz\u00fa id\u0151 ut\u00e1n most el\u0151sz\u00f6r k\u00f6zeledhetett az id\u0151sek \u00e9s az akt\u00edv kor\u00faak \u00e1tlagos j\u00f6vedelmi szintje. A <\/strong><a href=\"https:\/\/bankmonitor.hu\/\" target=\"_blank\" rel=\"noopener\"><strong>Bankmonitor<\/strong><\/a><strong> becsl\u00e9se szerint tavaly 51%-ra emelkedett az \u00e1tlagos ell\u00e1t\u00e1s \u00e9s a nett\u00f3 \u00e1tlagkereset ar\u00e1nya.<\/strong><!--more--><\/p>\n<div class=\"ads-in-post2\"><script async src=\"https:\/\/pagead2.googlesyndication.com\/pagead\/js\/adsbygoogle.js\"><\/script>\r\n<ins class=\"adsbygoogle\"\r\n     style=\"display:block\"\r\n     data-ad-format=\"fluid\"\r\n     data-ad-layout-key=\"-6t+ed+2i-1n-4w\"\r\n     data-ad-client=\"ca-pub-1959107119989764\"\r\n     data-ad-slot=\"4008251320\"><\/ins>\r\n<script>\r\n     (adsbygoogle = window.adsbygoogle || []).push({});\r\n<\/script><\/div>\n<p>Minden \u00e9vben nagy \u00e9rdekl\u0151d\u00e9s \u00f6vezi annak a mutat\u00f3sz\u00e1mnak a megjelen\u00e9s\u00e9t, amely a nyugd\u00edjasok anyagi helyzet\u00e9t a nett\u00f3 \u00e1tlagb\u00e9r viszonylat\u00e1ban szeml\u00e9lteti. Ugyan a hivatalos statisztik\u00e1kra m\u00e9g h\u00f3napokig kell v\u00e1rnunk, de a rendelkez\u00e9sre \u00e1ll\u00f3 adatok alapj\u00e1n a <a href=\"https:\/\/bankmonitor.hu\/\" target=\"_blank\" rel=\"noopener\">Bankmonitor<\/a> m\u00e1r elk\u00e9sz\u00edtette a 2022-es \u00e9vre vonatkoz\u00f3 becsl\u00e9s\u00e9t: sz\u00e1m\u00edt\u00e1saik szerint megszakadt a 2014 \u00f3ta tart\u00f3 lejtmenet, \u00e9s v\u00e9get \u00e9rhetett az id\u0151sek anyagi leszakad\u00e1sa.<\/p>\n<p><strong>Hogyan v\u00e1ltozott az id\u0151sek helyzete 2022-ben?<\/strong><\/p><div id=\"gazda-3970766621\" class=\"gazda-tartalomban gazda-entity-placement\"><script async src=\"https:\/\/pagead2.googlesyndication.com\/pagead\/js\/adsbygoogle.js\"><\/script>\r\n<ins class=\"adsbygoogle\"\r\n     style=\"display:block\"\r\n     data-ad-format=\"fluid\"\r\n     data-ad-layout-key=\"-6t+ed+2i-1n-4w\"\r\n     data-ad-client=\"ca-pub-1959107119989764\"\r\n     data-ad-slot=\"4008251320\"><\/ins>\r\n<script>\r\n     (adsbygoogle = window.adsbygoogle || []).push({});\r\n<\/script><\/div>\n<p>A rekordmagas infl\u00e1ci\u00f3val \u00f6sszef\u00fcgg\u00e9sben tavaly kiugr\u00f3an magas nyugd\u00edjemel\u00e9sekre ker\u00fclt sor: egy \u00e9v alatt t\u00f6bb r\u00e9szletben \u00f6sszesen 14%-kal emelkedtek a nyugd\u00edjak \u00e9s egy\u00e9b ell\u00e1t\u00e1sok. Igaz, hogy \u2013 a m\u00e1r megszokottnak mondhat\u00f3 m\u00f3don \u2013 az id\u0151sek tavaly is sok\u00e1ig \u201ehitelezni\u201d k\u00e9nyszer\u00fcltek az \u00e1llamot: a sokkal magasabb infl\u00e1ci\u00f3s nyom\u00e1s ellen\u00e9re janu\u00e1rban mind\u00f6ssze 5% emel\u00e9st kaptak, majd ezt k\u00f6vett\u00e9k a ny\u00e1ri \u00e9s \u0151szi ut\u00f3lagos korrekci\u00f3k.<\/p>\n<p>V\u00e1ratlan fejlem\u00e9ny volt tov\u00e1bb\u00e1 a 13. havi nyugd\u00edj teljes k\u00f6r\u0171 vissza\u00e9p\u00edt\u00e9se. A koronav\u00edrus-j\u00e1rv\u00e1ny kit\u00f6r\u00e9sekor bejelentett, l\u00e9pcs\u0151zetes tervek 2022-re m\u00e9g csak 2 heti plusz juttat\u00e1st helyeztek kil\u00e1t\u00e1sba, de v\u00e9g\u00fcl b\u0151kez\u0171bb volt enn\u00e9l a korm\u00e1ny, \u00e9s teljes eg\u00e9sz\u00e9ben foly\u00f3s\u00edtotta a 13. havi nyugd\u00edjakat.<\/p>\n<p><strong>Mennyi p\u00e9nzt kapott 2022-ben egy nyugd\u00edjas?<\/strong><\/p>\n<p>Az egy ell\u00e1tottra jut\u00f3 \u00e1tlagos ell\u00e1tm\u00e1ny \u00e9rt\u00e9k\u00e9nek meghat\u00e1roz\u00e1s\u00e1hoz a legfrissebb (2021-es) ismert \u00e9rt\u00e9ket \u00e9s a 2022-ben bek\u00f6vetkezett v\u00e1ltoz\u00e1sokat (nyugd\u00edjemel\u00e9sek, 13. havi nyugd\u00edj) vett\u00fck figyelembe. Ezek alapj\u00e1n azt mondhatjuk, hogy tavaly kb. 174 ezer forintra emelkedett az egy ell\u00e1tott \u00e1ltal kapott, 12 h\u00f3napra elosztott \u00e1tlagos juttat\u00e1s, ami 21%-os emelked\u00e9st jelez a 2021-es 144 ezer forinthoz k\u00e9pest. Fontos azonban, hogy az id\u0151sek t\u00f6bbs\u00e9ge az \u00e1tlagosn\u00e1l alacsonyabb \u00f6sszeget kap k\u00e9zhez, s\u0151t, <a href=\"https:\/\/bankmonitor.hu\/cikk\/azonnali-es-brutalis-elszegenyedes-fenyeget-a-nyugdijba-vonulas-utan\/\" target=\"_blank\" rel=\"noopener\">t\u00f6bb sz\u00e1zezren vannak, akiknek a havi 100 ezer forintot sem \u00e9ri el a juttat\u00e1suk.<\/a><br \/>\n<div class=\"ads-in-post2\"><script async src=\"https:\/\/pagead2.googlesyndication.com\/pagead\/js\/adsbygoogle.js\"><\/script>\r\n<ins class=\"adsbygoogle\"\r\n     style=\"display:block\"\r\n     data-ad-format=\"fluid\"\r\n     data-ad-layout-key=\"-6t+ed+2i-1n-4w\"\r\n     data-ad-client=\"ca-pub-1959107119989764\"\r\n     data-ad-slot=\"4008251320\"><\/ins>\r\n<script>\r\n     (adsbygoogle = window.adsbygoogle || []).push({});\r\n<\/script><\/div>\n<p><strong>Mennyi volt tavaly az \u00e1tlagkereset?<\/strong><\/p>\n<p>A 2022-es \u00e1tlagkereset pontos ismeret\u00e9hez az utols\u00f3 h\u00f3nap adata m\u00e9g hi\u00e1nyzik, de a kor\u00e1bbi \u00e9vek trendjei alapj\u00e1n m\u00e1r j\u00f3 k\u00f6zel\u00edt\u00e9ssel megbecs\u00fclhetj\u00fck az eg\u00e9sz \u00e9ves v\u00e9geredm\u00e9nyt. A janu\u00e1rt\u00f3l novemberig tart\u00f3 id\u0151szakban havi 339 ezer forintra r\u00fagott a kedvezm\u00e9nyek n\u00e9lk\u00fcl sz\u00e1m\u00edtott nett\u00f3 magyar \u00e1tlagkereset, amely a Bankmonitor sz\u00e1m\u00edt\u00e1sai szerint 342 ezer forintos eg\u00e9sz \u00e9ves szintre fog emelkedni. Ez a 2021-es \u00e9rt\u00e9khez (291\u00a0800 Ft) k\u00e9pest kb. 17-18%-os n\u00f6veked\u00e9st val\u00f3sz\u00edn\u0171s\u00edt, azaz meghaladja a 14,5%-os hivatalos infl\u00e1ci\u00f3t \u2013 eszerint tavaly az akt\u00edvak egy r\u00e9sze j\u00f3l tudta \u00e9rv\u00e9nyes\u00edteni az \u00e9rdekeit, \u00e9s <a href=\"https:\/\/www.ksh.hu\/docs\/hun\/xftp\/gyor\/ker\/ker2211.html\" target=\"_blank\" rel=\"noopener\">re\u00e1lb\u00e9rn\u00f6veked\u00e9st \u00e9rt el.<\/a><\/p>\n<p>Ezek alapj\u00e1n m\u00e1r meghat\u00e1rozhatjuk az egy nyugd\u00edjasra jut\u00f3 \u00e1tlagos ell\u00e1t\u00e1s \u00e9s a nett\u00f3 \u00e1tlagkereset h\u00e1nyados\u00e1t: 2022-ben feltehet\u0151en 51%-os \u00e9rt\u00e9kre emelkedett ez az ar\u00e1ny, szemben a megel\u0151z\u0151 \u00e9v 49,2%-os \u00e9rt\u00e9k\u00e9vel. A javul\u00e1s h\u00e1tter\u00e9ben az \u00e1ll, hogy a rendk\u00edv\u00fcl magas nyugd\u00edjemel\u00e9sek \u00e9s a 13. havi nyugd\u00edj teljes k\u00f6r\u0171 vissza\u00e9p\u00edt\u00e9se \u00f6sszess\u00e9g\u00e9ben nagyobb n\u00f6veked\u00e9st eredm\u00e9nyezett az ell\u00e1t\u00e1sok szintj\u00e9n, mint amekkor\u00e1t a munkav\u00e1llal\u00f3k ki tudtak harcolni maguknak.<\/p>\n<p>Megszakadt teh\u00e1t a r\u00e9g\u00f3ta tart\u00f3 trend, \u00e9s 2013 \u00f3ta el\u0151sz\u00f6r k\u00f6zeledett az id\u0151sek \u00e9s az akt\u00edv kor\u00faak j\u00f6vedelme. A kor\u00e1bbi \u00e9vek zuhan\u00e1s\u00e1nak kompenz\u00e1l\u00e1s\u00e1ra azonban nem l\u00e1tszik re\u00e1lis es\u00e9ly: 2013-ban m\u00e9g 68%-os \u00e9rt\u00e9ket vett fel a mutat\u00f3, majd a k\u00f6vetkez\u0151 \u00e9vekben eg\u00e9szen 49%-ig zuhant. A drasztikus t\u00e1volod\u00e1s els\u0151sorban a sv\u00e1jci index\u00e1l\u00e1s elt\u00f6rl\u00e9s\u00e9nek k\u00f6vetkezm\u00e9nye volt: mik\u00f6zben a b\u00e9rek \u00e9vr\u0151l \u00e9vre k\u00e9tsz\u00e1mjegy\u0171 vagy ahhoz k\u00f6zeli emelked\u00e9st produk\u00e1ltak, addig a nyugd\u00edjemel\u00e9sek csak az infl\u00e1ci\u00f3t k\u00f6vett\u00e9k.<\/p>\n<p><strong>Az \u00e1llami nyugd\u00edj egyre kev\u00e9sb\u00e9 t\u00f6lti be a funkci\u00f3j\u00e1t<\/strong><\/p>\n<p>\u00d6nmag\u00e1ban j\u00f3 h\u00edrnek tekinthet\u0151, hogy cs\u00f6kkentek a j\u00f6vedelmi k\u00fcl\u00f6nbs\u00e9gek az id\u0151sek \u00e9s az akt\u00edvak k\u00f6z\u00f6tt. De l\u00e1thattuk, hogy m\u00e9g a kiemelked\u0151en magas emel\u00e9seket \u00e9s plusz juttat\u00e1sokat k\u00f6vet\u0151en is alig havi 174 ezer forintra tehet\u0151 a nyugd\u00edjban \u00e9s egy\u00e9b j\u00e1rad\u00e9kokban r\u00e9szes\u00fcl\u0151k \u00e1tlagos juttat\u00e1sa. (Ha csak az \u00f6regs\u00e9gi nyugd\u00edjakat vessz\u00fck figyelembe, akkor magasabb \u00e9rt\u00e9k ad\u00f3dik: a nem hivatalos korm\u00e1nyzati kommunik\u00e1ci\u00f3 alapj\u00e1n 2023. janu\u00e1rban kb. 208 ezer forintra r\u00fag az \u00e1tlagnyugd\u00edj.)<\/p>\n<p>R\u00e1ad\u00e1sul az \u00e1tlag\u00e9rt\u00e9k csal\u00f3ka: a nyugd\u00edjasok csoportj\u00e1n bel\u00fcl is rohamosan n\u0151nek az egyenl\u0151tlens\u00e9gek, t\u00f6bbek k\u00f6z\u00f6tt amiatt, mert az \u00fajonnan meg\u00e1llap\u00edtott nyugd\u00edjak l\u00e9nyegesen magasabbak a r\u00e9gebbiekn\u00e9l. A nyugd\u00edjba vonul\u00e1st k\u00f6vet\u0151en pedig azonnal elindul az anyagi leszakad\u00e1s a t\u00e1rsadalom t\u00f6bbi tagj\u00e1hoz k\u00e9pest, hiszen a b\u00e9rek \u00e1ltal\u00e1ban gyorsabban emelkednek, mint amekkora emel\u00e9st a norm\u00e1l infl\u00e1ci\u00f3 eredm\u00e9nyez az id\u0151sek j\u00f6vedelm\u00e9ben.<\/p>\n<p><strong>M\u00e1s j\u00f6vedelemforr\u00e1sokra is sz\u00fcks\u00e9g van id\u0151s korban<\/strong><\/p>\n<p>A fent bemutatott folyamatok k\u00f6vetkezt\u00e9ben magyarok sz\u00e1zezreit fenyegeti az id\u0151skori elszeg\u00e9nyed\u00e9s vesz\u00e9lye. Az \u00e1llami nyugd\u00edj egyre kev\u00e9sb\u00e9 k\u00e9pes tisztes meg\u00e9lhet\u00e9st biztos\u00edtani az id\u0151sek sz\u00e1m\u00e1ra, a t\u00e1rsadalom el\u00f6reged\u00e9se miatt pedig el\u0151bb-ut\u00f3bb a nyugd\u00edjkorhat\u00e1remel\u00e9s gondolata is ism\u00e9t ter\u00edt\u00e9kre ker\u00fclhet.<\/p>\n<p>Ezekkel a kock\u00e1zatokkal szemben nagyfok\u00fa v\u00e9detts\u00e9get jelenthet, ha id\u0151s kor\u00e1ban m\u00e1s bev\u00e9teli forr\u00e1sokra \u2013 p\u00e9ld\u00e1ul sz\u00e1mottev\u0151 saj\u00e1t megtakar\u00edt\u00e1saira \u2013 is tud t\u00e1maszkodni valaki. A ma akt\u00edv kor\u00faak sz\u00e1m\u00e1ra a legink\u00e1bb \u00e9szszer\u0171 strat\u00e9gia az, hogy m\u00e9g id\u0151ben gondoskodjanak a nyugd\u00edjba vonul\u00e1s ut\u00e1n felhaszn\u00e1lhat\u00f3 plusz j\u00f6vedelemforr\u00e1saik ki\u00e9p\u00edt\u00e9s\u00e9r\u0151l.<\/p>\n<p>Ennek ellen\u00e9re az akt\u00edv dolgoz\u00f3k nagy t\u00f6bbs\u00e9ge m\u00e9g nem rendelkezik nyugd\u00edjc\u00e9l\u00fa megtakar\u00edt\u00e1ssal: ma Magyarorsz\u00e1gon \u00f6sszesen 1,6 milli\u00f3ra tehet\u0151 a nyugd\u00edjbiztos\u00edt\u00e1ssal, \u00f6nk\u00e9ntes nyugd\u00edjp\u00e9nzt\u00e1ri tags\u00e1ggal vagy nyugd\u00edj-el\u0151takar\u00e9koss\u00e1gi sz\u00e1ml\u00e1val rendelkez\u0151k sz\u00e1ma, mik\u00f6zben a foglalkoztatottak l\u00e9tsz\u00e1ma meghaladja a 4,7 milli\u00f3t.<\/p>\n<p>&nbsp;<\/p>\n","protected":false},"excerpt":{"rendered":"<p>Fordulatot hozott a 2022-es \u00e9v az id\u0151sek anyagi helyzet\u00e9ben: hossz\u00fa id\u0151 ut\u00e1n most el\u0151sz\u00f6r k\u00f6zeledhetett az id\u0151sek \u00e9s az akt\u00edv kor\u00faak \u00e1tlagos j\u00f6vedelmi szintje. A Bankmonitor becsl\u00e9se szerint tavaly 51%-ra emelkedett az \u00e1tlagos ell\u00e1t\u00e1s \u00e9s a nett\u00f3 \u00e1tlagkereset ar\u00e1nya.<\/p>\n","protected":false},"author":1001006,"featured_media":0,"comment_status":"open","ping_status":"open","sticky":false,"template":"","format":"standard","meta":[],"categories":[19],"tags":[],"_links":{"self":[{"href":"https:\/\/gazdasagportal.hu\/index.php\/wp-json\/wp\/v2\/posts\/142873"}],"collection":[{"href":"https:\/\/gazdasagportal.hu\/index.php\/wp-json\/wp\/v2\/posts"}],"about":[{"href":"https:\/\/gazdasagportal.hu\/index.php\/wp-json\/wp\/v2\/types\/post"}],"author":[{"embeddable":true,"href":"https:\/\/gazdasagportal.hu\/index.php\/wp-json\/wp\/v2\/users\/1001006"}],"replies":[{"embeddable":true,"href":"https:\/\/gazdasagportal.hu\/index.php\/wp-json\/wp\/v2\/comments?post=142873"}],"version-history":[{"count":1,"href":"https:\/\/gazdasagportal.hu\/index.php\/wp-json\/wp\/v2\/posts\/142873\/revisions"}],"predecessor-version":[{"id":142874,"href":"https:\/\/gazdasagportal.hu\/index.php\/wp-json\/wp\/v2\/posts\/142873\/revisions\/142874"}],"wp:attachment":[{"href":"https:\/\/gazdasagportal.hu\/index.php\/wp-json\/wp\/v2\/media?parent=142873"}],"wp:term":[{"taxonomy":"category","embeddable":true,"href":"https:\/\/gazdasagportal.hu\/index.php\/wp-json\/wp\/v2\/categories?post=142873"},{"taxonomy":"post_tag","embeddable":true,"href":"https:\/\/gazdasagportal.hu\/index.php\/wp-json\/wp\/v2\/tags?post=142873"}],"curies":[{"name":"wp","href":"https:\/\/api.w.org\/{rel}","templated":true}]}}