{"id":142753,"date":"2023-01-16T16:22:51","date_gmt":"2023-01-16T15:22:51","guid":{"rendered":"https:\/\/gazdasagportal.hu\/?p=142753"},"modified":"2023-01-16T16:22:51","modified_gmt":"2023-01-16T15:22:51","slug":"ukrajnai-haboru-lengyel-kormanyfo-berlinben-europa-sorsa-is-eldol-ukrajnaban","status":"publish","type":"post","link":"https:\/\/gazdasagportal.hu\/index.php\/ukrajnai-haboru-lengyel-kormanyfo-berlinben-europa-sorsa-is-eldol-ukrajnaban\/","title":{"rendered":"Ukrajnai h\u00e1bor\u00fa &#8211; Lengyel korm\u00e1nyf\u0151 Berlinben: Eur\u00f3pa sorsa is eld\u0151l Ukrajn\u00e1ban"},"content":{"rendered":"<p><strong>Nemcsak Ukrajna, hanem eg\u00e9sz Eur\u00f3pa sorsa is eld\u0151l Oroszorsz\u00e1g Ukrajna elleni h\u00e1bor\u00faj\u00e1ban, ez\u00e9rt a n\u00e9met korm\u00e1nynak minden lehets\u00e9ges m\u00f3don, \u00edgy p\u00e1nc\u00e9lozott sz\u00e1ll\u00edt\u00f3 harcj\u00e1rm\u0171vekkel is t\u00e1mogatnia kell a szabads\u00e1g\u00e9rt k\u00fczd\u0151 orsz\u00e1got &#8211; jelentette ki a lengyel korm\u00e1nyf\u0151 h\u00e9tf\u0151n Berlinben.<\/strong><!--more--><\/p>\n<div class=\"ads-in-post2\"><script async src=\"https:\/\/pagead2.googlesyndication.com\/pagead\/js\/adsbygoogle.js\"><\/script>\r\n<ins class=\"adsbygoogle\"\r\n     style=\"display:block\"\r\n     data-ad-format=\"fluid\"\r\n     data-ad-layout-key=\"-6t+ed+2i-1n-4w\"\r\n     data-ad-client=\"ca-pub-1959107119989764\"\r\n     data-ad-slot=\"4008251320\"><\/ins>\r\n<script>\r\n     (adsbygoogle = window.adsbygoogle || []).push({});\r\n<\/script><\/div>\n<p>    Mateusz Morawiecki az egyik legtekint\u00e9lyesebb n\u00e9met politikus, Wolfgang Sch\u00e4uble parlamenti k\u00e9pvisel\u0151i munk\u00e1ss\u00e1ga kezdet\u00e9nek 50. \u00e9vfordul\u00f3j\u00e1ra rendezett \u00fcnneps\u00e9g f\u0151 sz\u00f3nokak\u00e9nt elvetett a hidegh\u00e1bor\u00fa v\u00e9ge \u00f3ta folytatott eur\u00f3pai Oroszorsz\u00e1g-politika alapvet\u00e9s\u00e9t, a k\u00f6zeled\u00e9st, valamint a demokratikus \u00e9s piacgazdas\u00e1gi ir\u00e1ny\u00fa v\u00e1ltoz\u00e1sok \u00f6szt\u00f6nz\u00e9s\u00e9t a kereskedelmi kapcsolatok er\u0151s\u00edt\u00e9se r\u00e9v\u00e9n.<br \/>\n    Mint mondta, &#8222;az \u00f6rd\u00f6ggel cimbor\u00e1l&#8221;, aki meg\u00e1llapod\u00e1sokat k\u00f6t Oroszorsz\u00e1ggal. Sokan ill\u00fazi\u00f3kat kergettek az ut\u00f3bbi h\u00e1rom \u00e9vtizedben, Lengyelorsz\u00e1g viszont \u00e9vsz\u00e1zadokat t\u00f6lt\u00f6tt &#8222;az orosz imperializmus \u00e1rny\u00e9k\u00e1ban&#8221;, \u00edgy vil\u00e1gosan l\u00e1tja, hogy Ukrajna, a balti \u00e1llamok \u00e9s Lengyelorsz\u00e1g f\u00fcggetlens\u00e9ge nem egyeztethet\u0151 \u00f6ssze az orosz birodalmi \u00e9rdekekkel &#8211; fejtette ki a Jog \u00e9s Igazs\u00e1goss\u00e1g (PiS) lengyel konzervat\u00edv p\u00e1rt politikusa a n\u00e9met Kereszt\u00e9nydemokrata Uni\u00f3 (CDU) rendezv\u00e9ny\u00e9n.<br \/>\n    Hangs\u00falyozta, hogy Ukrajn\u00e1t &#8222;az eur\u00f3pai t\u00fal\u00e9l\u00e9s&#8221; \u00e9rdek\u00e9ben is t\u00e1mogatni kell, hiszen Ukrajna az orosz t\u00e1mad\u00e1s elleni v\u00e9dekez\u00e9ssel &#8222;a szabads\u00e1g\u00e9rt \u00e9s a j\u00f6v\u0151nk\u00e9rt&#8221; is k\u00fczd. Ez\u00e9rt a n\u00e9met korm\u00e1nynak minden &#8222;l\u00e9tfontoss\u00e1g\u00fa&#8221; fegyverrel seg\u00edtenie kell az ukr\u00e1n hader\u0151t, \u00edgy &#8222;nem maradhatnak a rakt\u00e1rakban&#8221; a p\u00e1nc\u00e9lozott sz\u00e1ll\u00edt\u00f3 harcj\u00e1rm\u0171vek sem &#8211; id\u00e9zte Mateusz Morawiecki besz\u00e9d\u00e9t az ARD orsz\u00e1gos k\u00f6zszolg\u00e1lati telev\u00edzi\u00f3.<br \/>\n    A lengyel korm\u00e1ny a napokban jelezte, hogy egy harckocsiz\u00e1szl\u00f3alj &#8211; egy 14 j\u00e1rm\u0171b\u0151l \u00e1ll\u00f3 egys\u00e9g &#8211; erej\u00e9ig Leopard-2 t\u00edpus\u00fa n\u00e9met harcj\u00e1rm\u0171vekkel is t\u00e1mogatn\u00e1 Ukrajn\u00e1t, ha m\u00e1s orsz\u00e1gok is csatlakoznak a kezdem\u00e9nyez\u00e9shez.<br \/>\n    Lengyelorsz\u00e1g ut\u00e1n Finnorsz\u00e1g \u00e9s Spanyolorsz\u00e1g is jelezte, hogy hajland\u00f3 \u00e1tadni Leopardokat Ukrajn\u00e1nak.<br \/>\n    A Lepodard-2 a vil\u00e1g leger\u0151sebb p\u00e1nc\u00e9lozott sz\u00e1ll\u00edt\u00f3 harcj\u00e1rm\u0171v\u00e9nek sz\u00e1m\u00edt. A n\u00e9met sajt\u00f3ban id\u00e9zett szak\u00e9rt\u0151i v\u00e9lem\u00e9nyek szerint ilyen j\u00e1rm\u0171vek megjelen\u00e9se nagy sz\u00e1mban jelent\u0151sen befoly\u00e1solhatja a h\u00e1bor\u00fa menet\u00e9t.<br \/>\n    A n\u00e9met korm\u00e1nynak d\u00f6nt\u0151 szerepe van abban, hogy Ukrajna megkapja-e a t\u00e1mogat\u00e1st, akkor is, ha a n\u00e9met hadsereg (Bundeswehr) egyetlen ilyen j\u00e1rm\u0171vet sem ad \u00e1t Ukrajn\u00e1nak, \u00e9s a gy\u00e1rt\u00f3 &#8211; a Krauss-Maffei Wegmann \u00e9s a Rheinmetall konzorciuma &#8211; sem sz\u00e1ll\u00edt, mert a hadiipari exportr\u00f3l sz\u00f3l\u00f3 jogszab\u00e1lyok szerint ezeket a j\u00e1rm\u0171veket csak a korm\u00e1ny enged\u00e9ly\u00e9vel lehet k\u00fclf\u00f6ldre \u00e9rt\u00e9kes\u00edteni, \u00e9s ahhoz is meg kell szerezni Berlin hozz\u00e1j\u00e1rul\u00e1s\u00e1t, ha a v\u00e1s\u00e1rl\u00f3 \u00e1tadna Leopardokat m\u00e1s orsz\u00e1gnak.<br \/>\n    A hadiipari exportot fel\u00fcgyel\u0151 gazdas\u00e1gi t\u00e1rca vezet\u0151je, Robert Habeck a lengyel kezdem\u00e9nyez\u00e9ssel kapcsolatban egy p\u00e9nteki t\u00e1j\u00e9koztat\u00f3n azt mondta, hogy &#8222;N\u00e9metorsz\u00e1g nem \u00e1llhat az Ukrajna t\u00e1mogat\u00e1s\u00e1r\u00f3l d\u00f6nt\u0151 orsz\u00e1gok \u00fatj\u00e1ba, f\u00fcggetlen\u00fcl att\u00f3l, hogy N\u00e9metorsz\u00e1g milyen d\u00f6nt\u00e9st hoz&#8221;. Olaf Scholz kancell\u00e1r egyel\u0151re nem nyilatkozott a k\u00e9rd\u00e9sr\u0151l.(MTI)<\/p>\n","protected":false},"excerpt":{"rendered":"<p>Nemcsak Ukrajna, hanem eg\u00e9sz Eur\u00f3pa sorsa is eld\u0151l Oroszorsz\u00e1g Ukrajna elleni h\u00e1bor\u00faj\u00e1ban, ez\u00e9rt a n\u00e9met korm\u00e1nynak minden lehets\u00e9ges m\u00f3don, \u00edgy p\u00e1nc\u00e9lozott sz\u00e1ll\u00edt\u00f3 harcj\u00e1rm\u0171vekkel is t\u00e1mogatnia kell a szabads\u00e1g\u00e9rt k\u00fczd\u0151 orsz\u00e1got &#8211; jelentette ki a lengyel korm\u00e1nyf\u0151 h\u00e9tf\u0151n Berlinben.<\/p>\n","protected":false},"author":1001006,"featured_media":0,"comment_status":"open","ping_status":"open","sticky":false,"template":"","format":"standard","meta":[],"categories":[5],"tags":[443],"_links":{"self":[{"href":"https:\/\/gazdasagportal.hu\/index.php\/wp-json\/wp\/v2\/posts\/142753"}],"collection":[{"href":"https:\/\/gazdasagportal.hu\/index.php\/wp-json\/wp\/v2\/posts"}],"about":[{"href":"https:\/\/gazdasagportal.hu\/index.php\/wp-json\/wp\/v2\/types\/post"}],"author":[{"embeddable":true,"href":"https:\/\/gazdasagportal.hu\/index.php\/wp-json\/wp\/v2\/users\/1001006"}],"replies":[{"embeddable":true,"href":"https:\/\/gazdasagportal.hu\/index.php\/wp-json\/wp\/v2\/comments?post=142753"}],"version-history":[{"count":1,"href":"https:\/\/gazdasagportal.hu\/index.php\/wp-json\/wp\/v2\/posts\/142753\/revisions"}],"predecessor-version":[{"id":142754,"href":"https:\/\/gazdasagportal.hu\/index.php\/wp-json\/wp\/v2\/posts\/142753\/revisions\/142754"}],"wp:attachment":[{"href":"https:\/\/gazdasagportal.hu\/index.php\/wp-json\/wp\/v2\/media?parent=142753"}],"wp:term":[{"taxonomy":"category","embeddable":true,"href":"https:\/\/gazdasagportal.hu\/index.php\/wp-json\/wp\/v2\/categories?post=142753"},{"taxonomy":"post_tag","embeddable":true,"href":"https:\/\/gazdasagportal.hu\/index.php\/wp-json\/wp\/v2\/tags?post=142753"}],"curies":[{"name":"wp","href":"https:\/\/api.w.org\/{rel}","templated":true}]}}