{"id":142736,"date":"2023-01-15T17:15:18","date_gmt":"2023-01-15T16:15:18","guid":{"rendered":"https:\/\/gazdasagportal.hu\/?p=142736"},"modified":"2023-01-15T17:15:18","modified_gmt":"2023-01-15T16:15:18","slug":"atadtak-a-masodik-nemetorszagi-lng-terminalt","status":"publish","type":"post","link":"https:\/\/gazdasagportal.hu\/index.php\/atadtak-a-masodik-nemetorszagi-lng-terminalt\/","title":{"rendered":"\u00c1tadt\u00e1k a m\u00e1sodik n\u00e9metorsz\u00e1gi LNG-termin\u00e1lt"},"content":{"rendered":"<p><strong>\u00c1tadt\u00e1k N\u00e9metorsz\u00e1gban a m\u00e1sodik tengeri termin\u00e1lt, amely cseppfoly\u00f3s\u00edtott f\u00f6ldg\u00e1z (LNG) fogad\u00e1s\u00e1ra szolg\u00e1l.<\/strong><!--more--><\/p>\n<div class=\"ads-in-post2\"><script async src=\"https:\/\/pagead2.googlesyndication.com\/pagead\/js\/adsbygoogle.js\"><\/script>\r\n<ins class=\"adsbygoogle\"\r\n     style=\"display:block\"\r\n     data-ad-format=\"fluid\"\r\n     data-ad-layout-key=\"-6t+ed+2i-1n-4w\"\r\n     data-ad-client=\"ca-pub-1959107119989764\"\r\n     data-ad-slot=\"4008251320\"><\/ins>\r\n<script>\r\n     (adsbygoogle = window.adsbygoogle || []).push({});\r\n<\/script><\/div>\n<p>    A Deutsche ReGas nev\u0171 energetikai v\u00e1llalkoz\u00e1s beruh\u00e1z\u00e1s\u00e1ban a balti-tengeri Lubminn\u00e1l \u00e9p\u00edtett termin\u00e1lt szombaton avatta fel Olaf Scholz kancell\u00e1r \u00e9s Manuela Schwesig, Mecklenburg-El\u0151-Pomer\u00e1nia tartom\u00e1ny minisztereln\u00f6ke.<br \/>\n    Olaf Scholz kiemelte, hogy N\u00e9metorsz\u00e1g az Ukrajna elleni orosz t\u00e1mad\u00e1s r\u00e9v\u00e9n bek\u00f6vetkezett f\u00f6ldg\u00e1zell\u00e1t\u00e1si v\u00e1ltoz\u00e1sok ellen\u00e9re sikeresen \u00e1tv\u00e9szeli a telet, \u00edgy &#8222;mindenki tapasztalhatja az otthon\u00e1ban, hogy nem s\u00e9r\u00fclt a g\u00e1zell\u00e1t\u00e1s&#8221;.<br \/>\n    A kancell\u00e1r r\u00e1mutatott, hogy gazdas\u00e1gi v\u00e1ls\u00e1g sem s\u00fajtja az orsz\u00e1got. Mint mondta, ez a sz\u00e1zmilli\u00e1rd eur\u00f3s nagys\u00e1grend\u0171 t\u00e1mogat\u00e1si programok mellett az energiaell\u00e1t\u00e1s biztons\u00e1g\u00e1t szolg\u00e1l\u00f3 er\u0151fesz\u00edt\u00e9seknek tulajdon\u00edthat\u00f3.<br \/>\n    A Deutsche ReGas \u00fagynevezett \u00fasz\u00f3 termin\u00e1lt \u00e9p\u00edtett, amelynek legf\u0151bb eleme egy k\u00fcl\u00f6nleges haj\u00f3, hivatalos elnevez\u00e9ssel \u00fasz\u00f3 t\u00e1rol\u00f3 \u00e9s visszag\u00e1zos\u00edt\u00f3 szerelv\u00e9ny. A termin\u00e1lra tart\u00e1lyhaj\u00f3kon \u00e9rkez\u0151 LNG-t ezen a Neptune nev\u0171 haj\u00f3n \u00e1talak\u00edtj\u00e1k g\u00e1z halmaz\u00e1llapot\u00fav\u00e1, hogy bet\u00e1pl\u00e1lhass\u00e1k a sz\u00e1razf\u00f6ldi vezet\u00e9krendszerbe.<br \/>\n    A termin\u00e1l kapacit\u00e1sa \u00e9vi 4,5 milli\u00e1rd k\u00f6bm\u00e9ter. Ennek legnagyobb r\u00e9sz\u00e9t, 3,6 milli\u00e1rd k\u00f6bm\u00e9tert m\u00e1r le is k\u00f6t\u00f6ttek hossz\u00fa t\u00e1vra.<br \/>\n    A sz\u00f6vets\u00e9gi korm\u00e1ny szervez\u00e9s\u00e9ben energetikai v\u00e1llalatok h\u00e9t ilyen \u00fasz\u00f3 LNG-termin\u00e1lt fejlesztenek. Az els\u0151t 2022 december\u00e9ben avatt\u00e1k fel. A tervek szerint 2023 v\u00e9g\u00e9re valamennyi m\u0171k\u00f6dik majd. Kapacit\u00e1suk egy\u00fcttv\u00e9ve meghaladja az \u00e9vi 30 milli\u00e1rd k\u00f6bm\u00e9tert. Ez nagyj\u00e1b\u00f3l a fele annak a mennyis\u00e9gnek, amely az Oroszorsz\u00e1g Ukrajna elleni h\u00e1bor\u00faja el\u0151tti utols\u00f3 \u00e9vben, 2021-ben \u00e9rkezett az \u00c9szaki \u00c1ramlat-1 f\u00f6ldg\u00e1zvezet\u00e9ken Oroszorsz\u00e1gb\u00f3l N\u00e9metorsz\u00e1gba.<br \/>\n     A berlini vezet\u00e9s tervei szerint h\u00e1rom tengerparti LNG-termin\u00e1lt is \u00e9p\u00edtenek majd. Ezek a  beruh\u00e1z\u00e1sok legkor\u00e1bban 2025-ben vagy 2026-ban k\u00e9sz\u00fclhetnek el.<br \/>\n    A sz\u00f6vets\u00e9gi korm\u00e1ny tavasszal, r\u00f6viddel az Ukrajna elleni orosz t\u00e1mad\u00e1s ut\u00e1n hat\u00e1rozta el az LNG-termin\u00e1lok fejleszt\u00e9s\u00e9t, hogy felsz\u00e1molja N\u00e9metorsz\u00e1g f\u00fcgg\u0151s\u00e9g\u00e9t az orosz f\u00f6ldg\u00e1zimportt\u00f3l.<br \/>\n    Az ukrajnai h\u00e1bor\u00fa el\u0151tt N\u00e9metorsz\u00e1g a f\u00f6ldg\u00e1zfelhaszn\u00e1l\u00e1s\u00e1nak b\u0151 50 sz\u00e1zal\u00e9k\u00e1t fedezte orosz importb\u00f3l. Moszkva a h\u00e1bor\u00fa kezdete \u00f3ta fokozatosan visszafogta, majd besz\u00fcntette a N\u00e9metorsz\u00e1gba ir\u00e1nyul\u00f3 exportot, annak ellen\u00e9re, hogy a h\u00e1bor\u00fa miatt Oroszorsz\u00e1ggal szemben bevezetett eur\u00f3pai uni\u00f3s b\u00fcntet\u0151int\u00e9zked\u00e9sek nem \u00e9rintik a f\u00f6ldg\u00e1zkereskedelmet.<br \/>\n    Az Oroszorsz\u00e1got N\u00e9metorsz\u00e1ggal k\u00f6zvetlen\u00fcl \u00f6sszek\u00f6t\u0151 \u00c9szaki \u00c1ramlat-1 vezet\u00e9k augusztus v\u00e9gi le\u00e1ll\u00edt\u00e1s\u00e1val 2022 szeptembere volt az els\u0151 olyan h\u00f3nap az oroszorsz\u00e1gi import kezdete, 1972 \u00f3ta, amikor nem \u00e9rkezett N\u00e9metorsz\u00e1gba f\u00f6ldg\u00e1z k\u00f6zvetlen\u00fcl Oroszorsz\u00e1gb\u00f3l.<br \/>\n    A sz\u00f6vets\u00e9gi k\u00f6z\u00fczemi fel\u00fcgyelet (Bundesnetzagentur) adatai szerint az orosz import kies\u00e9s\u00e9t egyel\u0151re siker\u00fcl ellens\u00falyozni. A hat\u00f3s\u00e1g legut\u00f3bbi, p\u00e9nteki jelent\u00e9se szerint &#8222;n\u00e9metorsz\u00e1gi g\u00e1zell\u00e1t\u00e1s stabil&#8221; \u00e9s &#8222;az ell\u00e1t\u00e1s biztons\u00e1ga tov\u00e1bbra is garant\u00e1lt&#8221;, a f\u00f6ldg\u00e1zt\u00e1rol\u00f3k t\u00f6lt\u00f6tts\u00e9gi szintje pedig meghaladja a 90 sz\u00e1zal\u00e9kot.(MTI)<\/p>\n","protected":false},"excerpt":{"rendered":"<p>\u00c1tadt\u00e1k N\u00e9metorsz\u00e1gban a m\u00e1sodik tengeri termin\u00e1lt, amely cseppfoly\u00f3s\u00edtott f\u00f6ldg\u00e1z (LNG) fogad\u00e1s\u00e1ra szolg\u00e1l.<\/p>\n","protected":false},"author":1001006,"featured_media":0,"comment_status":"open","ping_status":"open","sticky":false,"template":"","format":"standard","meta":[],"categories":[19,246],"tags":[],"_links":{"self":[{"href":"https:\/\/gazdasagportal.hu\/index.php\/wp-json\/wp\/v2\/posts\/142736"}],"collection":[{"href":"https:\/\/gazdasagportal.hu\/index.php\/wp-json\/wp\/v2\/posts"}],"about":[{"href":"https:\/\/gazdasagportal.hu\/index.php\/wp-json\/wp\/v2\/types\/post"}],"author":[{"embeddable":true,"href":"https:\/\/gazdasagportal.hu\/index.php\/wp-json\/wp\/v2\/users\/1001006"}],"replies":[{"embeddable":true,"href":"https:\/\/gazdasagportal.hu\/index.php\/wp-json\/wp\/v2\/comments?post=142736"}],"version-history":[{"count":1,"href":"https:\/\/gazdasagportal.hu\/index.php\/wp-json\/wp\/v2\/posts\/142736\/revisions"}],"predecessor-version":[{"id":142737,"href":"https:\/\/gazdasagportal.hu\/index.php\/wp-json\/wp\/v2\/posts\/142736\/revisions\/142737"}],"wp:attachment":[{"href":"https:\/\/gazdasagportal.hu\/index.php\/wp-json\/wp\/v2\/media?parent=142736"}],"wp:term":[{"taxonomy":"category","embeddable":true,"href":"https:\/\/gazdasagportal.hu\/index.php\/wp-json\/wp\/v2\/categories?post=142736"},{"taxonomy":"post_tag","embeddable":true,"href":"https:\/\/gazdasagportal.hu\/index.php\/wp-json\/wp\/v2\/tags?post=142736"}],"curies":[{"name":"wp","href":"https:\/\/api.w.org\/{rel}","templated":true}]}}