{"id":142639,"date":"2023-01-07T12:28:21","date_gmt":"2023-01-07T11:28:21","guid":{"rendered":"https:\/\/gazdasagportal.hu\/?p=142639"},"modified":"2023-01-07T12:28:21","modified_gmt":"2023-01-07T11:28:21","slug":"kevin-mccarthy-lett-az-amerikai-kepviselohaz-uj-elnoke","status":"publish","type":"post","link":"https:\/\/gazdasagportal.hu\/index.php\/kevin-mccarthy-lett-az-amerikai-kepviselohaz-uj-elnoke\/","title":{"rendered":"Kevin McCarthy lett az amerikai k\u00e9pvisel\u0151h\u00e1z \u00faj eln\u00f6ke"},"content":{"rendered":"<p><strong>Hosszas elj\u00e1r\u00e1s ut\u00e1n az amerikai k\u00e9pvisel\u0151h\u00e1z megv\u00e1lasztotta eln\u00f6k\u00e9nek Kevin McCarthyt, a Republik\u00e1nus P\u00e1rt jel\u00f6ltj\u00e9t.<\/strong><!--more--><\/p>\n<div class=\"ads-in-post2\"><script async src=\"https:\/\/pagead2.googlesyndication.com\/pagead\/js\/adsbygoogle.js\"><\/script>\r\n<ins class=\"adsbygoogle\"\r\n     style=\"display:block\"\r\n     data-ad-format=\"fluid\"\r\n     data-ad-layout-key=\"-6t+ed+2i-1n-4w\"\r\n     data-ad-client=\"ca-pub-1959107119989764\"\r\n     data-ad-slot=\"4008251320\"><\/ins>\r\n<script>\r\n     (adsbygoogle = window.adsbygoogle || []).push({});\r\n<\/script><\/div>\n<p>    A kongresszusnak 15 szavaz\u00e1s ut\u00e1n, szombatra virrad\u00f3an siker\u00fclt eredm\u00e9nyre jutnia.<br \/>\n    Az utols\u00f3 el\u0151tti szavaz\u00e1si fordul\u00f3ban McCarthy mind\u00f6ssze egyetlen szavazatra volt az abszol\u00fat t\u00f6bbs\u00e9gt\u0151l, ezt k\u00f6vet\u0151en a h\u00e1z \u00fagy d\u00f6nt\u00f6tt, m\u00e9g egy szavaz\u00e1si k\u00f6rt tart. Ezen a kor\u00e1bban McCarthy ellen szavaz\u00f3 hat k\u00e9pvisel\u0151 tart\u00f3zkodott, \u00edgy 216 vokssal a kaliforniai politikus elnyerte a h\u00e1zeln\u00f6ki poz\u00edci\u00f3t.<br \/>\n    A demokrata p\u00e1rti k\u00e9pvisel\u0151k a 15. v\u00e1laszt\u00e1si fordul\u00f3ban is egys\u00e9gesen, mind a 212-en a k\u00e9pvisel\u0151csoport vezet\u0151je, Hakeem Jeffries mellett voksoltak.<br \/>\n    A szavaz\u00e1s ut\u00e1n Hakeem Jeffries hivatalosan is a demokrat\u00e1k als\u00f3h\u00e1zi vezet\u0151je lett, ezzel \u0151 az els\u0151 sz\u00ednesb\u0151r\u0171, aki valamely p\u00e1rt vezet\u0151i tiszts\u00e9g\u00e9t t\u00f6lti be a kongresszusban.<br \/>\n    Az \u00e9jszak\u00e1ba ny\u00fal\u00f3 szavaz\u00e1s ut\u00e1n Donald Trump kor\u00e1bbi \u00e9s Joe Biden jelenlegi eln\u00f6k is \u00fczenetben gratul\u00e1lt McCarthynak megv\u00e1laszt\u00e1s\u00e1hoz.<br \/>\n    Megv\u00e1laszt\u00e1sa \u00e9rdek\u00e9ben \u00e9s az ellene szavaz\u00f3k k\u00f6vetel\u00e9s\u00e9re McCarthy k\u00e9sznek mutatkozott t\u00f6bb elj\u00e1r\u00e1si szab\u00e1lyt m\u00f3dos\u00edtani a k\u00e9pvisel\u0151h\u00e1zban, amelyek t\u00f6bb jogot biztos\u00edtanak a k\u00e9pvisel\u0151knek az egyes t\u00f6rv\u00e9nyjavaslatok \u00e1ttekint\u00e9s\u00e9ben, valamint a h\u00e1zeln\u00f6k munk\u00e1j\u00e1nak ellen\u0151rz\u00e9s\u00e9ben.<br \/>\n    A Republik\u00e1nus P\u00e1rton bel\u00fcl Kevin McCarthy megv\u00e1laszt\u00e1s\u00e1t a konzervat\u00edv sz\u00e1rny, az \u00fagynevezett Szabads\u00e1g-v\u00e1lasztm\u00e1ny (Freedom Caucus) tagjainak egy r\u00e9sze g\u00e1tolta kedd \u00f3ta.<br \/>\n    A h\u00e1zeln\u00f6k megv\u00e1laszt\u00e1sa ut\u00e1n a k\u00e9pvisel\u0151h\u00e1z tagjai letehetik k\u00e9pvisel\u0151i esk\u00fcj\u00fcket, \u00e9s megkezdhetik a t\u00f6rv\u00e9nyhoz\u00f3i munk\u00e1t. 164 \u00e9ve nem volt r\u00e1 p\u00e9lda, hogy ilyen sok\u00e1ig ny\u00faljon el az als\u00f3h\u00e1z eln\u00f6k\u00e9nek megv\u00e1laszt\u00e1sa.<br \/>\n    A p\u00e9nteki szavaz\u00e1sokat megel\u0151z\u0151 vit\u00e1ban a k\u00e9pvisel\u0151h\u00e1zi t\u00f6bbs\u00e9get ad\u00f3 republik\u00e1nusok k\u00f6z\u00fcl t\u00f6bbek k\u00f6z\u00f6tt Mike Garcia kaliforniai k\u00e9pvisel\u0151 \u00e9rvelt Kevin McCarthy mellett, akinek megv\u00e1laszt\u00e1s\u00e1t nem a h\u00e1zeln\u00f6k szem\u00e9lye miatt s\u00fcrgette, hanem a t\u00f6rv\u00e9nyhoz\u00e1s el\u0151tt \u00e1ll\u00f3 feladatok elv\u00e9gz\u00e9s\u00e9nek megkezd\u00e9s\u00e9vel indokolta. Ezek k\u00f6z\u00f6tt eml\u00edtette a hat\u00e1rv\u00e1ls\u00e1g kezel\u00e9s\u00e9t, a k\u00e1b\u00edt\u00f3szer-csemp\u00e9szet \u00e9s a b\u0171n\u00f6z\u00e9s visszaszor\u00edt\u00e1s\u00e1t.<br \/>\n    Mike Garcia egyben k\u00f6sz\u00f6netet mondott a kongresszus \u00e9p\u00fclet\u00e9ben, a Capitoliumban dolgoz\u00f3 biztons\u00e1gi szem\u00e9lyzet munk\u00e1j\u00e1\u00e9rt, amivel utalt a k\u00e9t \u00e9vvel ezel\u0151tt, 2021. janu\u00e1r 6-\u00e1n a t\u00f6rv\u00e9nyhoz\u00e1s \u00e9p\u00fclet\u00e9nek megt\u00e1mad\u00e1s\u00e1ba torkol\u00f3 zavarg\u00e1sokra Washingtonban. Az \u00e9vfordul\u00f3 napj\u00e1n Joe Biden eln\u00f6ki \u00e9rmet adom\u00e1nyozott a Capitoliumot v\u00e9d\u0151 hat\u00f3s\u00e1gok 12 tagj\u00e1nak.<br \/>\n    Az Egyes\u00fclt \u00c1llamok 118. Kongresszusa kedden \u00fclt \u00f6ssze. Az als\u00f3h\u00e1zban, a k\u00e9pvisel\u0151h\u00e1zban a republik\u00e1nusok 222-212 ar\u00e1ny\u00fa szavazati t\u00f6bbs\u00e9gben vannak, de egy mand\u00e1tum \u00fcres, mert az arra novemberben megv\u00e1lasztott k\u00e9pvisel\u0151 id\u0151k\u00f6zben elhunyt. A fels\u0151h\u00e1zban, a szen\u00e1tusban a szavazati ar\u00e1nyt tekintve a demokrat\u00e1knak van 51-49 ar\u00e1ny\u00fa t\u00f6bbs\u00e9ge.(MTI)<\/p>\n","protected":false},"excerpt":{"rendered":"<p>Hosszas elj\u00e1r\u00e1s ut\u00e1n az amerikai k\u00e9pvisel\u0151h\u00e1z megv\u00e1lasztotta eln\u00f6k\u00e9nek Kevin McCarthyt, a Republik\u00e1nus P\u00e1rt jel\u00f6ltj\u00e9t.<\/p>\n","protected":false},"author":1001006,"featured_media":0,"comment_status":"open","ping_status":"open","sticky":false,"template":"","format":"standard","meta":[],"categories":[5],"tags":[],"_links":{"self":[{"href":"https:\/\/gazdasagportal.hu\/index.php\/wp-json\/wp\/v2\/posts\/142639"}],"collection":[{"href":"https:\/\/gazdasagportal.hu\/index.php\/wp-json\/wp\/v2\/posts"}],"about":[{"href":"https:\/\/gazdasagportal.hu\/index.php\/wp-json\/wp\/v2\/types\/post"}],"author":[{"embeddable":true,"href":"https:\/\/gazdasagportal.hu\/index.php\/wp-json\/wp\/v2\/users\/1001006"}],"replies":[{"embeddable":true,"href":"https:\/\/gazdasagportal.hu\/index.php\/wp-json\/wp\/v2\/comments?post=142639"}],"version-history":[{"count":1,"href":"https:\/\/gazdasagportal.hu\/index.php\/wp-json\/wp\/v2\/posts\/142639\/revisions"}],"predecessor-version":[{"id":142640,"href":"https:\/\/gazdasagportal.hu\/index.php\/wp-json\/wp\/v2\/posts\/142639\/revisions\/142640"}],"wp:attachment":[{"href":"https:\/\/gazdasagportal.hu\/index.php\/wp-json\/wp\/v2\/media?parent=142639"}],"wp:term":[{"taxonomy":"category","embeddable":true,"href":"https:\/\/gazdasagportal.hu\/index.php\/wp-json\/wp\/v2\/categories?post=142639"},{"taxonomy":"post_tag","embeddable":true,"href":"https:\/\/gazdasagportal.hu\/index.php\/wp-json\/wp\/v2\/tags?post=142639"}],"curies":[{"name":"wp","href":"https:\/\/api.w.org\/{rel}","templated":true}]}}