{"id":142604,"date":"2023-01-05T06:44:50","date_gmt":"2023-01-05T05:44:50","guid":{"rendered":"https:\/\/gazdasagportal.hu\/?p=142604"},"modified":"2023-01-04T22:52:59","modified_gmt":"2023-01-04T21:52:59","slug":"ukrajnai-haboru-az-ukran-vezerkar-ujabb-komoly-orosz-katonai-vesztesegrol-szamolt-be","status":"publish","type":"post","link":"https:\/\/gazdasagportal.hu\/index.php\/ukrajnai-haboru-az-ukran-vezerkar-ujabb-komoly-orosz-katonai-vesztesegrol-szamolt-be\/","title":{"rendered":"Ukrajnai h\u00e1bor\u00fa &#8211; Az ukr\u00e1n vez\u00e9rkar \u00fajabb komoly orosz katonai vesztes\u00e9gr\u0151l sz\u00e1molt be"},"content":{"rendered":"<p><strong>Az ukr\u00e1n er\u0151k csap\u00e1st m\u00e9rtek egy orosz ideiglenes katonai b\u00e1zisra Zaporizzsja megy\u00e9ben, aminek k\u00f6vetkezt\u00e9ben mintegy 80 orosz katona meghalt vagy megsebes\u00fclt &#8211; \u00edrta szerda esti jelent\u00e9s\u00e9ben az ukr\u00e1n vez\u00e9rkar.<\/strong><!--more--><\/p>\n<div class=\"ads-in-post2\"><script async src=\"https:\/\/pagead2.googlesyndication.com\/pagead\/js\/adsbygoogle.js\"><\/script>\r\n<ins class=\"adsbygoogle\"\r\n     style=\"display:block\"\r\n     data-ad-format=\"fluid\"\r\n     data-ad-layout-key=\"-6t+ed+2i-1n-4w\"\r\n     data-ad-client=\"ca-pub-1959107119989764\"\r\n     data-ad-slot=\"4008251320\"><\/ins>\r\n<script>\r\n     (adsbygoogle = window.adsbygoogle || []).push({});\r\n<\/script><\/div>\n<p>    A t\u00e1mad\u00e1st kedden hajtott\u00e1k v\u00e9gre az orosz ellen\u0151rz\u00e9s al\u00e1 ker\u00fclt Tokmak telep\u00fcl\u00e9s k\u00f6rny\u00e9k\u00e9n.<br \/>\n    A vez\u00e9rkar arr\u00f3l is t\u00e1j\u00e9koztatott, hogy az orosz ellen\u0151rz\u00e9s alatti Luhanszkban, a megyei k\u00f3rh\u00e1z neurol\u00f3giai oszt\u00e1ly\u00e1n a Wagner orosz zsoldoscsoport t\u00f6bb mint sz\u00e1z tagj\u00e1t kezelik k\u00fcl\u00f6nb\u00f6z\u0151 sebes\u00fcl\u00e9sekkel.<br \/>\n    A kijevi katonai vezet\u00e9s k\u00f6z\u00f6lte m\u00e9g, hogy szerd\u00e1n az orosz csapatok f\u0151k\u00e9nt a Donyeck megyei Liman, Bahmut \u00e9s Avgyijivka telep\u00fcl\u00e9sek ir\u00e1ny\u00e1ban hajtottak v\u00e9gre t\u00e1mad\u00f3 m\u0171veleteket.(MTI)<\/p>\n","protected":false},"excerpt":{"rendered":"<p>Az ukr\u00e1n er\u0151k csap\u00e1st m\u00e9rtek egy orosz ideiglenes katonai b\u00e1zisra Zaporizzsja megy\u00e9ben, aminek k\u00f6vetkezt\u00e9ben mintegy 80 orosz katona meghalt vagy megsebes\u00fclt &#8211; \u00edrta szerda esti jelent\u00e9s\u00e9ben az ukr\u00e1n vez\u00e9rkar.<\/p>\n","protected":false},"author":1001006,"featured_media":0,"comment_status":"open","ping_status":"open","sticky":false,"template":"","format":"standard","meta":[],"categories":[5],"tags":[443],"_links":{"self":[{"href":"https:\/\/gazdasagportal.hu\/index.php\/wp-json\/wp\/v2\/posts\/142604"}],"collection":[{"href":"https:\/\/gazdasagportal.hu\/index.php\/wp-json\/wp\/v2\/posts"}],"about":[{"href":"https:\/\/gazdasagportal.hu\/index.php\/wp-json\/wp\/v2\/types\/post"}],"author":[{"embeddable":true,"href":"https:\/\/gazdasagportal.hu\/index.php\/wp-json\/wp\/v2\/users\/1001006"}],"replies":[{"embeddable":true,"href":"https:\/\/gazdasagportal.hu\/index.php\/wp-json\/wp\/v2\/comments?post=142604"}],"version-history":[{"count":1,"href":"https:\/\/gazdasagportal.hu\/index.php\/wp-json\/wp\/v2\/posts\/142604\/revisions"}],"predecessor-version":[{"id":142605,"href":"https:\/\/gazdasagportal.hu\/index.php\/wp-json\/wp\/v2\/posts\/142604\/revisions\/142605"}],"wp:attachment":[{"href":"https:\/\/gazdasagportal.hu\/index.php\/wp-json\/wp\/v2\/media?parent=142604"}],"wp:term":[{"taxonomy":"category","embeddable":true,"href":"https:\/\/gazdasagportal.hu\/index.php\/wp-json\/wp\/v2\/categories?post=142604"},{"taxonomy":"post_tag","embeddable":true,"href":"https:\/\/gazdasagportal.hu\/index.php\/wp-json\/wp\/v2\/tags?post=142604"}],"curies":[{"name":"wp","href":"https:\/\/api.w.org\/{rel}","templated":true}]}}