{"id":142600,"date":"2023-01-04T22:02:35","date_gmt":"2023-01-04T21:02:35","guid":{"rendered":"https:\/\/gazdasagportal.hu\/?p=142600"},"modified":"2023-01-04T22:02:35","modified_gmt":"2023-01-04T21:02:35","slug":"az-otodik-forduloban-sem-tudtak-megvalasztani-az-amerikai-kepviselohaz-elnoket","status":"publish","type":"post","link":"https:\/\/gazdasagportal.hu\/index.php\/az-otodik-forduloban-sem-tudtak-megvalasztani-az-amerikai-kepviselohaz-elnoket\/","title":{"rendered":"Az \u00f6t\u00f6dik fordul\u00f3ban sem tudt\u00e1k megv\u00e1lasztani az amerikai k\u00e9pvisel\u0151h\u00e1z eln\u00f6k\u00e9t"},"content":{"rendered":"<p><strong>Az Egyes\u00fclt \u00c1llamok k\u00e9pvisel\u0151h\u00e1z\u00e1nak eln\u00f6kv\u00e1laszt\u00e1s\u00e1n az \u00f6t\u00f6dik szavaz\u00e1si fordul\u00f3 sem hozott eredm\u00e9nyt, a t\u00f6bbs\u00e9gi republik\u00e1nusok v\u00e1ltozatlanul megosztottnak mutatkoztak.<\/strong><!--more--><\/p>\n<div class=\"ads-in-post2\"><script async src=\"https:\/\/pagead2.googlesyndication.com\/pagead\/js\/adsbygoogle.js\"><\/script>\r\n<ins class=\"adsbygoogle\"\r\n     style=\"display:block\"\r\n     data-ad-format=\"fluid\"\r\n     data-ad-layout-key=\"-6t+ed+2i-1n-4w\"\r\n     data-ad-client=\"ca-pub-1959107119989764\"\r\n     data-ad-slot=\"4008251320\"><\/ins>\r\n<script>\r\n     (adsbygoogle = window.adsbygoogle || []).push({});\r\n<\/script><\/div>\n<p>    Az amerikai kongresszus als\u00f3h\u00e1z\u00e1ban t\u00f6bbs\u00e9get ad\u00f3 republik\u00e1nusok k\u00e9pvisel\u0151h\u00e1zi vezet\u0151je, Kevin McCarthy a szerd\u00e1n lebonyol\u00edtott negyedik \u00e9s \u00f6t\u00f6dik szavaz\u00e1s sor\u00e1n is 201 szavazatot kapott, de megv\u00e1laszt\u00e1s\u00e1hoz 218 szavazatra lett volna sz\u00fcks\u00e9g. H\u00fasz voksot kapott Byron Donalds republik\u00e1nus k\u00e9pvisel\u0151, egy republik\u00e1nus tart\u00f3zkodott. A demokrata k\u00e9pvisel\u0151k minden alkalommal egy\u00f6ntet\u0171en szavaztak saj\u00e1t vezet\u0151j\u00fckre, Hakeem Jeffriesre, \u00edgy \u0151 \u00f6t\u00f6dsz\u00f6r is 212 voksot kapott.<br \/>\n    Az \u00f6t\u00f6dik fordul\u00f3 el\u0151tt \u00fajabb k\u00e9pvisel\u0151, az ohi\u00f3i Warren Davidson fordult a t\u00f6bbs\u00e9get ad\u00f3 republik\u00e1nusokhoz, \u00e9s egys\u00e9gre k\u00e9rte \u0151ket, valamint hideg fejjel meghozott, racion\u00e1lis d\u00f6nt\u00e9sre Kevin McCarthy mellett annak \u00e9rdek\u00e9ben, hogy a &#8222;korm\u00e1nyzat elsz\u00e1moltat\u00e1s\u00e1ra vonatkoz\u00f3&#8221; \u00edg\u00e9ret\u00fcket elkezdhess\u00e9k megval\u00f3s\u00edtani.<br \/>\n    A Kevin McCarthy ellen\u00e9ben jel\u00f6lt republik\u00e1nus, Byron Donalds floridai k\u00e9pvisel\u0151 az \u00f6t\u00f6dik szavaz\u00e1s el\u0151tt \u00fagy nyilatkozott, hogy olyan vezet\u00e9sre van sz\u00fcks\u00e9g a t\u00f6rv\u00e9nyhoz\u00e1sban, amely t\u00e9nyleg v\u00e1ltoztat az elj\u00e1r\u00e1si szab\u00e1lyokon, ugyanakkor hozz\u00e1tette: elk\u00e9pzelhet\u0151nek tartja McCarthy eln\u00f6ks\u00e9g\u00e9t, de ahhoz m\u00e9g sok egyeztet\u00e9sre van sz\u00fcks\u00e9g.<br \/>\n    A Kevin McCarthy ellen szavaz\u00f3 republik\u00e1nus k\u00e9pvisel\u0151k a p\u00e1rton bel\u00fcli konzervat\u00edv frakci\u00f3nak, a Szabads\u00e1g V\u00e1lasztm\u00e1nynak (Freedom Caucus) a tagjai. A 222 republik\u00e1nus k\u00e9pvisel\u0151h\u00e1zi tagb\u00f3l \u00f6sszesen 54-en tagjai ennek a t\u00f6m\u00f6r\u00fcl\u00e9snek.<br \/>\n    A szerdai eln\u00f6kv\u00e1laszt\u00e1si fordul\u00f3kat megel\u0151z\u0151en Donald Trump volt eln\u00f6k, Kevin McCarthy kor\u00e1bbi kritikusa is egys\u00e9gre \u00e9s megegyez\u00e9sre sz\u00f3l\u00edtotta fel a republik\u00e1nusokat. A volt eln\u00f6k a k\u00f6z\u00f6ss\u00e9gi m\u00e9di\u00e1ban k\u00f6zz\u00e9tett \u00fczenet\u00e9ben \u00fagy fogalmazott, hogy &#8222;ne tegy\u00e9k a csod\u00e1latos (f\u00e9lid\u0151s k\u00e9pvisel\u0151h\u00e1zi) gy\u0151zelmet egy \u00f3ri\u00e1si \u00e9s k\u00ednos veres\u00e9gg\u00e9&#8221;.<br \/>\n    Joe Biden jelenlegi &#8211; demokrata &#8211; eln\u00f6k a t\u00f6rt\u00e9nteket szerd\u00e1n \u00fagy komment\u00e1lta: &#8222;k\u00ednos, hogy ennyi ideig h\u00faz\u00f3dik a v\u00e1laszt\u00e1s&#8221;. Hozz\u00e1tette: fogalma sincs arr\u00f3l, hogy ki lesz gy\u0151ztes.<br \/>\n    A k\u00e9pvisel\u0151h\u00e1zi eln\u00f6kv\u00e1laszt\u00e1s addig tart, am\u00edg egy jel\u00f6lt meg nem kapja az 50 sz\u00e1zal\u00e9k plusz 1 szavazatot. Sz\u00e9ls\u0151s\u00e9ges esetben a folyamat m\u00e9g t\u00f6bb napig is elh\u00faz\u00f3dhat. H\u00e1zeln\u00f6k hi\u00e1ny\u00e1ban az als\u00f3h\u00e1z tagjai nem tehetik le a k\u00e9pvisel\u0151i esk\u00fct, \u00e9s addig a pillanatig hivatalosan m\u00e9g csak &#8222;megv\u00e1lasztott k\u00e9pvisel\u0151nek&#8221; min\u0151s\u00fclnek.(MTI)<\/p>\n","protected":false},"excerpt":{"rendered":"<p>Az Egyes\u00fclt \u00c1llamok k\u00e9pvisel\u0151h\u00e1z\u00e1nak eln\u00f6kv\u00e1laszt\u00e1s\u00e1n az \u00f6t\u00f6dik szavaz\u00e1si fordul\u00f3 sem hozott eredm\u00e9nyt, a t\u00f6bbs\u00e9gi republik\u00e1nusok v\u00e1ltozatlanul megosztottnak mutatkoztak.<\/p>\n","protected":false},"author":1001006,"featured_media":0,"comment_status":"open","ping_status":"open","sticky":false,"template":"","format":"standard","meta":[],"categories":[5],"tags":[],"_links":{"self":[{"href":"https:\/\/gazdasagportal.hu\/index.php\/wp-json\/wp\/v2\/posts\/142600"}],"collection":[{"href":"https:\/\/gazdasagportal.hu\/index.php\/wp-json\/wp\/v2\/posts"}],"about":[{"href":"https:\/\/gazdasagportal.hu\/index.php\/wp-json\/wp\/v2\/types\/post"}],"author":[{"embeddable":true,"href":"https:\/\/gazdasagportal.hu\/index.php\/wp-json\/wp\/v2\/users\/1001006"}],"replies":[{"embeddable":true,"href":"https:\/\/gazdasagportal.hu\/index.php\/wp-json\/wp\/v2\/comments?post=142600"}],"version-history":[{"count":1,"href":"https:\/\/gazdasagportal.hu\/index.php\/wp-json\/wp\/v2\/posts\/142600\/revisions"}],"predecessor-version":[{"id":142601,"href":"https:\/\/gazdasagportal.hu\/index.php\/wp-json\/wp\/v2\/posts\/142600\/revisions\/142601"}],"wp:attachment":[{"href":"https:\/\/gazdasagportal.hu\/index.php\/wp-json\/wp\/v2\/media?parent=142600"}],"wp:term":[{"taxonomy":"category","embeddable":true,"href":"https:\/\/gazdasagportal.hu\/index.php\/wp-json\/wp\/v2\/categories?post=142600"},{"taxonomy":"post_tag","embeddable":true,"href":"https:\/\/gazdasagportal.hu\/index.php\/wp-json\/wp\/v2\/tags?post=142600"}],"curies":[{"name":"wp","href":"https:\/\/api.w.org\/{rel}","templated":true}]}}