{"id":142589,"date":"2023-01-04T08:52:13","date_gmt":"2023-01-04T07:52:13","guid":{"rendered":"https:\/\/gazdasagportal.hu\/?p=142589"},"modified":"2023-01-04T08:52:13","modified_gmt":"2023-01-04T07:52:13","slug":"tozsdenyitas-elott-negativ-korrekciora-szamit-az-elemzo","status":"publish","type":"post","link":"https:\/\/gazdasagportal.hu\/index.php\/tozsdenyitas-elott-negativ-korrekciora-szamit-az-elemzo\/","title":{"rendered":"T\u0151zsdenyit\u00e1s el\u0151tt &#8211; Negat\u00edv korrekci\u00f3ra sz\u00e1m\u00edt az elemz\u0151"},"content":{"rendered":"<p><strong>Elk\u00e9pzelhet\u0151 egy kisebb negat\u00edv korrekci\u00f3 a szerdai nyit\u00e1st k\u00f6vet\u0151en a Budapesti \u00c9rt\u00e9kt\u0151zsd\u00e9n (B\u00c9T), miut\u00e1n kedden j\u00f3l szerepeltek a magyarorsz\u00e1gi r\u00e9szv\u00e9nyek, ism\u00e9t a 44 ezer pontos szint f\u00f6l\u00e9 ker\u00fclt a r\u00e9szv\u00e9nyindex &#8211; \u00edrta Varga Zolt\u00e1n, az Equilor Befektet\u00e9si Zrt. szenior elemz\u0151je az MTI-nek k\u00fcld\u00f6tt el\u0151rejelz\u00e9s\u00e9ben.<\/strong><!--more--><\/p>\n<div class=\"ads-in-post2\"><script async src=\"https:\/\/pagead2.googlesyndication.com\/pagead\/js\/adsbygoogle.js\"><\/script>\r\n<ins class=\"adsbygoogle\"\r\n     style=\"display:block\"\r\n     data-ad-format=\"fluid\"\r\n     data-ad-layout-key=\"-6t+ed+2i-1n-4w\"\r\n     data-ad-client=\"ca-pub-1959107119989764\"\r\n     data-ad-slot=\"4008251320\"><\/ins>\r\n<script>\r\n     (adsbygoogle = window.adsbygoogle || []).push({});\r\n<\/script><\/div>\n<p>    Kiemelte: a vezet\u0151 r\u00e9szv\u00e9nyek k\u00f6z\u00fcl az OTP \u00e1rfolyama fontos ellen\u00e1ll\u00e1si szint f\u00f6l\u00e9 ker\u00fclt, amennyiben meg tud maradni 10 380 forint felett, tov\u00e1bbi emelked\u00e9sre van kil\u00e1t\u00e1s a technikai k\u00e9p alapj\u00e1n.<br \/>\n    A Mol a 2630-2645 forintos tartom\u00e1ny felett z\u00e1rt, amennyiben az \u00e1rfolyam meg tud kapaszkodni e szint felett, pozit\u00edv lesz a r\u00f6vid t\u00e1v\u00fa technikai k\u00e9p &#8211; jelezte.<br \/>\n    Arra is kit\u00e9rt, hogy a Magyar Telekom jegyz\u00e9se visszaker\u00fclt a 200 napos mozg\u00f3\u00e1tlag f\u00f6l\u00e9, amely 339 forintn\u00e1l h\u00faz\u00f3dik jelenleg, meghat\u00e1roz\u00f3 ellen\u00e1ll\u00e1s pedig 346 forintn\u00e1l tal\u00e1lhat\u00f3.<br \/>\n    Varga Zolt\u00e1n megjegyezte, hogy a Richter szint\u00e9n nagyot korrig\u00e1lt felfel\u00e9, a 8150 forintos szint \u00edgy ism\u00e9t t\u00e1maszt jelent, m\u00edg ellen\u00e1ll\u00e1s 8415 forintn\u00e1l tal\u00e1lhat\u00f3. Felh\u00edvta a figyelmet tov\u00e1bb\u00e1 arra is, hogy c\u00e9l\u00e1rcs\u00f6kkent\u00e9s \u00e9rkezett a gy\u00f3gyszeripari r\u00e9szv\u00e9nyre: az RBC Capital 13 300 forintr\u00f3l 12 800 forintra v\u00e1gta a 12 havi c\u00e9l\u00e1rfolyamot, az aj\u00e1nl\u00e1s v\u00e1ltozatlanul fel\u00fcls\u00falyoz\u00e1s.<br \/>\n    A Budapesti \u00c9rt\u00e9kt\u0151zsde r\u00e9szv\u00e9nyindexe, a BUX 1063,23 pontos, 2,44 sz\u00e1zal\u00e9kos emelked\u00e9ssel, 44 614,96 ponton z\u00e1rt kedden.<br \/>\n    A r\u00e9szv\u00e9nypiac forgalma 6,3 milli\u00e1rd forint volt. A Mol \u00e1rfolyama 42 forinttal, 1,61 sz\u00e1zal\u00e9kkal 2650 forintra er\u0151s\u00f6d\u00f6tt, 926,0 milli\u00f3 forintos forgalomban.<br \/>\n    Az OTP-r\u00e9szv\u00e9nyek \u00e1ra 340 forinttal, 3,37 sz\u00e1zal\u00e9kkal 10 430 forintra n\u0151tt, forgalmuk 3,1 milli\u00e1rd forintot tett ki.<br \/>\n    A Magyar Telekom \u00e1rfolyama 8,0 forinttal, 2,37 sz\u00e1zal\u00e9kkal 345 forintra emelkedett, forgalma 41,9 milli\u00f3 forint volt.<br \/>\n    A Richter-pap\u00edrok \u00e1rfolyama 160 forinttal, 1,97 sz\u00e1zal\u00e9kkal 8295 forintra er\u0151s\u00f6d\u00f6tt, a r\u00e9szv\u00e9nyek forgalma 2,0 milli\u00e1rd forintot \u00e9rt el.(MTI)<\/p>\n","protected":false},"excerpt":{"rendered":"<p>Elk\u00e9pzelhet\u0151 egy kisebb negat\u00edv korrekci\u00f3 a szerdai nyit\u00e1st k\u00f6vet\u0151en a Budapesti \u00c9rt\u00e9kt\u0151zsd\u00e9n (B\u00c9T), miut\u00e1n kedden j\u00f3l szerepeltek a magyarorsz\u00e1gi r\u00e9szv\u00e9nyek, ism\u00e9t a 44 ezer pontos szint f\u00f6l\u00e9 ker\u00fclt a r\u00e9szv\u00e9nyindex &#8211; \u00edrta Varga Zolt\u00e1n, az Equilor Befektet\u00e9si Zrt. szenior elemz\u0151je az MTI-nek k\u00fcld\u00f6tt el\u0151rejelz\u00e9s\u00e9ben.<\/p>\n","protected":false},"author":1001006,"featured_media":0,"comment_status":"open","ping_status":"open","sticky":false,"template":"","format":"standard","meta":[],"categories":[7],"tags":[],"_links":{"self":[{"href":"https:\/\/gazdasagportal.hu\/index.php\/wp-json\/wp\/v2\/posts\/142589"}],"collection":[{"href":"https:\/\/gazdasagportal.hu\/index.php\/wp-json\/wp\/v2\/posts"}],"about":[{"href":"https:\/\/gazdasagportal.hu\/index.php\/wp-json\/wp\/v2\/types\/post"}],"author":[{"embeddable":true,"href":"https:\/\/gazdasagportal.hu\/index.php\/wp-json\/wp\/v2\/users\/1001006"}],"replies":[{"embeddable":true,"href":"https:\/\/gazdasagportal.hu\/index.php\/wp-json\/wp\/v2\/comments?post=142589"}],"version-history":[{"count":1,"href":"https:\/\/gazdasagportal.hu\/index.php\/wp-json\/wp\/v2\/posts\/142589\/revisions"}],"predecessor-version":[{"id":142590,"href":"https:\/\/gazdasagportal.hu\/index.php\/wp-json\/wp\/v2\/posts\/142589\/revisions\/142590"}],"wp:attachment":[{"href":"https:\/\/gazdasagportal.hu\/index.php\/wp-json\/wp\/v2\/media?parent=142589"}],"wp:term":[{"taxonomy":"category","embeddable":true,"href":"https:\/\/gazdasagportal.hu\/index.php\/wp-json\/wp\/v2\/categories?post=142589"},{"taxonomy":"post_tag","embeddable":true,"href":"https:\/\/gazdasagportal.hu\/index.php\/wp-json\/wp\/v2\/tags?post=142589"}],"curies":[{"name":"wp","href":"https:\/\/api.w.org\/{rel}","templated":true}]}}