{"id":142544,"date":"2023-01-02T08:59:16","date_gmt":"2023-01-02T07:59:16","guid":{"rendered":"https:\/\/gazdasagportal.hu\/?p=142544"},"modified":"2023-01-02T09:05:53","modified_gmt":"2023-01-02T08:05:53","slug":"tozsde-minimalis-emelkedessel-indulhat-a-kereskedes","status":"publish","type":"post","link":"https:\/\/gazdasagportal.hu\/index.php\/tozsde-minimalis-emelkedessel-indulhat-a-kereskedes\/","title":{"rendered":"T\u0151zsde &#8211; Minim\u00e1lis emelked\u00e9ssel indulhat a keresked\u00e9s"},"content":{"rendered":"<p><strong>Minim\u00e1lis emelked\u00e9ssel indulhat a keresked\u00e9s a Budapesti \u00c9rt\u00e9kt\u0151zsd\u00e9n (B\u00c9T) h\u00e9tf\u0151n az elemz\u0151 szerint.<\/strong><!--more--><\/p>\n<div class=\"ads-in-post2\"><script async src=\"https:\/\/pagead2.googlesyndication.com\/pagead\/js\/adsbygoogle.js\"><\/script>\r\n<ins class=\"adsbygoogle\"\r\n     style=\"display:block\"\r\n     data-ad-format=\"fluid\"\r\n     data-ad-layout-key=\"-6t+ed+2i-1n-4w\"\r\n     data-ad-client=\"ca-pub-1959107119989764\"\r\n     data-ad-slot=\"4008251320\"><\/ins>\r\n<script>\r\n     (adsbygoogle = window.adsbygoogle || []).push({});\r\n<\/script><\/div>\n<p>    Varga Zolt\u00e1n, az Equilor Befektet\u00e9si Zrt. szenior elemz\u0151je az MTI-nek k\u00fcld\u00f6tt el\u0151rejelz\u00e9s\u00e9ben kiemelte, hogy enyhe pluszokra sz\u00e1m\u00edtanak nyit\u00e1sban a Budapesti \u00c9rt\u00e9kt\u0151zsd\u00e9n, de hat\u00e1rozott ir\u00e1nyt egyel\u0151re nem lehet l\u00e1tni a nemzetk\u00f6zi befektet\u0151i hangulatban.<br \/>\n    Kifejtette, a vezet\u0151 r\u00e9szv\u00e9nyek k\u00f6z\u00fcl az OTP grafikonj\u00e1n 10 360 forintn\u00e1l er\u0151s ellen\u00e1ll\u00e1si szint h\u00faz\u00f3dik, m\u00edg t\u00e1masz 10 050 forintn\u00e1l tal\u00e1lhat\u00f3. A Mol \u00e1rfolyam\u00e1ban 2560 forintn\u00e1l tal\u00e1lhat\u00f3 fontos t\u00e1masz, amely alatt m\u00e1r csak 2500 forint k\u00f6zel\u00e9ben lehet szintet tal\u00e1lni, m\u00edg ellen\u00e1ll\u00e1s 2630 forintn\u00e1l van. A Richter a k\u00fcl\u00f6nad\u00f3 bejelent\u00e9se \u00f3ta nem tal\u00e1l mag\u00e1ra, ellen\u00e1ll\u00e1s 8400 forintn\u00e1l ad\u00f3dik, m\u00edg t\u00e1maszt 8150 forint k\u00f6zel\u00e9ben van. A Magyar Telekom fontos emelked\u0151 trendvonal al\u00e1 ker\u00fclt, a 200 napos mozg\u00f3\u00e1tlag fontos ellen\u00e1ll\u00e1st k\u00e9pez 340 forintn\u00e1l, m\u00edg a 30 napos \u00e1tlag 333 forint felett t\u00e1maszt jelent.<br \/>\n    A Budapesti \u00c9rt\u00e9kt\u0151zsde (B\u00c9T) r\u00e9szv\u00e9nyindexe, a BUX 239,51 pontos, 0,54 sz\u00e1zal\u00e9kos cs\u00f6kken\u00e9ssel 43 793,76 ponton z\u00e1rta p\u00e9nteken a tavalyi \u00e9v utols\u00f3 keresked\u00e9si napj\u00e1t.<br \/>\n    A r\u00e9szv\u00e9nypiac forgalma p\u00e9nteken 4,5 milli\u00e1rd forint volt, a vezet\u0151 r\u00e9szv\u00e9nyek a Magyar Telekom kiv\u00e9tel\u00e9vel vesz\u00edtettek \u00e9rt\u00e9k\u00fckb\u0151l az el\u0151z\u0151 napi z\u00e1r\u00e1shoz k\u00e9pest.<br \/>\n    P\u00e9nteken az el\u0151z\u0151 nap z\u00e1r\u00e1s\u00e1hoz k\u00e9pest a Mol \u00e1ra 28 forinttal, 1,06 sz\u00e1zal\u00e9kkal 2602 forintra cs\u00f6kkent, 395,1 milli\u00f3 forintos forgalomban. Az OTP-r\u00e9szv\u00e9nyek \u00e1ra 70 forinttal, 0,69 sz\u00e1zal\u00e9kkal 10 110 forintra esett, forgalmuk 2,3 milli\u00e1rd forintot tett ki az \u00e9v utols\u00f3 keresked\u00e9si napj\u00e1n. A Magyar Telekom \u00e1rfolyama 1,0 forinttal, 0,30 sz\u00e1zal\u00e9kkal 339 forintra er\u0151s\u00f6d\u00f6tt p\u00e9nteken, forgalma 221,3 milli\u00f3 forint volt.    A Richter-pap\u00edrok \u00e1rfolyama 15 forinttal, 0,18 sz\u00e1zal\u00e9kkal 8300 forintra gyeng\u00fclt, a r\u00e9szv\u00e9nyek forgalma 1,3 milli\u00e1rd forintot \u00e9rt el.(MTI)<\/p>\n<p>gpe \\ gtr<\/p><div id=\"gazda-9739777\" class=\"gazda-tartalomban gazda-entity-placement\"><script async src=\"https:\/\/pagead2.googlesyndication.com\/pagead\/js\/adsbygoogle.js\"><\/script>\r\n<ins class=\"adsbygoogle\"\r\n     style=\"display:block\"\r\n     data-ad-format=\"fluid\"\r\n     data-ad-layout-key=\"-6t+ed+2i-1n-4w\"\r\n     data-ad-client=\"ca-pub-1959107119989764\"\r\n     data-ad-slot=\"4008251320\"><\/ins>\r\n<script>\r\n     (adsbygoogle = window.adsbygoogle || []).push({});\r\n<\/script><\/div>\n","protected":false},"excerpt":{"rendered":"<p>Minim\u00e1lis emelked\u00e9ssel indulhat a keresked\u00e9s a Budapesti \u00c9rt\u00e9kt\u0151zsd\u00e9n (B\u00c9T) h\u00e9tf\u0151n az elemz\u0151 szerint.<\/p>\n","protected":false},"author":1001006,"featured_media":0,"comment_status":"open","ping_status":"open","sticky":false,"template":"","format":"standard","meta":[],"categories":[7],"tags":[],"_links":{"self":[{"href":"https:\/\/gazdasagportal.hu\/index.php\/wp-json\/wp\/v2\/posts\/142544"}],"collection":[{"href":"https:\/\/gazdasagportal.hu\/index.php\/wp-json\/wp\/v2\/posts"}],"about":[{"href":"https:\/\/gazdasagportal.hu\/index.php\/wp-json\/wp\/v2\/types\/post"}],"author":[{"embeddable":true,"href":"https:\/\/gazdasagportal.hu\/index.php\/wp-json\/wp\/v2\/users\/1001006"}],"replies":[{"embeddable":true,"href":"https:\/\/gazdasagportal.hu\/index.php\/wp-json\/wp\/v2\/comments?post=142544"}],"version-history":[{"count":1,"href":"https:\/\/gazdasagportal.hu\/index.php\/wp-json\/wp\/v2\/posts\/142544\/revisions"}],"predecessor-version":[{"id":142545,"href":"https:\/\/gazdasagportal.hu\/index.php\/wp-json\/wp\/v2\/posts\/142544\/revisions\/142545"}],"wp:attachment":[{"href":"https:\/\/gazdasagportal.hu\/index.php\/wp-json\/wp\/v2\/media?parent=142544"}],"wp:term":[{"taxonomy":"category","embeddable":true,"href":"https:\/\/gazdasagportal.hu\/index.php\/wp-json\/wp\/v2\/categories?post=142544"},{"taxonomy":"post_tag","embeddable":true,"href":"https:\/\/gazdasagportal.hu\/index.php\/wp-json\/wp\/v2\/tags?post=142544"}],"curies":[{"name":"wp","href":"https:\/\/api.w.org\/{rel}","templated":true}]}}