{"id":142534,"date":"2022-12-31T19:16:47","date_gmt":"2022-12-31T18:16:47","guid":{"rendered":"https:\/\/gazdasagportal.hu\/?p=142534"},"modified":"2022-12-31T19:16:47","modified_gmt":"2022-12-31T18:16:47","slug":"elhunyt-xvi-benedek-vatikani-szovivo-csutortokon-temetik-xvi-benedek-papat","status":"publish","type":"post","link":"https:\/\/gazdasagportal.hu\/index.php\/elhunyt-xvi-benedek-vatikani-szovivo-csutortokon-temetik-xvi-benedek-papat\/","title":{"rendered":"Elhunyt XVI. Benedek &#8211; Vatik\u00e1ni sz\u00f3viv\u0151: cs\u00fct\u00f6rt\u00f6k\u00f6n temetik XVI. Benedek p\u00e1p\u00e1t"},"content":{"rendered":"<p><strong>Janu\u00e1r 5-\u00e9n, cs\u00fct\u00f6rt\u00f6k\u00f6n temetik XVI. Benedek nyugalmazott p\u00e1p\u00e1t &#8211; k\u00f6z\u00f6lte Matteo Bruni vatik\u00e1ni sz\u00f3viv\u0151.<\/strong><!--more--><\/p>\n<div class=\"ads-in-post2\"><script async src=\"https:\/\/pagead2.googlesyndication.com\/pagead\/js\/adsbygoogle.js\"><\/script>\r\n<ins class=\"adsbygoogle\"\r\n     style=\"display:block\"\r\n     data-ad-format=\"fluid\"\r\n     data-ad-layout-key=\"-6t+ed+2i-1n-4w\"\r\n     data-ad-client=\"ca-pub-1959107119989764\"\r\n     data-ad-slot=\"4008251320\"><\/ins>\r\n<script>\r\n     (adsbygoogle = window.adsbygoogle || []).push({});\r\n<\/script><\/div>\n<p>    A szertart\u00e1st, &#8222;mely az egyszer\u0171s\u00e9g jegy\u00e9ben zajlik majd, Ferenc p\u00e1pa vezeti&#8221; &#8211; tette hozz\u00e1.<br \/>\n    XVI. Benedek nyugalmazott p\u00e1pa 95 \u00e9ves kor\u00e1ban szombaton 9 \u00f3ra 34 perckor hunyt el a vatik\u00e1ni Mater Ecclesiae (Egyh\u00e1z Anyja) kolostorban. 2005 \u00e9s 2013 k\u00f6z\u00f6tt volt a r\u00f3mai katolikus egyh\u00e1z feje &#8211; jelentette be a Vatik\u00e1n.<br \/>\n    A szombat d\u00e9lben a Szentsz\u00e9k sajt\u00f3term\u00e9ben tartott sajt\u00f3t\u00e1j\u00e9koztat\u00f3n a sz\u00f3viv\u0151 bejelentette, hogy a temet\u00e9si szertart\u00e1s cs\u00fct\u00f6rt\u00f6k\u00f6n 9.30 \u00f3rakor kezd\u0151dik a Szent P\u00e9ter t\u00e9ren, &#8222;a nyugalmazott p\u00e1pa k\u00e9r\u00e9s\u00e9nek megfelel\u0151en az egyszer\u0171s\u00e9g jegy\u00e9ben&#8221;.<br \/>\n    Joseph Ratzinger szerd\u00e1n, a d\u00e9lut\u00e1ni szentmise v\u00e9g\u00e9n, lak\u00f3hely\u00e9n, a Mater Ecclesiae kolostorban r\u00e9szes\u00fclt a betegek kenet\u00e9ben felszentelt laikus n\u0151k jelenl\u00e9t\u00e9ben, akik utols\u00f3 \u00e9veiben seg\u00edts\u00e9g\u00e9re voltak &#8211; k\u00f6z\u00f6lte Bruni.<br \/>\n    XVI. Benedek f\u00f6ldi maradv\u00e1nyait janu\u00e1r 2-\u00e1t\u00f3l a Szent P\u00e9ter-bazilik\u00e1ban helyezik el, hogy a h\u00edv\u0151k v\u00e9gs\u0151 b\u00facs\u00fat vehessenek t\u0151le.<br \/>\n    A Szentsz\u00e9k szombat esti k\u00f6zlem\u00e9nye szerint  h\u00e9tf\u0151n a bazilika 9-t\u0151l 19 \u00f3r\u00e1ig, kedden \u00e9s szerd\u00e1n 7-t\u0151l 19 \u00f3r\u00e1ig lesz nyitva.<br \/>\n    A nyugalmazott p\u00e1pa cs\u00fct\u00f6rt\u00f6k\u00f6n 9.30 \u00f3rakor kezd\u0151d\u0151 temet\u00e9s\u00e9n val\u00f3 r\u00e9szv\u00e9telre nem biztos\u00edtanak jegyeket. Akik szeretn\u00e9nek r\u00e9szt venni a szertart\u00e1son, azoknak liturgikus \u00fcnnepek p\u00e1pai hivatal\u00e1hoz kell fordulniuk.<br \/>\n    K\u00e9t orsz\u00e1g, N\u00e9metorsz\u00e1g \u00e9s Olaszorsz\u00e1g hivatalos deleg\u00e1ci\u00f3ja lesz jelen a temet\u00e9sen.<br \/>\n    Szombaton 17 \u00f3rakor Ferenc p\u00e1pa vezet\u00e9s\u00e9vel kezd\u0151dik a hagyom\u00e1nyos \u00e9v v\u00e9gi Te Deum istentisztelet, mely a hivatalban l\u00e9v\u0151 p\u00e1pa els\u0151 nyilv\u00e1nos megjelen\u00e9se lesz el\u0151dje hal\u00e1l\u00e1nak bejelent\u00e9se \u00f3ta.<br \/>\n    Az emeritus p\u00e1pa hal\u00e1lh\u00edr\u00e9re megtelt a Vatik\u00e1n egy\u00e9bk\u00e9nt is turist\u00e1kkal teli k\u00f6rny\u00e9ke: f\u0151leg r\u00f3maiak siettek a Szent P\u00e9ter t\u00e9rre, azok, akik p\u00e9ntek d\u00e9lut\u00e1n a later\u00e1ni Szent J\u00e1nos-bazilik\u00e1ban im\u00e1dkoztak XVI. Benedek\u00e9rt.<br \/>\n    M\u00e1sok a helysz\u00ednen \u00e9rtes\u00fcltek a nyugalmazott p\u00e1pa hal\u00e1l\u00e1r\u00f3l. Az els\u0151k k\u00f6z\u00f6tt \u00e9rkeztek meg az \u00fajs\u00e1g\u00edr\u00f3k, els\u0151sorban n\u00e9met, olasz \u00e9s amerikai st\u00e1bok, akik m\u00e1r napok \u00f3ta a Vatik\u00e1nn\u00e1l dolgoztak.<br \/>\n    A teret a kora d\u00e9lut\u00e1ni \u00f3r\u00e1kban r\u00f6vid id\u0151re lez\u00e1rt\u00e1k biztons\u00e1gi ellen\u0151rz\u00e9sre a Ferenc p\u00e1pa vezette Te Deum h\u00e1laad\u00e1s el\u0151tt. A Vatik\u00e1n eg\u00e9sz k\u00f6rny\u00e9k\u00e9t m\u00e1r kor\u00e1bban ellept\u00e9k az olasz rend\u0151rs\u00e9g, csend\u0151rs\u00e9g emberei: az oldalutc\u00e1kat lez\u00e1rt\u00e1k \u00e9s gyorsan vissza\u00e1ll\u00edtott\u00e1k a biztons\u00e1gi bel\u00e9p\u0151ket a t\u00f6meg terel\u00e9s\u00e9re.<br \/>\n     Az MTI \u00e1ltal megk\u00e9rdezett olasz h\u00edv\u0151k szeretettel eml\u00e9keztek vissza XVI. Benedekre. Megjegyezt\u00e9k, hogy m\u00e1r p\u00e1p\u00e1v\u00e1 v\u00e1laszt\u00e1s\u00e1t megel\u0151z\u0151en is \u00e9vtizedeken \u00e1t R\u00f3m\u00e1ban \u00e9lt, ez\u00e9rt a v\u00e1ros lak\u00f3j\u00e1nak sz\u00e1m\u00edtott. M\u00e1sok r\u00e1mutattak, hogy t\u00e1voz\u00e1s\u00e1val egy rendk\u00edv\u00fcli korszak \u00e9r v\u00e9get, amelyben egy p\u00e1pa \u00e9s el\u0151dje egyszerre \u00e9lt a Vatik\u00e1nban.<br \/>\n    Vatik\u00e1ni szak\u00e9rt\u0151k hangs\u00falyozt\u00e1k, hogy a nyugalmazott p\u00e1pa akarata szerint temet\u00e9se az egyszer\u0171s\u00e9g jegy\u00e9ben zajlik, de p\u00e1p\u00e1hoz ill\u0151 liturgi\u00e1val, melyre egyh\u00e1zi \u00e9s \u00e1llami deleg\u00e1ci\u00f3kat v\u00e1rnak. Az emeritus p\u00e1pa b\u00facs\u00faztat\u00e1sa unikumnak sz\u00e1m\u00edt, amelyre nincsen p\u00e9lda az egyh\u00e1z t\u00f6rt\u00e9net\u00e9ben.<br \/>\n    Utolj\u00e1ra 2005-ben temettek p\u00e1p\u00e1t a Vatik\u00e1nban, II. J\u00e1nos P\u00e1lt.<br \/>\n    XVI. Benedeket a Szent P\u00e9ter-bazilika kript\u00e1j\u00e1ban helyezik majd el, abban a p\u00e1pai s\u00edrhelyben, ahol kor\u00e1bban XXIII. J\u00e1nos p\u00e1pa, majd II. J\u00e1nos P\u00e1l nyugodott. Ut\u00f3bbi 2005 \u00e9s 2011 k\u00f6z\u00f6tt, majd szentt\u00e9 avat\u00e1sa ut\u00e1n hamvait a bazilik\u00e1ba helyezt\u00e9k \u00e1t.<br \/>\n    XVI. Benedek volt az els\u0151 p\u00e1pa, aki Twitter-fi\u00f3kon jelentkezett \u00e9s a k\u00e9t p\u00e1p\u00e1r\u00f3l sz\u00f3l\u00f3 filmek fikt\u00edv szerepl\u0151jek\u00e9nt a moziv\u00e1sznon is szerepelt.<br \/>\n(MTI)<\/p>\n","protected":false},"excerpt":{"rendered":"<p>Janu\u00e1r 5-\u00e9n, cs\u00fct\u00f6rt\u00f6k\u00f6n temetik XVI. Benedek nyugalmazott p\u00e1p\u00e1t &#8211; k\u00f6z\u00f6lte Matteo Bruni vatik\u00e1ni sz\u00f3viv\u0151.<\/p>\n","protected":false},"author":1001006,"featured_media":0,"comment_status":"open","ping_status":"open","sticky":false,"template":"","format":"standard","meta":[],"categories":[5],"tags":[],"_links":{"self":[{"href":"https:\/\/gazdasagportal.hu\/index.php\/wp-json\/wp\/v2\/posts\/142534"}],"collection":[{"href":"https:\/\/gazdasagportal.hu\/index.php\/wp-json\/wp\/v2\/posts"}],"about":[{"href":"https:\/\/gazdasagportal.hu\/index.php\/wp-json\/wp\/v2\/types\/post"}],"author":[{"embeddable":true,"href":"https:\/\/gazdasagportal.hu\/index.php\/wp-json\/wp\/v2\/users\/1001006"}],"replies":[{"embeddable":true,"href":"https:\/\/gazdasagportal.hu\/index.php\/wp-json\/wp\/v2\/comments?post=142534"}],"version-history":[{"count":1,"href":"https:\/\/gazdasagportal.hu\/index.php\/wp-json\/wp\/v2\/posts\/142534\/revisions"}],"predecessor-version":[{"id":142535,"href":"https:\/\/gazdasagportal.hu\/index.php\/wp-json\/wp\/v2\/posts\/142534\/revisions\/142535"}],"wp:attachment":[{"href":"https:\/\/gazdasagportal.hu\/index.php\/wp-json\/wp\/v2\/media?parent=142534"}],"wp:term":[{"taxonomy":"category","embeddable":true,"href":"https:\/\/gazdasagportal.hu\/index.php\/wp-json\/wp\/v2\/categories?post=142534"},{"taxonomy":"post_tag","embeddable":true,"href":"https:\/\/gazdasagportal.hu\/index.php\/wp-json\/wp\/v2\/tags?post=142534"}],"curies":[{"name":"wp","href":"https:\/\/api.w.org\/{rel}","templated":true}]}}