{"id":142466,"date":"2022-12-22T15:00:57","date_gmt":"2022-12-22T14:00:57","guid":{"rendered":"https:\/\/gazdasagportal.hu\/?p=142466"},"modified":"2022-12-22T09:01:46","modified_gmt":"2022-12-22T08:01:46","slug":"megvannak-a-2023-as-lakossagi-aram-es-gazarak","status":"publish","type":"post","link":"https:\/\/gazdasagportal.hu\/index.php\/megvannak-a-2023-as-lakossagi-aram-es-gazarak\/","title":{"rendered":"Megvannak a 2023-as lakoss\u00e1gi \u00e1ram- \u00e9s g\u00e1z\u00e1rak"},"content":{"rendered":"<p><strong>Szerda \u00e9jszakai rendeleteiben a Magyar Energetikai \u00e9s K\u00f6zm\u0171-szab\u00e1lyoz\u00e1si Hivatal eln\u00f6ke kihirdette a 2023. janu\u00e1r elsej\u00e9t\u0151l \u00e9rv\u00e9nyes piaci \u00e1ram- \u00e9s g\u00e1z\u00e1rakat a lakoss\u00e1gi fogyaszt\u00f3k sz\u00e1m\u00e1ra. Ezek szerint a j\u00f6v\u0151 \u00e9v els\u0151 n\u00e9gy h\u00f3napj\u00e1ban ugyanannyi lesz a piaci \u00e1r, mint most. A d\u00f6nt\u00e9s az \u00e1tlagfogyaszt\u00e1sig j\u00e1r\u00f3 rezsics\u00f6kkentett \u00e1rakat nem \u00e9rinti, ahogyan a kedvezm\u00e9nyes mennyis\u00e9g sem v\u00e1ltozik &#8211; \u00edrja a <a href=\"https:\/\/bank360.hu\/rezsicsokkentes-2023\" target=\"_blank\" rel=\"noopener\">Bank360.hu<\/a>.<\/strong><!--more--><\/p>\n<div class=\"ads-in-post2\"><script async src=\"https:\/\/pagead2.googlesyndication.com\/pagead\/js\/adsbygoogle.js\"><\/script>\r\n<ins class=\"adsbygoogle\"\r\n     style=\"display:block\"\r\n     data-ad-format=\"fluid\"\r\n     data-ad-layout-key=\"-6t+ed+2i-1n-4w\"\r\n     data-ad-client=\"ca-pub-1959107119989764\"\r\n     data-ad-slot=\"4008251320\"><\/ins>\r\n<script>\r\n     (adsbygoogle = window.adsbygoogle || []).push({});\r\n<\/script><\/div>\n<p>&nbsp;<\/p>\n<p>Az energiahivatal eln\u00f6k\u00e9nek december 21-\u00e9n k\u00f6zz\u00e9tett rendelete szerint az egyetemes szolg\u00e1ltat\u00e1s keret\u00e9ben v\u00e9telezett \u00e1ram piaci \u00e1ra a lakoss\u00e1gi fogyaszt\u00f3k sz\u00e1m\u00e1ra 2023. janu\u00e1r 1. \u00e9s 2023. \u00e1prilis 30. k\u00f6z\u00f6tt \u00edgy alakul:<\/p><div id=\"gazda-2229378017\" class=\"gazda-tartalomban gazda-entity-placement\"><script async src=\"https:\/\/pagead2.googlesyndication.com\/pagead\/js\/adsbygoogle.js\"><\/script>\r\n<ins class=\"adsbygoogle\"\r\n     style=\"display:block\"\r\n     data-ad-format=\"fluid\"\r\n     data-ad-layout-key=\"-6t+ed+2i-1n-4w\"\r\n     data-ad-client=\"ca-pub-1959107119989764\"\r\n     data-ad-slot=\"4008251320\"><\/ins>\r\n<script>\r\n     (adsbygoogle = window.adsbygoogle || []).push({});\r\n<\/script><\/div>\n<ul>\n<li>A1 \u00e9s A2 \u00e1rszab\u00e1s eset\u00e9n 70,104 forint\/kWh,<\/li>\n<li>B (alap &#8211; vez\u00e9relt, r\u00e9gi nev\u00e9n \u00e9jszakai \u00e1ram) \u00e1rszab\u00e1s eset\u00e9n 60,935 forint\/kWh,<\/li>\n<li>az egyetemes szolg\u00e1ltat\u00f3 \u00e1ltal jogszer\u0171en alkalmazott B Komfort \u00e1rszab\u00e1s eset\u00e9n 60,935 forint\/kWh.<\/li>\n<\/ul>\n<p>&nbsp;<\/p>\n<p>Ezek az \u00e1ram\u00e1rak megegyeznek a jelenlegi piaci \u00e1rszab\u00e1ssal. Az \u00f6sszegek m\u00e1r tartalmazz\u00e1k a 27 sz\u00e1zal\u00e9kos \u00e1f\u00e1t \u00e9s a rendszerhaszn\u00e1lati d\u00edjakat is. Ezeket a tarif\u00e1kat a lakoss\u00e1gi felhaszn\u00e1l\u00f3knak janu\u00e1rt\u00f3l is csak az \u00e1tlagfogyaszt\u00e1s feletti mennyis\u00e9gre kell megfizetni.<\/p>\n<p>&nbsp;<\/p>\n<p>A kedvezm\u00e9nyes \u00e1r \u00e9vi 2523 KWh (havi 210 kWh) fogyaszt\u00e1sig \u00e9rv\u00e9nyes. A <a href=\"https:\/\/bank360.hu\/rezsi-kalkulator\" target=\"_blank\" rel=\"noopener\">rezsics\u00f6kkentett \u00e1ram\u00e1rak<\/a> a piaci \u00e1rakhoz hasonl\u00f3an nem v\u00e1ltoznak. Norm\u00e1l (A1, A2) tarifa eset\u00e9n ez 36,9 forint\/kWh, B tarifa (vez\u00e9relt, &#8222;\u00e9jszakai&#8221; \u00e1ram) eset\u00e9n pedig 23,1 forint\/kWh.<\/p>\n<p>&nbsp;<\/p>\n<p>Az energiahivatal eln\u00f6k\u00e9nek m\u00e1sik rendelet\u00e9ben a janu\u00e1rt\u00f3l \u00e9rv\u00e9nyes piaci g\u00e1z\u00e1rakat tette k\u00f6zz\u00e9 a lakoss\u00e1gi fogyaszt\u00f3k sz\u00e1m\u00e1ra. E szerint janu\u00e1r 1-t\u0151l \u00e1prilis 30-ig a lakoss\u00e1gi fogyaszt\u00f3k \u00e1ltal az \u00e1tlagfogyaszt\u00e1s feletti mennyis\u00e9gre fizetend\u0151 piaci \u00e1r 22,002 forint\/MJ. Ez az \u00e1ramhoz hasonl\u00f3an megegyezik a jelenlegi piaci \u00e1rral. Ez a tarifa is tartalmazza m\u00e1r az \u00e1f\u00e1t \u00e9s a rendszerhaszn\u00e1lati d\u00edjat.<\/p>\n<p>&nbsp;<\/p>\n<p>A kedvezm\u00e9nyes \u00e1ron v\u00e1s\u00e1rolhat\u00f3 mennyis\u00e9g a g\u00e1z eset\u00e9ben \u00e9vi\u00a063 645 MJ (havi 5303 MJ), ennek \u00e1ra janu\u00e1rt\u00f3l is brutt\u00f3 2,865 forint\/MJ lesz.<\/p>\n<p>&nbsp;<\/p>\n<p>&nbsp;<\/p>\n<p>&nbsp;<\/p>\n","protected":false},"excerpt":{"rendered":"<p>Szerda \u00e9jszakai rendeleteiben a Magyar Energetikai \u00e9s K\u00f6zm\u0171-szab\u00e1lyoz\u00e1si Hivatal eln\u00f6ke kihirdette a 2023. janu\u00e1r elsej\u00e9t\u0151l \u00e9rv\u00e9nyes piaci \u00e1ram- \u00e9s g\u00e1z\u00e1rakat a lakoss\u00e1gi fogyaszt\u00f3k sz\u00e1m\u00e1ra. Ezek szerint a j\u00f6v\u0151 \u00e9v els\u0151 n\u00e9gy h\u00f3napj\u00e1ban ugyanannyi lesz a piaci \u00e1r, mint most. A d\u00f6nt\u00e9s az \u00e1tlagfogyaszt\u00e1sig j\u00e1r\u00f3 rezsics\u00f6kkentett \u00e1rakat nem \u00e9rinti, ahogyan a kedvezm\u00e9nyes mennyis\u00e9g sem v\u00e1ltozik &#8211; &#8230;<\/p>\n","protected":false},"author":1001006,"featured_media":0,"comment_status":"open","ping_status":"open","sticky":false,"template":"","format":"standard","meta":[],"categories":[19],"tags":[],"_links":{"self":[{"href":"https:\/\/gazdasagportal.hu\/index.php\/wp-json\/wp\/v2\/posts\/142466"}],"collection":[{"href":"https:\/\/gazdasagportal.hu\/index.php\/wp-json\/wp\/v2\/posts"}],"about":[{"href":"https:\/\/gazdasagportal.hu\/index.php\/wp-json\/wp\/v2\/types\/post"}],"author":[{"embeddable":true,"href":"https:\/\/gazdasagportal.hu\/index.php\/wp-json\/wp\/v2\/users\/1001006"}],"replies":[{"embeddable":true,"href":"https:\/\/gazdasagportal.hu\/index.php\/wp-json\/wp\/v2\/comments?post=142466"}],"version-history":[{"count":1,"href":"https:\/\/gazdasagportal.hu\/index.php\/wp-json\/wp\/v2\/posts\/142466\/revisions"}],"predecessor-version":[{"id":142467,"href":"https:\/\/gazdasagportal.hu\/index.php\/wp-json\/wp\/v2\/posts\/142466\/revisions\/142467"}],"wp:attachment":[{"href":"https:\/\/gazdasagportal.hu\/index.php\/wp-json\/wp\/v2\/media?parent=142466"}],"wp:term":[{"taxonomy":"category","embeddable":true,"href":"https:\/\/gazdasagportal.hu\/index.php\/wp-json\/wp\/v2\/categories?post=142466"},{"taxonomy":"post_tag","embeddable":true,"href":"https:\/\/gazdasagportal.hu\/index.php\/wp-json\/wp\/v2\/tags?post=142466"}],"curies":[{"name":"wp","href":"https:\/\/api.w.org\/{rel}","templated":true}]}}