{"id":142458,"date":"2022-12-22T10:40:49","date_gmt":"2022-12-22T09:40:49","guid":{"rendered":"https:\/\/gazdasagportal.hu\/?p=142458"},"modified":"2022-12-22T09:03:31","modified_gmt":"2022-12-22T08:03:31","slug":"atlagfogyasztas-felett-sem-emelkednek-a-gaz-es-aramarak-januartol","status":"publish","type":"post","link":"https:\/\/gazdasagportal.hu\/index.php\/atlagfogyasztas-felett-sem-emelkednek-a-gaz-es-aramarak-januartol\/","title":{"rendered":"\u00c1tlagfogyaszt\u00e1s felett sem emelkednek a g\u00e1z- \u00e9s \u00e1ram\u00e1rak janu\u00e1rt\u00f3l"},"content":{"rendered":"<p><strong>&#8222;A korm\u00e1ny a rezsics\u00f6kkent\u00e9s fenntart\u00e1s\u00e1val v\u00e9di meg a magyar csal\u00e1dokat az energiahordoz\u00f3k szankci\u00f3s fel\u00e1r\u00e1t\u00f3l. Az \u00e1tlagfogyaszt\u00e1sig a hazai lakoss\u00e1gi felhaszn\u00e1l\u00f3k tov\u00e1bbra is a legolcs\u00f3bban jutnak f\u00f6ldg\u00e1zhoz, \u00e9s a m\u00e1sodik legalacsonyabb \u00e1ron villamos energi\u00e1hoz Eur\u00f3p\u00e1ban. Janu\u00e1rt\u00f3l nem v\u00e1ltoznak a rezsics\u00f6kkentett szint felett fizetend\u0151 \u00e1ram- \u00e9s g\u00e1z\u00e1rak sem, \u00edgy nem n\u0151nek az egyetemes szolg\u00e1ltat\u00e1sra jogosult mintegy hatmilli\u00f3 fogyaszt\u00f3 terhei&#8221; &#8211; jelentette be Lantos Csaba energia\u00fcgyi miniszter a t\u00e1rca k\u00f6zlem\u00e9nye szerint.<\/strong><!--more--><\/p>\n<div class=\"ads-in-post2\"><script async src=\"https:\/\/pagead2.googlesyndication.com\/pagead\/js\/adsbygoogle.js\"><\/script>\r\n<ins class=\"adsbygoogle\"\r\n     style=\"display:block\"\r\n     data-ad-format=\"fluid\"\r\n     data-ad-layout-key=\"-6t+ed+2i-1n-4w\"\r\n     data-ad-client=\"ca-pub-1959107119989764\"\r\n     data-ad-slot=\"4008251320\"><\/ins>\r\n<script>\r\n     (adsbygoogle = window.adsbygoogle || []).push({});\r\n<\/script><\/div>\n<p>    Az egyetemes szolg\u00e1ltat\u00e1sban v\u00e9telezett villamos energia lakoss\u00e1gi piaci \u00e9s a f\u00f6ldg\u00e1z versenypiaci k\u00f6lts\u00e9geket t\u00fckr\u00f6z\u0151 \u00e1r\u00e1t a szolg\u00e1ltat\u00f3 adatk\u00f6zl\u00e9se alapj\u00e1n a Magyar Energetikai \u00e9s K\u00f6zm\u0171-szab\u00e1lyoz\u00e1si Hivatal (MEKH) \u00e1llap\u00edtja meg. A MEKH d\u00f6nt\u00e9se szerint e k\u00f6rben 2023. janu\u00e1r elsej\u00e9t\u0151l is a jelenlegiekkel megegyez\u0151 \u00e1rakat kell alkalmazni. A lakoss\u00e1gi felhaszn\u00e1l\u00f3k tarif\u00e1iban teh\u00e1t \u00e1tlagfogyaszt\u00e1s alatt \u00e9s felett sem hoz v\u00e1ltoz\u00e1st az \u00faj\u00e9v, ide\u00e9rtve m\u00e1sok mellett a t\u00e1rsash\u00e1zakban vagy t\u00f6bbgener\u00e1ci\u00f3s csal\u00e1di h\u00e1zakban, az \u00e1llami \u00e9s \u00f6nkorm\u00e1nyzati b\u00e9rlak\u00e1sokban \u00e9l\u0151ket is &#8211; t\u00e1j\u00e9koztatott a t\u00e1rcavezet\u0151.<br \/>\n    A miniszter a k\u00f6zlem\u00e9ny szerint hangs\u00falyozta: az eur\u00f3pai felhaszn\u00e1l\u00f3k k\u00f6z\u00fcl a magyar emberek kapj\u00e1k a legolcs\u00f3bban a f\u00f6ldg\u00e1zt, \u00e9s a m\u00e1sodik legkedvez\u0151bb \u00e1rat fizetik az \u00e1ram\u00e9rt. M\u00e9g az \u00e1tlagfogyaszt\u00e1st \u00f6t\u00f6d\u00e9vel meghalad\u00f3 h\u00e1ztart\u00e1sok k\u00f6lts\u00e9gein\u00e9l is csak a szerbiai fogyaszt\u00f3k sz\u00e1m\u00e1ra ker\u00fcl kevesebbe a k\u00e9t legfontosabb energiahordoz\u00f3 &#8211; tette hozz\u00e1.<br \/>\n    Eml\u00e9keztetett arra, hogy az \u00e1tlagfogyaszt\u00e1s feletti lakoss\u00e1gi \u00e1ram- \u00e9s g\u00e1z\u00e1rak j\u00f6v\u0151 \u00e9vi els\u0151 meg\u00e1llap\u00edt\u00e1si id\u0151szaka m\u00e1rcius helyett \u00e1prilis v\u00e9g\u00e9ig tart. 2023 elej\u00e9n teh\u00e1t az eddigi gyakorlatt\u00f3l elt\u00e9r\u0151en nem h\u00e1rom, hanem n\u00e9gy h\u00f3napra r\u00f6gz\u00edtik a rezsics\u00f6kkentett szinten t\u00fali tarif\u00e1kat. Mivel m\u00e1jusig a jelenlegi d\u00edjak maradnak \u00e9rv\u00e9nyben, a csal\u00e1dok a teljes f\u0171t\u00e9si szezonban azonos \u00e1rakkal sz\u00e1molhatnak. Hozz\u00e1tette: janu\u00e1rt\u00f3l nem m\u00f3dosulnak az egyetemes szolg\u00e1ltat\u00e1sban maradt mintegy 150 ezer mikrov\u00e1llalkoz\u00e1s  \u00e1ltal fizetend\u0151, kedvezm\u00e9nyes s\u00e1v feletti versenypiaci \u00e1rak sem.<br \/>\n    &#8222;A korm\u00e1ny j\u00f6v\u0151re is mindent megtesz a t\u00edz \u00e9ve megkezdett rezsics\u00f6kkent\u00e9s fenntart\u00e1s\u00e1\u00e9rt. M\u00e1r kor\u00e1bban kik\u00f6t\u00f6tte, hogy a rendszerhaszn\u00e1lati d\u00edjak janu\u00e1rt\u00f3l sem emelkedhetnek. A szankci\u00f3s int\u00e9zked\u00e9sek miatt az energiahordoz\u00f3k nemzetk\u00f6zi \u00e1rai t\u00f6rt\u00e9nelmi magass\u00e1gokba n\u0151ttek. Magyarorsz\u00e1gon a rezsics\u00f6kkent\u00e9s \u00e9s a ny\u00e1ron l\u00e9trehozott Rezsiv\u00e9delmi Alap k\u00edm\u00e9li meg a csal\u00e1dokat a drasztikus k\u00f6lts\u00e9gn\u00f6veked\u00e9st\u0151l. Az \u00f6n\u00e1ll\u00f3 Energia\u00fcgyi Miniszt\u00e9rium legfontosabb k\u00fcldet\u00e9se is a megfizethet\u0151 \u00e1rak \u00e9s a biztons\u00e1gos ell\u00e1t\u00e1s garant\u00e1l\u00e1sa&#8221; &#8211; fogalmazott Lantos Csaba a k\u00f6zlem\u00e9ny szerint.(MTI)<\/p>\n","protected":false},"excerpt":{"rendered":"<p>&#8222;A korm\u00e1ny a rezsics\u00f6kkent\u00e9s fenntart\u00e1s\u00e1val v\u00e9di meg a magyar csal\u00e1dokat az energiahordoz\u00f3k szankci\u00f3s fel\u00e1r\u00e1t\u00f3l. Az \u00e1tlagfogyaszt\u00e1sig a hazai lakoss\u00e1gi felhaszn\u00e1l\u00f3k tov\u00e1bbra is a legolcs\u00f3bban jutnak f\u00f6ldg\u00e1zhoz, \u00e9s a m\u00e1sodik legalacsonyabb \u00e1ron villamos energi\u00e1hoz Eur\u00f3p\u00e1ban. Janu\u00e1rt\u00f3l nem v\u00e1ltoznak a rezsics\u00f6kkentett szint felett fizetend\u0151 \u00e1ram- \u00e9s g\u00e1z\u00e1rak sem, \u00edgy nem n\u0151nek az egyetemes szolg\u00e1ltat\u00e1sra jogosult mintegy hatmilli\u00f3 &#8230;<\/p>\n","protected":false},"author":1001006,"featured_media":0,"comment_status":"open","ping_status":"open","sticky":false,"template":"","format":"standard","meta":[],"categories":[19],"tags":[],"_links":{"self":[{"href":"https:\/\/gazdasagportal.hu\/index.php\/wp-json\/wp\/v2\/posts\/142458"}],"collection":[{"href":"https:\/\/gazdasagportal.hu\/index.php\/wp-json\/wp\/v2\/posts"}],"about":[{"href":"https:\/\/gazdasagportal.hu\/index.php\/wp-json\/wp\/v2\/types\/post"}],"author":[{"embeddable":true,"href":"https:\/\/gazdasagportal.hu\/index.php\/wp-json\/wp\/v2\/users\/1001006"}],"replies":[{"embeddable":true,"href":"https:\/\/gazdasagportal.hu\/index.php\/wp-json\/wp\/v2\/comments?post=142458"}],"version-history":[{"count":1,"href":"https:\/\/gazdasagportal.hu\/index.php\/wp-json\/wp\/v2\/posts\/142458\/revisions"}],"predecessor-version":[{"id":142459,"href":"https:\/\/gazdasagportal.hu\/index.php\/wp-json\/wp\/v2\/posts\/142458\/revisions\/142459"}],"wp:attachment":[{"href":"https:\/\/gazdasagportal.hu\/index.php\/wp-json\/wp\/v2\/media?parent=142458"}],"wp:term":[{"taxonomy":"category","embeddable":true,"href":"https:\/\/gazdasagportal.hu\/index.php\/wp-json\/wp\/v2\/categories?post=142458"},{"taxonomy":"post_tag","embeddable":true,"href":"https:\/\/gazdasagportal.hu\/index.php\/wp-json\/wp\/v2\/tags?post=142458"}],"curies":[{"name":"wp","href":"https:\/\/api.w.org\/{rel}","templated":true}]}}