{"id":142381,"date":"2022-12-15T13:30:27","date_gmt":"2022-12-15T12:30:27","guid":{"rendered":"https:\/\/gazdasagportal.hu\/?p=142381"},"modified":"2022-12-15T13:30:27","modified_gmt":"2022-12-15T12:30:27","slug":"ey-az-adohatosag-a-kulfoldrol-beszerzett-jovedelemadatok-alapjan-is-birsagolhat","status":"publish","type":"post","link":"https:\/\/gazdasagportal.hu\/index.php\/ey-az-adohatosag-a-kulfoldrol-beszerzett-jovedelemadatok-alapjan-is-birsagolhat\/","title":{"rendered":"EY: az ad\u00f3hat\u00f3s\u00e1g a k\u00fclf\u00f6ldr\u0151l beszerzett j\u00f6vedelemadatok alapj\u00e1n is b\u00edrs\u00e1golhat"},"content":{"rendered":"<p><strong>Az ad\u00f3hat\u00f3s\u00e1g a rendelkez\u00e9s\u00e9re \u00e1ll\u00f3 digit\u00e1lis adatvagyont egyre jobban hasznos\u00edtja, \u00edgy el\u0151zetes pr\u00f3bav\u00e1s\u00e1rl\u00e1s vagy adategyeztet\u00e9s n\u00e9lk\u00fcl is k\u00e9pes ad\u00f3hi\u00e1nyt meg\u00e1llap\u00edtani, ak\u00e1r k\u00fclf\u00f6ldi ad\u00f3hat\u00f3s\u00e1gok seg\u00edts\u00e9g\u00e9t is ig\u00e9nybe v\u00e9ve a hi\u00e1nyz\u00f3 j\u00f6vedelem felt\u00e1r\u00e1s\u00e1hoz &#8211; h\u00edvja fel a figyelmet az EY cs\u00fct\u00f6rt\u00f6ki k\u00f6zlem\u00e9nye.<\/strong><!--more--><\/p>\n<div class=\"ads-in-post2\"><script async src=\"https:\/\/pagead2.googlesyndication.com\/pagead\/js\/adsbygoogle.js\"><\/script>\r\n<ins class=\"adsbygoogle\"\r\n     style=\"display:block\"\r\n     data-ad-format=\"fluid\"\r\n     data-ad-layout-key=\"-6t+ed+2i-1n-4w\"\r\n     data-ad-client=\"ca-pub-1959107119989764\"\r\n     data-ad-slot=\"4008251320\"><\/ins>\r\n<script>\r\n     (adsbygoogle = window.adsbygoogle || []).push({});\r\n<\/script><\/div>\n<p>    A tan\u00e1csad\u00f3 c\u00e9g szak\u00e9rt\u0151i szerint a Nemzeti Ad\u00f3- \u00e9s V\u00e1mhivatal (NAV) fokozott figyelemmel ellen\u0151rzi azokat, akik r\u00f6vid t\u00e1vra adnak ki sz\u00e1ll\u00e1shelyet.<br \/>\n    P\u00e9ldak\u00e9nt eml\u00edtenek egy friss K\u00faria-\u00edt\u00e9letet, amely szerint sz\u00e1ll\u00e1sk\u00f6zvet\u00edt\u0151 port\u00e1lokon hirdette ingatlanjait r\u00f6vid t\u00e1v\u00fa kiad\u00e1sra egy ad\u00f3z\u00f3, aki a tev\u00e9kenys\u00e9gb\u0151l sz\u00e1rmaz\u00f3 j\u00f6vedelmek ut\u00e1n nem fizetett ad\u00f3t \u00e9s bevall\u00e1st sem ny\u00fajtott be. A NAV nemzetk\u00f6zi megkeres\u00e9s keret\u00e9ben k\u00e9rte a k\u00fclf\u00f6ldi ad\u00f3hat\u00f3s\u00e1gok seg\u00edts\u00e9g\u00e9t a hi\u00e1nyz\u00f3 j\u00f6vedelem felt\u00e1r\u00e1s\u00e1hoz. A k\u00fclf\u00f6ldi ad\u00f3hat\u00f3s\u00e1gok \u00e1ltal a platformszolg\u00e1ltat\u00f3kt\u00f3l be\u00e9rkezett olyan adatok alapj\u00e1n, mint amilyen a vend\u00e9gek foglal\u00e1si adatai \u00e9s a jutal\u00e9ksz\u00e1ml\u00e1k, az ad\u00f3hat\u00f3s\u00e1g pontosan meg tudta hat\u00e1rozni az ad\u00f3z\u00f3 be nem vallott j\u00f6vedelm\u00e9t. A vizsg\u00e1lat eredm\u00e9nyek\u00e9nt k\u00f6zel 100 milli\u00f3 forintos ad\u00f3hi\u00e1nyt \u00e1llap\u00edtott meg az ad\u00f3hivatal, \u00e9s 200 sz\u00e1zal\u00e9kos ad\u00f3b\u00edrs\u00e1got is kiszabott a j\u00f6vedelem eltitkol\u00e1sa miatt.<br \/>\n    Az EY szerint az eset bizony\u00edtja, hogy az ad\u00f3ellen\u0151rz\u00e9sek \u00e9vr\u0151l-\u00e9vre egyre prec\u00edzebbek \u00e9s pontosabbak. M\u00e1r nincs sz\u00fcks\u00e9ge a NAV-nak arra, hogy pr\u00f3bav\u00e1s\u00e1rl\u00e1sokat tartson, automatikus adatcser\u00e9vel vagy adatelemz\u00e9ssel is k\u00e9pes volt \u00f6sszevetni a sz\u00e1ll\u00e1shelyek hirdet\u00e9si adatait az ad\u00f3bevall\u00e1s adataival.<br \/>\n    Kit\u00e9rtek arra, hogy k\u00fcl\u00f6n\u00f6sen az uni\u00f3s tagorsz\u00e1gok k\u00f6z\u00f6tt ma m\u00e1r gyors \u00e9s hat\u00e9kony a nemzetk\u00f6zi ad\u00f3z\u00e1si egy\u00fcttm\u0171k\u00f6d\u00e9s. Az EU digit\u00e1lis platformokra vonatkoz\u00f3 jelent\u00e9st\u00e9teli k\u00f6telezetts\u00e9ge alapj\u00e1n pedig a j\u00f6v\u0151ben ezek az ellen\u0151rz\u00e9sek m\u00e9g eredm\u00e9nyesebbek lesznek, hiszen a hasonl\u00f3 online platformok k\u00f6telesek lesznek bizonyos adatokat automatikusan tov\u00e1bb\u00edtani az ad\u00f3hat\u00f3s\u00e1gok sz\u00e1m\u00e1ra.(MTI)<\/p>\n","protected":false},"excerpt":{"rendered":"<p>Az ad\u00f3hat\u00f3s\u00e1g a rendelkez\u00e9s\u00e9re \u00e1ll\u00f3 digit\u00e1lis adatvagyont egyre jobban hasznos\u00edtja, \u00edgy el\u0151zetes pr\u00f3bav\u00e1s\u00e1rl\u00e1s vagy adategyeztet\u00e9s n\u00e9lk\u00fcl is k\u00e9pes ad\u00f3hi\u00e1nyt meg\u00e1llap\u00edtani, ak\u00e1r k\u00fclf\u00f6ldi ad\u00f3hat\u00f3s\u00e1gok seg\u00edts\u00e9g\u00e9t is ig\u00e9nybe v\u00e9ve a hi\u00e1nyz\u00f3 j\u00f6vedelem felt\u00e1r\u00e1s\u00e1hoz &#8211; h\u00edvja fel a figyelmet az EY cs\u00fct\u00f6rt\u00f6ki k\u00f6zlem\u00e9nye.<\/p>\n","protected":false},"author":1001005,"featured_media":0,"comment_status":"open","ping_status":"open","sticky":false,"template":"","format":"standard","meta":[],"categories":[19],"tags":[],"_links":{"self":[{"href":"https:\/\/gazdasagportal.hu\/index.php\/wp-json\/wp\/v2\/posts\/142381"}],"collection":[{"href":"https:\/\/gazdasagportal.hu\/index.php\/wp-json\/wp\/v2\/posts"}],"about":[{"href":"https:\/\/gazdasagportal.hu\/index.php\/wp-json\/wp\/v2\/types\/post"}],"author":[{"embeddable":true,"href":"https:\/\/gazdasagportal.hu\/index.php\/wp-json\/wp\/v2\/users\/1001005"}],"replies":[{"embeddable":true,"href":"https:\/\/gazdasagportal.hu\/index.php\/wp-json\/wp\/v2\/comments?post=142381"}],"version-history":[{"count":1,"href":"https:\/\/gazdasagportal.hu\/index.php\/wp-json\/wp\/v2\/posts\/142381\/revisions"}],"predecessor-version":[{"id":142382,"href":"https:\/\/gazdasagportal.hu\/index.php\/wp-json\/wp\/v2\/posts\/142381\/revisions\/142382"}],"wp:attachment":[{"href":"https:\/\/gazdasagportal.hu\/index.php\/wp-json\/wp\/v2\/media?parent=142381"}],"wp:term":[{"taxonomy":"category","embeddable":true,"href":"https:\/\/gazdasagportal.hu\/index.php\/wp-json\/wp\/v2\/categories?post=142381"},{"taxonomy":"post_tag","embeddable":true,"href":"https:\/\/gazdasagportal.hu\/index.php\/wp-json\/wp\/v2\/tags?post=142381"}],"curies":[{"name":"wp","href":"https:\/\/api.w.org\/{rel}","templated":true}]}}