{"id":142357,"date":"2022-12-14T07:24:07","date_gmt":"2022-12-14T06:24:07","guid":{"rendered":"https:\/\/gazdasagportal.hu\/?p=142357"},"modified":"2022-12-13T14:23:03","modified_gmt":"2022-12-13T13:23:03","slug":"schiller-auto-csalad-visszatekintes-2022-re","status":"publish","type":"post","link":"https:\/\/gazdasagportal.hu\/index.php\/schiller-auto-csalad-visszatekintes-2022-re\/","title":{"rendered":"Schiller Aut\u00f3 Csal\u00e1d: visszatekint\u00e9s 2022-re"},"content":{"rendered":"<p><b><a href=\"https:\/\/gazdasagportal.hu\/wp-content\/uploads\/2022\/12\/ujdonsag-1.jpeg\"><img decoding=\"async\" loading=\"lazy\" class=\"alignleft size-medium wp-image-142358\" src=\"https:\/\/gazdasagportal.hu\/wp-content\/uploads\/2022\/12\/ujdonsag-1-300x155.jpeg\" alt=\"\" width=\"300\" height=\"155\" srcset=\"https:\/\/gazdasagportal.hu\/wp-content\/uploads\/2022\/12\/ujdonsag-1-300x155.jpeg 300w, https:\/\/gazdasagportal.hu\/wp-content\/uploads\/2022\/12\/ujdonsag-1-1024x528.jpeg 1024w, https:\/\/gazdasagportal.hu\/wp-content\/uploads\/2022\/12\/ujdonsag-1-768x396.jpeg 768w, https:\/\/gazdasagportal.hu\/wp-content\/uploads\/2022\/12\/ujdonsag-1.jpeg 1280w\" sizes=\"(max-width: 300px) 100vw, 300px\" \/><\/a>A 2022-es \u00e9v sok kih\u00edv\u00e1st tartogatott a kis- \u00e9s k\u00f6z\u00e9pv\u00e1llalkoz\u00e1sok sz\u00e1m\u00e1ra. A post-COVID id\u0151szak neh\u00e9zs\u00e9gei ellen\u00e9re jelent\u0151s sikereket tudhat maga m\u00f6g\u00f6tt az 1980-ban alap\u00edtott Schiller Aut\u00f3 Csal\u00e1d. Cikk\u00fcnkben bemutatjuk, hogy a magyar v\u00e1llalkoz\u00e1s mik\u00e9pp vette fel a versenyt a nemzetk\u00f6zi konkurenci\u00e1val \u00e9s milyen digit\u00e1lis innov\u00e1ci\u00f3kkal rukkolt el\u0151 2022-ben. Tov\u00e1bb\u00e1, bemutatjuk a v\u00e1llalat \u00e1ltal megszerzett neves Deloitte Best Managed Company elismer\u00e9st.<\/b><!--more--><\/p>\n<div class=\"ads-in-post2\"><script async src=\"https:\/\/pagead2.googlesyndication.com\/pagead\/js\/adsbygoogle.js\"><\/script>\r\n<ins class=\"adsbygoogle\"\r\n     style=\"display:block\"\r\n     data-ad-format=\"fluid\"\r\n     data-ad-layout-key=\"-6t+ed+2i-1n-4w\"\r\n     data-ad-client=\"ca-pub-1959107119989764\"\r\n     data-ad-slot=\"4008251320\"><\/ins>\r\n<script>\r\n     (adsbygoogle = window.adsbygoogle || []).push({});\r\n<\/script><\/div>\n<h2><b>A Schiller Rent legfontosabb m\u00e9rf\u00f6ldk\u00f6vei 2022-ben<\/b><\/h2>\n<p><span style=\"font-weight: 400;\">A Schiller Rent 15 \u00e9ve van jelen a piacon. Kiemelked\u0151 m\u00e9ret\u0171 (jelenleg id\u0151szakosan t\u00f6bb, mint 500 j\u00e1rm\u0171b\u0151l \u00e1ll\u00f3) flott\u00e1j\u00e1val minden nap arra t\u00f6rekszik, hogy az aut\u00f3k\u00f6lcs\u00f6nz\u00e9sben is min\u00e9l magasabb szint\u0171 szolg\u00e1ltat\u00e1st ny\u00fajtson Magyarorsz\u00e1gon, \u00fczleti \u00e9s mag\u00e1n \u00fcgyfelei r\u00e9sz\u00e9re egyar\u00e1nt. A 2022-es \u00e9v sz\u00e1mos kih\u00edv\u00e1s el\u00e9 \u00e1ll\u00edtotta a v\u00e1llalatot, a neh\u00e9zs\u00e9gek ellen\u00e9re m\u00e9gis eredm\u00e9nyekben gazdag \u00e9vet tudhat maga m\u00f6g\u00f6tt.<\/span><\/p>\n<h3><b>\u00daj iroda a Liszt Ferenc rep\u00fcl\u0151t\u00e9ren<\/b><\/h3>\n<p><span style=\"font-weight: 400;\">Az <\/span><a href=\"https:\/\/schillerrent.hu\/hu\/\" target=\"_blank\" rel=\"noopener\"><span style=\"font-weight: 400;\">aut\u00f3b\u00e9rl\u00e9s<\/span><\/a><span style=\"font-weight: 400;\"> piac\u00e1n a turist\u00e1k \u00e9s az \u00fczleti utaz\u00f3k egyre fontosabb piaci szegmenst jelentenek. Az \u00fczleti c\u00e9lok mellett a Schiller Rent sz\u00e1m\u00e1ra fontos, hogy kimagasl\u00f3 min\u0151s\u00e9g\u0171, komfortos \u00e9s k\u00f6nnyen el\u00e9rhet\u0151 szolg\u00e1ltat\u00e1st ny\u00fajtson a Magyarorsz\u00e1gra l\u00e1togat\u00f3 utaz\u00f3k sz\u00e1m\u00e1ra. Ezen megfontol\u00e1sok alapj\u00e1n 2022 szeptember\u00e9ben a Schiller Rent megnyitotta leg\u00fajabb irod\u00e1j\u00e1t a Liszt Ferenc rep\u00fcl\u0151t\u00e9ren. Schiller M\u00e1rk, a c\u00e9gcsoport strat\u00e9giai \u00e9s marketing igazgat\u00f3ja az al\u00e1bbi m\u00f3don nyilatkozott az \u00faj irod\u00e1r\u00f3l:<\/span><\/p><div id=\"gazda-129536927\" class=\"gazda-tartalomban gazda-entity-placement\"><script async src=\"https:\/\/pagead2.googlesyndication.com\/pagead\/js\/adsbygoogle.js\"><\/script>\r\n<ins class=\"adsbygoogle\"\r\n     style=\"display:block\"\r\n     data-ad-format=\"fluid\"\r\n     data-ad-layout-key=\"-6t+ed+2i-1n-4w\"\r\n     data-ad-client=\"ca-pub-1959107119989764\"\r\n     data-ad-slot=\"4008251320\"><\/ins>\r\n<script>\r\n     (adsbygoogle = window.adsbygoogle || []).push({});\r\n<\/script><\/div>\n<p><i><span style=\"font-weight: 400;\">\u201cAz \u00faj irod\u00e1nk szeptember elej\u00e9n ny\u00edlt meg a Liszt Ferenc rep\u00fcl\u0151t\u00e9ren, k\u00f6zvetlen\u00fcl a termin\u00e1lon, ahol eddig csak h\u00e9t m\u00e1sik, nemzetk\u00f6zi, aut\u00f3b\u00e9rl\u00e9ssel foglalkoz\u00f3 franchise c\u00e9g volt jelen. Komoly know-how-val \u00e9s glob\u00e1lis h\u00e1tt\u00e9rrel rendelkez\u0151 versenyt\u00e1rsakr\u00f3l van sz\u00f3, b\u00fcszk\u00e9k vagyunk r\u00e1, hogy egyed\u00fcli magyar c\u00e9gk\u00e9nt a Schiller Rent is helyet kapott mellett\u00fck.\u201d<\/span><\/i><\/p>\n<h3><b>0-24 m\u0171k\u00f6d\u0151 automata aut\u00f3b\u00e9rl\u00e9shez<\/b><\/h3>\n<p><span style=\"font-weight: 400;\">A 2022-es \u00e9v m\u00e1sik jelent\u0151s \u00faj\u00edt\u00e1sa a non-stop m\u0171k\u00f6d\u0151 kulcsautomata be\u00fczemel\u00e9se. A berendez\u00e9s seg\u00edts\u00e9g\u00e9vel egyszer\u0171en \u00e9s gyorsan adhatnak le \u00e9s vehetnek fel b\u00e9raut\u00f3kat az \u00fcgyfelek a nyitvatart\u00e1si id\u0151n k\u00edv\u00fcl. Az \u00f6nkiszolg\u00e1l\u00f3 aut\u00f3b\u00e9rl\u00e9s l\u00e9p\u00e9sei a k\u00f6vetkez\u0151k:<\/span><\/p>\n<ol>\n<li style=\"font-weight: 400;\" aria-level=\"1\"><span style=\"font-weight: 400;\">az \u00fcgyf\u00e9l kiv\u00e1lasztja \u00e9s lefoglalja az aut\u00f3t,<\/span><\/li>\n<li style=\"font-weight: 400;\" aria-level=\"1\"><span style=\"font-weight: 400;\">elv\u00e9gzi a r\u00f6vid adminisztr\u00e1ci\u00f3s folyamatot,<\/span><\/li>\n<li style=\"font-weight: 400;\" aria-level=\"1\"><span style=\"font-weight: 400;\">ezt k\u00f6vet\u0151en kap egy PIN-k\u00f3dot,\u00a0<\/span><\/li>\n<li style=\"font-weight: 400;\" aria-level=\"1\"><span style=\"font-weight: 400;\">a k\u00f3d seg\u00edts\u00e9g\u00e9vel az automat\u00e1b\u00f3l az \u00e1ltala v\u00e1lasztott id\u0151pontban leadhatja vagy felveheti a b\u00e9raut\u00f3t.<\/span><\/li>\n<\/ol>\n<p><span style=\"font-weight: 400;\">Az automata val\u00f3di \u00faj\u00edt\u00e1s, amely ler\u00f6vid\u00edti az aut\u00f3b\u00e9rl\u00e9s folyamat\u00e1t, hisz az eszk\u00f6z seg\u00edts\u00e9g\u00e9vel megsp\u00f3rolhat\u00f3 a szem\u00e9lyes \u00fcgyint\u00e9z\u00e9sre ford\u00edtand\u00f3 id\u0151. T\u00f6k\u00e9letes v\u00e1laszt\u00e1s azoknak, akiknek \u201eaz id\u0151 p\u00e9nz\u201d.<\/span><\/p>\n<h2><b>A Schiller Aut\u00f3 Csal\u00e1d legfontosabb m\u00e9rf\u00f6ldk\u00f6vei 2022-ben<\/b><\/h2>\n<h3><b>Deloitte Best Managed Company elismer\u00e9s elnyer\u00e9se<\/b><\/h3>\n<p><span style=\"font-weight: 400;\">A Deloitte Private 2022-ben elind\u00edtotta a Kiv\u00e1l\u00f3an Vezetett V\u00e1llalatok (Best Managed Companies) programot, amely l\u00e9nyege elismerni a kimagasl\u00f3 teljes\u00edtm\u00e9ny\u0171 magyar tulajdon\u00fa \u00e9s vezet\u00e9s\u0171 v\u00e1llalatokat. A programra jelentkez\u0151 v\u00e1llalatok \u00fczleti mentor\u00e1l\u00e1sban r\u00e9szes\u00fclnek, amely alapos elemz\u00e9st k\u00f6vet\u0151en \u00e9rt\u00e9kes fejl\u0151d\u00e9si tan\u00e1csokkal l\u00e1tja el a r\u00e9sztvev\u0151ket. A szakmai zs\u0171riben szerepelt:<\/span><\/p>\n<ul>\n<li style=\"font-weight: 400;\" aria-level=\"1\"><span style=\"font-weight: 400;\">Baksay Gergely (Magyar Nemzeti Bank k\u00f6zgazdas\u00e1gi elemz\u00e9sek\u00e9rt \u00e9s versenyk\u00e9pess\u00e9g\u00e9rt felel\u0151s \u00fcgyvezet\u0151 igazgat\u00f3ja)<\/span><\/li>\n<li style=\"font-weight: 400;\" aria-level=\"1\"><span style=\"font-weight: 400;\">Dr. Csillag S\u00e1ra (Budapesti Gazdas\u00e1gi Egyetem, P\u00e9nz\u00fcgyi \u00e9s Sz\u00e1mviteli Kar d\u00e9k\u00e1nja)<\/span><\/li>\n<li style=\"font-weight: 400;\" aria-level=\"1\"><span style=\"font-weight: 400;\">Koji L\u00e1szl\u00f3 (Munkaad\u00f3k \u00e9s Gy\u00e1riparosok Orsz\u00e1gos Sz\u00f6vets\u00e9ge aleln\u00f6ke)<\/span><\/li>\n<li style=\"font-weight: 400;\" aria-level=\"1\"><span style=\"font-weight: 400;\">V\u00e9gh Rich\u00e1rd (Budapesti \u00c9rt\u00e9kt\u0151zsde Zrt. vez\u00e9rigazgat\u00f3ja)<\/span><\/li>\n<li style=\"font-weight: 400;\" aria-level=\"1\"><span style=\"font-weight: 400;\">Wolf L\u00e1szl\u00f3 (OTP igazgat\u00f3s\u00e1gi tagja \u00e9s vez\u00e9rigazgat\u00f3-helyettese)<\/span><\/li>\n<\/ul>\n<p><span style=\"font-weight: 400;\">A program 2022-es d\u00edjazottjai k\u00f6z\u00f6tt szerepel a Schiller Aut\u00f3 Csal\u00e1d Zrt. is. A neves d\u00edj elnyer\u00e9se is j\u00f3l mutatja, hogy v\u00e1llalat val\u00f3ban agilis \u00e9s a nemzetk\u00f6zi sztenderdeknek is megfelel\u0151.<\/span><\/p>\n<h3><b>Audi m\u00e1rkaszerviz megnyit\u00e1sa<\/b><\/h3>\n<p><span style=\"font-weight: 400;\">Az \u00e9v m\u00e1sik kiemelked\u0151 m\u00e9rf\u00f6ldk\u00f6ve a 2022 febru\u00e1rj\u00e1ban indul\u00f3 hivatalos Audi m\u00e1rkaszerviz szolg\u00e1ltat\u00e1s. A modern szerviz infrastrukt\u00far\u00e1n t\u00fal, olyan k\u00e9nyelmi szolg\u00e1ltat\u00e1sok teszik az \u00fcgyfelek dolg\u00e1t k\u00f6nnyebb\u00e9, mint:<\/span><\/p>\n<ul>\n<li style=\"font-weight: 400;\" aria-level=\"1\"><span style=\"font-weight: 400;\">online id\u0151pontfoglal\u00e1s,<\/span><\/li>\n<li style=\"font-weight: 400;\" aria-level=\"1\"><span style=\"font-weight: 400;\">tabletes munkafelv\u00e9tel,<\/span><\/li>\n<li style=\"font-weight: 400;\" aria-level=\"1\"><span style=\"font-weight: 400;\">\u00e9s non-stop aut\u00f3lead\u00e1s kulcs automat\u00e1val.<\/span><\/li>\n<\/ul>\n<p><span style=\"font-weight: 400;\">Az \u00faj\u00edt\u00e1st k\u00f6vet\u0151en a Schiller Aut\u00f3 Csal\u00e1d szalonja jogosult a Skoda, VW, VW haszonj\u00e1rm\u0171 \u00e9s Audi m\u00e1rkaszerviz feladatok ell\u00e1t\u00e1s\u00e1ra is.<\/span><\/p>\n<p><a href=\"https:\/\/gazdasagportal.hu\/wp-content\/uploads\/2022\/12\/ujdonsag-2.jpeg\"><img decoding=\"async\" loading=\"lazy\" class=\"aligncenter size-full wp-image-142359\" src=\"https:\/\/gazdasagportal.hu\/wp-content\/uploads\/2022\/12\/ujdonsag-2.jpeg\" alt=\"\" width=\"1280\" height=\"762\" srcset=\"https:\/\/gazdasagportal.hu\/wp-content\/uploads\/2022\/12\/ujdonsag-2.jpeg 1280w, https:\/\/gazdasagportal.hu\/wp-content\/uploads\/2022\/12\/ujdonsag-2-300x179.jpeg 300w, https:\/\/gazdasagportal.hu\/wp-content\/uploads\/2022\/12\/ujdonsag-2-1024x610.jpeg 1024w, https:\/\/gazdasagportal.hu\/wp-content\/uploads\/2022\/12\/ujdonsag-2-768x457.jpeg 768w\" sizes=\"(max-width: 1280px) 100vw, 1280px\" \/><\/a><\/p>\n<h2><b>Mi v\u00e1rhat\u00f3 2023-ra?<\/b><\/h2>\n<p><span style=\"font-weight: 400;\">A Schiller Aut\u00f3 Csal\u00e1d az eddig megszokottakhoz hasonl\u00f3an 2023-ban is kifog\u00e1stalan szolg\u00e1ltat\u00e1st fog ny\u00fajtani lakoss\u00e1gi \u00e9s \u00fczleti partnereinek egyar\u00e1nt. Tov\u00e1bbra is az \u00fcgyf\u00e9l ig\u00e9nyeknek megfelel\u0151, rugalmas \u00e9s kimagasl\u00f3 aut\u00f3b\u00e9rl\u00e9si, szervizel\u00e9si \u00e9s \u00e9rt\u00e9kes\u00edt\u00e9si szolg\u00e1ltat\u00e1st ny\u00fajtunk. A b\u00e9raut\u00f3 flott\u00e1ban n\u00f6vekszik az <\/span><a href=\"https:\/\/schiller.hu\/elektromos-autok\/\" target=\"_blank\" rel=\"noopener\"><span style=\"font-weight: 400;\">elektromos aut\u00f3k<\/span><\/a><span style=\"font-weight: 400;\"> sz\u00e1ma, \u00edgy egyre t\u00f6bb \u00fcgyfel\u00fcnk d\u00f6nthet az alternat\u00edv meghajt\u00e1s\u00fa g\u00e9pkocsik mellett.<\/span><\/p>\n","protected":false},"excerpt":{"rendered":"<p>A 2022-es \u00e9v sok kih\u00edv\u00e1st tartogatott a kis- \u00e9s k\u00f6z\u00e9pv\u00e1llalkoz\u00e1sok sz\u00e1m\u00e1ra. A post-COVID id\u0151szak neh\u00e9zs\u00e9gei ellen\u00e9re jelent\u0151s sikereket tudhat maga m\u00f6g\u00f6tt az 1980-ban alap\u00edtott Schiller Aut\u00f3 Csal\u00e1d. Cikk\u00fcnkben bemutatjuk, hogy a magyar v\u00e1llalkoz\u00e1s mik\u00e9pp vette fel a versenyt a nemzetk\u00f6zi konkurenci\u00e1val \u00e9s milyen digit\u00e1lis innov\u00e1ci\u00f3kkal rukkolt el\u0151 2022-ben. Tov\u00e1bb\u00e1, bemutatjuk a v\u00e1llalat \u00e1ltal megszerzett neves &#8230;<\/p>\n","protected":false},"author":1001005,"featured_media":142358,"comment_status":"open","ping_status":"open","sticky":false,"template":"","format":"standard","meta":[],"categories":[19,436],"tags":[],"_links":{"self":[{"href":"https:\/\/gazdasagportal.hu\/index.php\/wp-json\/wp\/v2\/posts\/142357"}],"collection":[{"href":"https:\/\/gazdasagportal.hu\/index.php\/wp-json\/wp\/v2\/posts"}],"about":[{"href":"https:\/\/gazdasagportal.hu\/index.php\/wp-json\/wp\/v2\/types\/post"}],"author":[{"embeddable":true,"href":"https:\/\/gazdasagportal.hu\/index.php\/wp-json\/wp\/v2\/users\/1001005"}],"replies":[{"embeddable":true,"href":"https:\/\/gazdasagportal.hu\/index.php\/wp-json\/wp\/v2\/comments?post=142357"}],"version-history":[{"count":1,"href":"https:\/\/gazdasagportal.hu\/index.php\/wp-json\/wp\/v2\/posts\/142357\/revisions"}],"predecessor-version":[{"id":142360,"href":"https:\/\/gazdasagportal.hu\/index.php\/wp-json\/wp\/v2\/posts\/142357\/revisions\/142360"}],"wp:featuredmedia":[{"embeddable":true,"href":"https:\/\/gazdasagportal.hu\/index.php\/wp-json\/wp\/v2\/media\/142358"}],"wp:attachment":[{"href":"https:\/\/gazdasagportal.hu\/index.php\/wp-json\/wp\/v2\/media?parent=142357"}],"wp:term":[{"taxonomy":"category","embeddable":true,"href":"https:\/\/gazdasagportal.hu\/index.php\/wp-json\/wp\/v2\/categories?post=142357"},{"taxonomy":"post_tag","embeddable":true,"href":"https:\/\/gazdasagportal.hu\/index.php\/wp-json\/wp\/v2\/tags?post=142357"}],"curies":[{"name":"wp","href":"https:\/\/api.w.org\/{rel}","templated":true}]}}