{"id":142297,"date":"2022-12-09T08:40:07","date_gmt":"2022-12-09T07:40:07","guid":{"rendered":"https:\/\/gazdasagportal.hu\/?p=142297"},"modified":"2022-12-09T08:40:07","modified_gmt":"2022-12-09T07:40:07","slug":"az-inflacio-novemberben-tovabb-emelkedett-raadasul-a-vartnal-is-gyorsabb-utemben","status":"publish","type":"post","link":"https:\/\/gazdasagportal.hu\/index.php\/az-inflacio-novemberben-tovabb-emelkedett-raadasul-a-vartnal-is-gyorsabb-utemben\/","title":{"rendered":"Az infl\u00e1ci\u00f3 novemberben tov\u00e1bb emelkedett, r\u00e1ad\u00e1sul a v\u00e1rtn\u00e1l is gyorsabb \u00fctemben"},"content":{"rendered":"<p style=\"font-weight: 400;\"><strong>Az infl\u00e1ci\u00f3 novemberben tov\u00e1bb emelkedett, r\u00e1ad\u00e1sul a v\u00e1rtn\u00e1l is gyorsabb \u00fctemben. Okt\u00f3berhez k\u00e9pest a fogyaszt\u00f3i \u00e1rak 1,8 sz\u00e1zal\u00e9kkal n\u0151ttek, az \u00e9ves infl\u00e1ci\u00f3 \u00edgy 22,5 sz\u00e1zal\u00e9kra gyorsult az okt\u00f3berben k\u00f6zz\u00e9tett 21,1 sz\u00e1zal\u00e9kr\u00f3l. A t\u00e9nyadat ism\u00e9t magasabbnak bizonyult az el\u0151zetesen v\u00e1rtn\u00e1l. A maginfl\u00e1ci\u00f3 is n\u0151tt novemberben, el\u00e9rve a 24 sz\u00e1zal\u00e9kot \u00e9v\/\u00e9v alapon.<\/strong><\/p>\n<p><!--more--><\/p>\n<div class=\"ads-in-post2\"><script async src=\"https:\/\/pagead2.googlesyndication.com\/pagead\/js\/adsbygoogle.js\"><\/script>\r\n<ins class=\"adsbygoogle\"\r\n     style=\"display:block\"\r\n     data-ad-format=\"fluid\"\r\n     data-ad-layout-key=\"-6t+ed+2i-1n-4w\"\r\n     data-ad-client=\"ca-pub-1959107119989764\"\r\n     data-ad-slot=\"4008251320\"><\/ins>\r\n<script>\r\n     (adsbygoogle = window.adsbygoogle || []).push({});\r\n<\/script><\/div>\n<p style=\"font-weight: 400;\">\n<p style=\"font-weight: 400;\">Ahogyan azt m\u00e1r az eddigi h\u00f3napokban megszokhattuk, novemberben is az \u00e9lelmiszer\u00e1rak jelentett\u00e9k az infl\u00e1ci\u00f3 f\u0151 motorj\u00e1t. Dac\u00e1ra a toj\u00e1s \u00e9s a burgonya \u00e1rstopj\u00e1nak, a f\u0151csoport \u00e1rai tov\u00e1bbi 3,6 sz\u00e1zal\u00e9kkal emelkedtek havi szinten, s az \u00e9ves r\u00e1t\u00e1juk el\u00e9rte a 43,8 sz\u00e1zal\u00e9kot. Tov\u00e1bbra sem l\u00e1tszik lassul\u00e1s az \u00e9lelmiszerdr\u00e1gul\u00e1s frontj\u00e1n: az asz\u00e1lyk\u00e1rok, a szektor alacsony termel\u00e9kenys\u00e9ge, az \u00e1rstopok okozta vesztes\u00e9gek m\u00e1s term\u00e9keken val\u00f3 kompenz\u00e1l\u00e1sa, valamint a magas import \u00e9s a gyenge forint a legfontosabb magyar\u00e1z\u00f3 t\u00e9nyez\u0151i a kiemelked\u0151 \u00e9lelmiszerdr\u00e1gul\u00e1snak Magyarorsz\u00e1gon. Fordulatot itt val\u00f3sz\u00edn\u0171leg a kereslet f\u00e9kez\u0151d\u00e9se hoz majd, aminek els\u0151 jeleit m\u00e1r az okt\u00f3beri kiskereskedelmi forgalmi statisztik\u00e1ban is l\u00e1thattuk.<\/p>\n<p style=\"font-weight: 400;\">\n<p style=\"font-weight: 400;\">B\u00e9r az \u00e9lelmiszerekn\u00e9l kisebb m\u00e9rt\u00e9kben, az egy\u00e9b fogyaszt\u00e1si f\u0151csoportok \u00e1rai is tov\u00e1bb n\u0151ttek &#8211; m\u00e9g mindig meglehet\u0151sen sz\u00e9les k\u00f6r\u0171 \u00e1rnyom\u00e1st jelezve a gazdas\u00e1gban. A ruh\u00e1zati cikkek \u00e1rai 1,6 sz\u00e1zal\u00e9kkal, a tart\u00f3s fogyaszt\u00e1si cikkek \u00e1ra 0,8 sz\u00e1zal\u00e9kkal emelkedtek havi szinten, ami legink\u00e1bb a volatilis \u00e9s gyenge forint kedvez\u0151tlen hat\u00e1s\u00e1t t\u00fckr\u00f6zi. Kifejezetten negat\u00edv emellett, hogy a szolg\u00e1ltat\u00e1sok \u00e1rn\u00f6veked\u00e9se novemberben 0,9 sz\u00e1zal\u00e9kra gyorsult h\u00f3\/h\u00f3 alapon.<\/p><div id=\"gazda-648535905\" class=\"gazda-tartalomban gazda-entity-placement\"><script async src=\"https:\/\/pagead2.googlesyndication.com\/pagead\/js\/adsbygoogle.js\"><\/script>\r\n<ins class=\"adsbygoogle\"\r\n     style=\"display:block\"\r\n     data-ad-format=\"fluid\"\r\n     data-ad-layout-key=\"-6t+ed+2i-1n-4w\"\r\n     data-ad-client=\"ca-pub-1959107119989764\"\r\n     data-ad-slot=\"4008251320\"><\/ins>\r\n<script>\r\n     (adsbygoogle = window.adsbygoogle || []).push({});\r\n<\/script><\/div>\n<p style=\"font-weight: 400;\">\n<p style=\"font-weight: 400;\">A v\u00e1rtn\u00e1l magasabb novemberi infl\u00e1ci\u00f3, valamint az \u00fczemanyagok \u00e1rplafonj\u00e1nak a tervezettn\u00e9l kor\u00e1bbi elt\u00f6rl\u00e9se \u00a0\u00a0\u00a0eredm\u00e9nyek\u00e9nt az infl\u00e1ci\u00f3 m\u00e1r decemberben el\u00e9rheti \u00e9ves szinten a 25 sz\u00e1zal\u00e9kot. J\u00f6v\u0151re az els\u0151 negyed\u00e9vben v\u00e1rhat\u00f3an tov\u00e1bb emelkedik az infl\u00e1ci\u00f3, a m\u00e9rt\u00e9k azonban bizonytalan; a \u201eszok\u00e1sos\u201d \u00e9v eleji \u00e1t\u00e1raz\u00e1sok szerepe meghat\u00e1roz\u00f3 lesz, f\u0151leg annak f\u00e9ny\u00e9ben, hogy a bels\u0151 kereslet is v\u00e1rhat\u00f3an fordul ekkorra. Az infl\u00e1ci\u00f3s cs\u00facsot az els\u0151 negyed\u00e9vben \u00e9rhetj\u00fck el. A m\u00e1sodik negyed\u00e9vben m\u00e1r cs\u00f6kken\u00e9snek indulhat az \u00e1remelked\u00e9s \u00fcteme, a folyamat azonban meglehet\u0151sen lass\u00fa lesz v\u00e1rakoz\u00e1sunk szerint. Az \u00e9ves \u00e1tlagos infl\u00e1ci\u00f3 2023-ban k\u00f6nnyen el\u00e9rheti, ak\u00e1r meg is haladhatja a 18%-ot.<\/p>\n","protected":false},"excerpt":{"rendered":"<p>Az infl\u00e1ci\u00f3 novemberben tov\u00e1bb emelkedett, r\u00e1ad\u00e1sul a v\u00e1rtn\u00e1l is gyorsabb \u00fctemben. Okt\u00f3berhez k\u00e9pest a fogyaszt\u00f3i \u00e1rak 1,8 sz\u00e1zal\u00e9kkal n\u0151ttek, az \u00e9ves infl\u00e1ci\u00f3 \u00edgy 22,5 sz\u00e1zal\u00e9kra gyorsult az okt\u00f3berben k\u00f6zz\u00e9tett 21,1 sz\u00e1zal\u00e9kr\u00f3l. A t\u00e9nyadat ism\u00e9t magasabbnak bizonyult az el\u0151zetesen v\u00e1rtn\u00e1l. A maginfl\u00e1ci\u00f3 is n\u0151tt novemberben, el\u00e9rve a 24 sz\u00e1zal\u00e9kot \u00e9v\/\u00e9v alapon.<\/p>\n","protected":false},"author":1001006,"featured_media":0,"comment_status":"open","ping_status":"open","sticky":false,"template":"","format":"standard","meta":[],"categories":[19],"tags":[],"_links":{"self":[{"href":"https:\/\/gazdasagportal.hu\/index.php\/wp-json\/wp\/v2\/posts\/142297"}],"collection":[{"href":"https:\/\/gazdasagportal.hu\/index.php\/wp-json\/wp\/v2\/posts"}],"about":[{"href":"https:\/\/gazdasagportal.hu\/index.php\/wp-json\/wp\/v2\/types\/post"}],"author":[{"embeddable":true,"href":"https:\/\/gazdasagportal.hu\/index.php\/wp-json\/wp\/v2\/users\/1001006"}],"replies":[{"embeddable":true,"href":"https:\/\/gazdasagportal.hu\/index.php\/wp-json\/wp\/v2\/comments?post=142297"}],"version-history":[{"count":1,"href":"https:\/\/gazdasagportal.hu\/index.php\/wp-json\/wp\/v2\/posts\/142297\/revisions"}],"predecessor-version":[{"id":142298,"href":"https:\/\/gazdasagportal.hu\/index.php\/wp-json\/wp\/v2\/posts\/142297\/revisions\/142298"}],"wp:attachment":[{"href":"https:\/\/gazdasagportal.hu\/index.php\/wp-json\/wp\/v2\/media?parent=142297"}],"wp:term":[{"taxonomy":"category","embeddable":true,"href":"https:\/\/gazdasagportal.hu\/index.php\/wp-json\/wp\/v2\/categories?post=142297"},{"taxonomy":"post_tag","embeddable":true,"href":"https:\/\/gazdasagportal.hu\/index.php\/wp-json\/wp\/v2\/tags?post=142297"}],"curies":[{"name":"wp","href":"https:\/\/api.w.org\/{rel}","templated":true}]}}