{"id":142189,"date":"2022-11-29T13:44:10","date_gmt":"2022-11-29T12:44:10","guid":{"rendered":"https:\/\/gazdasagportal.hu\/?p=142189"},"modified":"2022-11-29T13:44:10","modified_gmt":"2022-11-29T12:44:10","slug":"csaknem-20-szazalekkal-nott-a-jysk-arbevetele-magyarorszagon","status":"publish","type":"post","link":"https:\/\/gazdasagportal.hu\/index.php\/csaknem-20-szazalekkal-nott-a-jysk-arbevetele-magyarorszagon\/","title":{"rendered":"Csaknem 20 sz\u00e1zal\u00e9kkal n\u0151tt a JYSK \u00e1rbev\u00e9tele Magyarorsz\u00e1gon"},"content":{"rendered":"<p><strong>A JYSK \u00e1rbev\u00e9tele 19 sz\u00e1zal\u00e9kkal, 67,6 milli\u00e1rd forintra n\u0151tt Magyarorsz\u00e1gon a 2021 szeptember\u00e9t\u0151l 2022 augusztus\u00e1ig tart\u00f3 p\u00e9nz\u00fcgyi \u00e9v\u00e9ben, ad\u00f3z\u00e1s el\u0151tti eredm\u00e9nye (EBIT) a teljes c\u00e9gre vet\u00edtve 12,49 milli\u00e1rd forint lett, ami 0,4 sz\u00e1zal\u00e9kos emelked\u00e9st jelent &#8211; t\u00e1j\u00e9koztatta a lakberendez\u00e9si \u00e1ruh\u00e1zl\u00e1nc az MTI-t kedden.<\/strong><!--more--><\/p>\n<div class=\"ads-in-post2\"><script async src=\"https:\/\/pagead2.googlesyndication.com\/pagead\/js\/adsbygoogle.js\"><\/script>\r\n<ins class=\"adsbygoogle\"\r\n     style=\"display:block\"\r\n     data-ad-format=\"fluid\"\r\n     data-ad-layout-key=\"-6t+ed+2i-1n-4w\"\r\n     data-ad-client=\"ca-pub-1959107119989764\"\r\n     data-ad-slot=\"4008251320\"><\/ins>\r\n<script>\r\n     (adsbygoogle = window.adsbygoogle || []).push({});\r\n<\/script><\/div>\n<p>    A kereskedelmi tev\u00e9kenys\u00e9g \u00e1rbev\u00e9tele 66,5 milli\u00e1rd forintot tett ki, aminek az ad\u00f3z\u00e1s el\u0151tti eredm\u00e9nye 14,79 milli\u00e1rd forint volt, ez mintegy 18 sz\u00e1zal\u00e9kos n\u00f6veked\u00e9s az el\u0151z\u0151 p\u00e9nz\u00fcgyi \u00e9vhez k\u00e9pest.<br \/>\n    A k\u00f6zlem\u00e9ny szerint a JYSK Magyarorsz\u00e1gon a 2021-22-es p\u00e9nz\u00fcgyi \u00e9vben 3 \u00faj \u00fczletet nyitott \u00e9s 16-ot \u00faj\u00edtott fel, 1 elk\u00f6lt\u00f6z\u00f6tt, 2 pedig b\u0151v\u00fclt. A 2022-23-as id\u0151szakban 5 \u00fczlet nyit\u00e1s\u00e1t tervezik \u00e9s tov\u00e1bbi 23 \u00e1ruh\u00e1z \u00fajul meg, b\u0151v\u00fcl vagy k\u00f6lt\u00f6zik.<br \/>\n    A 2021-22-es p\u00e9nz\u00fcgyi \u00e9vben elkezdte m\u0171k\u00f6d\u00e9s\u00e9t a JYSK ecseri logisztikai k\u00f6zpontja, ahonnan m\u00e1r 220 egys\u00e9get l\u00e1tnak el, a 91 magyarorsz\u00e1gi \u00fczletet \u00e9s az online megrendel\u00e9seket, valamint 53 horv\u00e1t, 50 szlov\u00e1k \u00e9s 25 szlov\u00e9n \u00fczletet. T\u00f6bb mint 700 k\u00fcl\u00f6nb\u00f6z\u0151 term\u00e9kt\u00edpus van rakt\u00e1ron, de ezeknek a sz\u00e1ma folyamatosan n\u0151, az itt dolgoz\u00f3k l\u00e9tsz\u00e1ma pedig a jelenlegi 200-r\u00f3l a tervek szerint 2023 tavasz\u00e1ra 300-ra emelkedik &#8211; ismertette a k\u00f6zlem\u00e9nyben Szimeiszter S\u00e1ndor, a JYSK magyarorsz\u00e1gi country menedzsere.<br \/>\n    A v\u00e1llalat jelezte azt is, hogy a magyarorsz\u00e1gi v\u00e1s\u00e1rl\u00e1sok t\u00f6bb mint 10 sz\u00e1zal\u00e9k\u00e1t tette ki az online rendel\u00e9s, a netes vev\u0151k \u00e1tlagosan csaknem n\u00e9gyszer annyit k\u00f6lt\u00f6ttek egy-egy alkalommal, mint az \u00e1ruh\u00e1zakban v\u00e1s\u00e1rl\u00f3k.<br \/>\n    A t\u00e1rsas\u00e1gnak Magyarorsz\u00e1gon t\u00f6bb mint 1000 munkav\u00e1llal\u00f3ja van \u00e9s 91 \u00fczlettel rendelkezik.<br \/>\n    A JYSK skandin\u00e1v gy\u00f6ker\u0171 nemzetk\u00f6zi lakberendez\u00e9si \u00e1ruh\u00e1zl\u00e1nc, 30 ezer munkat\u00e1rsa, t\u00f6bb mint 3200 \u00e1ruh\u00e1za \u00e9s webshopja van 48 orsz\u00e1gban.(MTI)<\/p>\n","protected":false},"excerpt":{"rendered":"<p>A JYSK \u00e1rbev\u00e9tele 19 sz\u00e1zal\u00e9kkal, 67,6 milli\u00e1rd forintra n\u0151tt Magyarorsz\u00e1gon a 2021 szeptember\u00e9t\u0151l 2022 augusztus\u00e1ig tart\u00f3 p\u00e9nz\u00fcgyi \u00e9v\u00e9ben, ad\u00f3z\u00e1s el\u0151tti eredm\u00e9nye (EBIT) a teljes c\u00e9gre vet\u00edtve 12,49 milli\u00e1rd forint lett, ami 0,4 sz\u00e1zal\u00e9kos emelked\u00e9st jelent &#8211; t\u00e1j\u00e9koztatta a lakberendez\u00e9si \u00e1ruh\u00e1zl\u00e1nc az MTI-t kedden.<\/p>\n","protected":false},"author":1001005,"featured_media":0,"comment_status":"open","ping_status":"open","sticky":false,"template":"","format":"standard","meta":[],"categories":[19],"tags":[],"_links":{"self":[{"href":"https:\/\/gazdasagportal.hu\/index.php\/wp-json\/wp\/v2\/posts\/142189"}],"collection":[{"href":"https:\/\/gazdasagportal.hu\/index.php\/wp-json\/wp\/v2\/posts"}],"about":[{"href":"https:\/\/gazdasagportal.hu\/index.php\/wp-json\/wp\/v2\/types\/post"}],"author":[{"embeddable":true,"href":"https:\/\/gazdasagportal.hu\/index.php\/wp-json\/wp\/v2\/users\/1001005"}],"replies":[{"embeddable":true,"href":"https:\/\/gazdasagportal.hu\/index.php\/wp-json\/wp\/v2\/comments?post=142189"}],"version-history":[{"count":1,"href":"https:\/\/gazdasagportal.hu\/index.php\/wp-json\/wp\/v2\/posts\/142189\/revisions"}],"predecessor-version":[{"id":142190,"href":"https:\/\/gazdasagportal.hu\/index.php\/wp-json\/wp\/v2\/posts\/142189\/revisions\/142190"}],"wp:attachment":[{"href":"https:\/\/gazdasagportal.hu\/index.php\/wp-json\/wp\/v2\/media?parent=142189"}],"wp:term":[{"taxonomy":"category","embeddable":true,"href":"https:\/\/gazdasagportal.hu\/index.php\/wp-json\/wp\/v2\/categories?post=142189"},{"taxonomy":"post_tag","embeddable":true,"href":"https:\/\/gazdasagportal.hu\/index.php\/wp-json\/wp\/v2\/tags?post=142189"}],"curies":[{"name":"wp","href":"https:\/\/api.w.org\/{rel}","templated":true}]}}