{"id":142164,"date":"2022-11-27T13:09:48","date_gmt":"2022-11-27T12:09:48","guid":{"rendered":"https:\/\/gazdasagportal.hu\/?p=142164"},"modified":"2022-11-27T11:10:47","modified_gmt":"2022-11-27T10:10:47","slug":"heti-makronaptar-ipari-beruhazasi-kulkereskedelmi-statisztika-jelenik-meg-a-jovo-heten","status":"publish","type":"post","link":"https:\/\/gazdasagportal.hu\/index.php\/heti-makronaptar-ipari-beruhazasi-kulkereskedelmi-statisztika-jelenik-meg-a-jovo-heten\/","title":{"rendered":"Heti makronapt\u00e1r &#8211; Ipari, beruh\u00e1z\u00e1si, k\u00fclkereskedelmi statisztika jelenik meg a j\u00f6v\u0151 h\u00e9ten"},"content":{"rendered":"<p><strong>T\u00f6bb statisztikai jelent\u00e9s v\u00e1rhat\u00f3 a k\u00f6vetkez\u0151 h\u00e9ten, k\u00f6z\u00f6tt\u00fck az ipari termel\u0151i \u00e1rak, a beruh\u00e1z\u00e1sokr\u00f3l sz\u00f3l\u00f3, vagy a k\u00fclkereskedelmi statisztika.<\/strong><!--more--><\/p>\n<div class=\"ads-in-post2\"><script async src=\"https:\/\/pagead2.googlesyndication.com\/pagead\/js\/adsbygoogle.js\"><\/script>\r\n<ins class=\"adsbygoogle\"\r\n     style=\"display:block\"\r\n     data-ad-format=\"fluid\"\r\n     data-ad-layout-key=\"-6t+ed+2i-1n-4w\"\r\n     data-ad-client=\"ca-pub-1959107119989764\"\r\n     data-ad-slot=\"4008251320\"><\/ins>\r\n<script>\r\n     (adsbygoogle = window.adsbygoogle || []).push({});\r\n<\/script><\/div>\n<p>    H\u00e9tf\u0151n teszi k\u00f6zz\u00e9 a K\u00f6zponti Statisztikai Hivatal (KSH) a beruh\u00e1z\u00e1sok idei harmadik negyed\u00e9vi statisztik\u00e1it.  A beruh\u00e1z\u00e1sok volumene  7,8 sz\u00e1zal\u00e9kkal n\u0151tt a m\u00e1sodik  negyed\u00e9v\u00e9ben az el\u0151z\u0151 \u00e9v azonos id\u0151szak\u00e1hoz viszony\u00edtva, az el\u0151z\u0151 negyed\u00e9vhez k\u00e9pest pedig &#8211; szezon\u00e1lisan kiigaz\u00edtva &#8211; 2,5 sz\u00e1zal\u00e9kkal emelkedett. A beruh\u00e1z\u00e1sok n\u00f6veked\u00e9se a h\u00e1ztart\u00e1sok er\u0151teljes, illetve a v\u00e1llalkoz\u00e1sok \u00e9s a k\u00f6lts\u00e9gvet\u00e9s m\u00e9rs\u00e9kelt aktivit\u00e1s\u00e1val magyar\u00e1zhat\u00f3. A meghat\u00e1roz\u00f3 s\u00faly\u00fa feldolgoz\u00f3ipari fejleszt\u00e9sek, valamint a lak\u00e1s\u00e9p\u00edt\u00e9sek \u00e9s az ingatlanfel\u00faj\u00edt\u00e1sok n\u00f6velt\u00e9k, a sz\u00e1ll\u00edt\u00e1shoz, rakt\u00e1roz\u00e1shoz \u00e9s a kereskedelemhez k\u00f6t\u0151d\u0151 beruh\u00e1z\u00e1sok visszafogt\u00e1k a nemzetgazdas\u00e1gi teljes\u00edtm\u00e9nyt.<br \/>\n     Szerd\u00e1n az ipari termel\u0151i \u00e1rak okt\u00f3beri alakul\u00e1s\u00e1t k\u00f6zli a KSH. Szeptemberben az ipari termel\u0151i \u00e1rak \u00e1tlagosan 42,7 sz\u00e1zal\u00e9kkal emelkedtek az egy \u00e9vvel kor\u00e1bbihoz k\u00e9pest, a belf\u00f6ldi \u00e9rt\u00e9kes\u00edt\u00e9s \u00e1rai 66,2, az export\u00e9rt\u00e9kes\u00edt\u00e9s\u00e9 30,7 sz\u00e1zal\u00e9kkal emelkedtek. A belf\u00f6ldi \u00e9rt\u00e9kes\u00edt\u00e9s \u00e1rainak gyorsabb \u00fctem\u0171 n\u00f6veked\u00e9s\u00e9t a jelent\u0151s dr\u00e1gul\u00e1st realiz\u00e1l\u00f3 energiaipar nagyobb r\u00e9szar\u00e1nya okozta. Az energia\u00e1rak meredek emelked\u00e9se mellett az alapanyagok dr\u00e1gul\u00e1s\u00e1nak \u00e9s a forint gyeng\u00fcl\u00e9s\u00e9nek is \u00e1rfelhajt\u00f3 hat\u00e1sa volt. Az el\u0151z\u0151 h\u00f3naphoz viszony\u00edtva a belf\u00f6ldi \u00e9rt\u00e9kes\u00edt\u00e9s \u00e1rai 2,5 sz\u00e1zal\u00e9kkal, az export\u00e9 1,5, az ipari termel\u0151i \u00e1rak pedig \u00f6sszess\u00e9g\u00e9ben 1,8 sz\u00e1zal\u00e9kkal n\u0151ttek.<br \/>\n    P\u00e9nteken a GDP idei harmadik negyed\u00e9vi r\u00e9szletes adatait teszik k\u00f6zz\u00e9, valamint a szeptemberi k\u00fclkereskedelmi forgalom m\u00e1sodik becsl\u00e9s\u00e9t. Az els\u0151 becsl\u00e9s szerint a brutt\u00f3 hazai term\u00e9k (GDP) n\u00e9gy sz\u00e1zal\u00e9kkal b\u0151v\u00fclt 2022 harmadik negyed\u00e9v\u00e9ben a nyers adatok szerint, \u00e9s 4,1 sz\u00e1zal\u00e9kkal a szezon\u00e1lisan \u00e9s napt\u00e1rhat\u00e1ssal kiigaz\u00edtott \u00e9s kiegyens\u00falyozott adatok alapj\u00e1n az el\u0151z\u0151 \u00e9v azonos id\u0151szak\u00e1hoz viszony\u00edtva. A n\u00f6veked\u00e9shez a mez\u0151gazdas\u00e1g kiv\u00e9tel\u00e9vel valamennyi nemzetgazdas\u00e1gi \u00e1g hozz\u00e1j\u00e1rult. Az el\u0151z\u0151 negyed\u00e9vhez k\u00e9pest &#8211; a szezon\u00e1lisan \u00e9s napt\u00e1rhat\u00e1ssal kiigaz\u00edtott \u00e9s kiegyens\u00falyozott adatok szerint &#8211; a gazdas\u00e1g teljes\u00edtm\u00e9nye 0,4 sz\u00e1zal\u00e9kkal cs\u00f6kkent. Az els\u0151 h\u00e1romnegyed \u00e9vben a gazdas\u00e1g teljes\u00edtm\u00e9nye a nyers \u00e9s a szezon\u00e1lisan, valamint napt\u00e1rhat\u00e1ssal kiigaz\u00edtott \u00e9s kiegyens\u00falyozott adatok szerint egyar\u00e1nt 6,1 sz\u00e1zal\u00e9kkal haladta meg az el\u0151z\u0151 \u00e9v azonos id\u0151szakit.<br \/>\n    Ugyancsak az el\u0151zetes adatok szerint szeptemberben az export eur\u00f3ban sz\u00e1m\u00edtott \u00e9rt\u00e9ke 27,5, az import\u00e9 32,8 sz\u00e1zal\u00e9kkal nagyobb volt az egy \u00e9vvel kor\u00e1bbin\u00e1l. Az \u00e1ruforgalmi egyenleg 570 milli\u00f3 eur\u00f3val romlott, \u00e9s 652 milli\u00f3 eur\u00f3 deficitet mutatott. Az els\u0151 h\u00e1rom negyed\u00e9vben az export 19,6, az import 29,7 sz\u00e1zal\u00e9kkal n\u0151tt, az 5,707 milli\u00e1rd eur\u00f3 deficit 8,153 milli\u00e1rd eur\u00f3val rosszabb az egy \u00e9vvel kor\u00e1bbin\u00e1l.(MTI)<\/p>\n","protected":false},"excerpt":{"rendered":"<p>T\u00f6bb statisztikai jelent\u00e9s v\u00e1rhat\u00f3 a k\u00f6vetkez\u0151 h\u00e9ten, k\u00f6z\u00f6tt\u00fck az ipari termel\u0151i \u00e1rak, a beruh\u00e1z\u00e1sokr\u00f3l sz\u00f3l\u00f3, vagy a k\u00fclkereskedelmi statisztika.<\/p>\n","protected":false},"author":1001006,"featured_media":0,"comment_status":"open","ping_status":"open","sticky":false,"template":"","format":"standard","meta":[],"categories":[19],"tags":[],"_links":{"self":[{"href":"https:\/\/gazdasagportal.hu\/index.php\/wp-json\/wp\/v2\/posts\/142164"}],"collection":[{"href":"https:\/\/gazdasagportal.hu\/index.php\/wp-json\/wp\/v2\/posts"}],"about":[{"href":"https:\/\/gazdasagportal.hu\/index.php\/wp-json\/wp\/v2\/types\/post"}],"author":[{"embeddable":true,"href":"https:\/\/gazdasagportal.hu\/index.php\/wp-json\/wp\/v2\/users\/1001006"}],"replies":[{"embeddable":true,"href":"https:\/\/gazdasagportal.hu\/index.php\/wp-json\/wp\/v2\/comments?post=142164"}],"version-history":[{"count":1,"href":"https:\/\/gazdasagportal.hu\/index.php\/wp-json\/wp\/v2\/posts\/142164\/revisions"}],"predecessor-version":[{"id":142165,"href":"https:\/\/gazdasagportal.hu\/index.php\/wp-json\/wp\/v2\/posts\/142164\/revisions\/142165"}],"wp:attachment":[{"href":"https:\/\/gazdasagportal.hu\/index.php\/wp-json\/wp\/v2\/media?parent=142164"}],"wp:term":[{"taxonomy":"category","embeddable":true,"href":"https:\/\/gazdasagportal.hu\/index.php\/wp-json\/wp\/v2\/categories?post=142164"},{"taxonomy":"post_tag","embeddable":true,"href":"https:\/\/gazdasagportal.hu\/index.php\/wp-json\/wp\/v2\/tags?post=142164"}],"curies":[{"name":"wp","href":"https:\/\/api.w.org\/{rel}","templated":true}]}}