{"id":142073,"date":"2022-11-15T10:50:27","date_gmt":"2022-11-15T09:50:27","guid":{"rendered":"https:\/\/gazdasagportal.hu\/?p=142073"},"modified":"2022-11-15T10:50:27","modified_gmt":"2022-11-15T09:50:27","slug":"a-roman-gazdasag-4-szazalekkal-nott-a-harmadik-negyedevben-eves-osszevetesben","status":"publish","type":"post","link":"https:\/\/gazdasagportal.hu\/index.php\/a-roman-gazdasag-4-szazalekkal-nott-a-harmadik-negyedevben-eves-osszevetesben\/","title":{"rendered":"A rom\u00e1n gazdas\u00e1g 4 sz\u00e1zal\u00e9kkal n\u0151tt a harmadik negyed\u00e9vben \u00e9ves \u00f6sszevet\u00e9sben"},"content":{"rendered":"<p><strong>A rom\u00e1n brutt\u00f3 hazai term\u00e9k (GDP) a nyers adatok szerint 4 sz\u00e1zal\u00e9kkal n\u0151tt a harmadik negyed\u00e9vben a tavalyi \u00e9v azonos id\u0151szak\u00e1hoz m\u00e9rten &#8211; k\u00f6z\u00f6lte kedden a rom\u00e1n orsz\u00e1gos statisztikai int\u00e9zet gyorsjelent\u00e9s\u00e9ben.<\/strong><!--more--><\/p>\n<div class=\"ads-in-post2\"><script async src=\"https:\/\/pagead2.googlesyndication.com\/pagead\/js\/adsbygoogle.js\"><\/script>\r\n<ins class=\"adsbygoogle\"\r\n     style=\"display:block\"\r\n     data-ad-format=\"fluid\"\r\n     data-ad-layout-key=\"-6t+ed+2i-1n-4w\"\r\n     data-ad-client=\"ca-pub-1959107119989764\"\r\n     data-ad-slot=\"4008251320\"><\/ins>\r\n<script>\r\n     (adsbygoogle = window.adsbygoogle || []).push({});\r\n<\/script><\/div>\n<p>    A szezon\u00e1lis \u00e9s napt\u00e1rhat\u00e1ssal kiigaz\u00edtott \u00e9rt\u00e9k szerint a n\u00f6veked\u00e9s 4,7 sz\u00e1zal\u00e9k volt a harmadik negyed\u00e9vben \u00e9ves \u00f6sszevet\u00e9sben.<br \/>\n    A m\u00e1sodik negyed\u00e9vhez m\u00e9rten a GDP 1,3 sz\u00e1zal\u00e9kkal n\u0151tt a j\u00falius \u00e9s szeptember k\u00f6z\u00f6tti id\u0151szakban a szezon\u00e1lis \u00e9s napt\u00e1rhat\u00e1ssal kiigaz\u00edtott \u00e9rt\u00e9k szerint.<br \/>\n    Az els\u0151 h\u00e1rom negyed\u00e9vben a rom\u00e1n gazdas\u00e1g 5 sz\u00e1zal\u00e9kkal n\u0151tt a nyers adatok szerint, illetve 4,3 sz\u00e1zal\u00e9kkal b\u0151v\u00fclt a szezon\u00e1lis \u00e9s napt\u00e1rhat\u00e1ssal kiigaz\u00edtott \u00e9rt\u00e9k szerint a 2021. janu\u00e1r \u00e9s szeptember k\u00f6z\u00f6tti id\u0151szak\u00e1hoz m\u00e9rten.<br \/>\n    A statisztikai int\u00e9zet k\u00f6z\u00f6lte azt is, hogy az idei negyed\u00e9venk\u00e9nti GDP kiigaz\u00edtott \u00e9rt\u00e9k\u00e9nek alakul\u00e1s\u00e1t m\u00f3dos\u00edtotta, \u00edgy az els\u0151 negyed\u00e9vben a rom\u00e1n GDP a szezon\u00e1lis \u00e9s napt\u00e1rhat\u00e1ssal kiigaz\u00edtott \u00e9rt\u00e9k szerint 4,4 sz\u00e1zal\u00e9kkal n\u0151tt a tavalyi \u00e9v utols\u00f3 negyed\u00e9v\u00e9hez m\u00e9rten, a m\u00e1sodik negyed\u00e9vben pedig 3,9 sz\u00e1zal\u00e9kkal b\u0151v\u00fclt az els\u0151 negyed\u00e9vhez m\u00e9rten.<br \/>\n    A rom\u00e1n korm\u00e1ny az id\u00e9n 4,6 sz\u00e1zal\u00e9kos GDP-b\u0151v\u00fcl\u00e9sre sz\u00e1m\u00edt.(MTI)<\/p>\n","protected":false},"excerpt":{"rendered":"<p>A rom\u00e1n brutt\u00f3 hazai term\u00e9k (GDP) a nyers adatok szerint 4 sz\u00e1zal\u00e9kkal n\u0151tt a harmadik negyed\u00e9vben a tavalyi \u00e9v azonos id\u0151szak\u00e1hoz m\u00e9rten &#8211; k\u00f6z\u00f6lte kedden a rom\u00e1n orsz\u00e1gos statisztikai int\u00e9zet gyorsjelent\u00e9s\u00e9ben.<\/p>\n","protected":false},"author":1001005,"featured_media":0,"comment_status":"open","ping_status":"open","sticky":false,"template":"","format":"standard","meta":[],"categories":[19,246],"tags":[],"_links":{"self":[{"href":"https:\/\/gazdasagportal.hu\/index.php\/wp-json\/wp\/v2\/posts\/142073"}],"collection":[{"href":"https:\/\/gazdasagportal.hu\/index.php\/wp-json\/wp\/v2\/posts"}],"about":[{"href":"https:\/\/gazdasagportal.hu\/index.php\/wp-json\/wp\/v2\/types\/post"}],"author":[{"embeddable":true,"href":"https:\/\/gazdasagportal.hu\/index.php\/wp-json\/wp\/v2\/users\/1001005"}],"replies":[{"embeddable":true,"href":"https:\/\/gazdasagportal.hu\/index.php\/wp-json\/wp\/v2\/comments?post=142073"}],"version-history":[{"count":1,"href":"https:\/\/gazdasagportal.hu\/index.php\/wp-json\/wp\/v2\/posts\/142073\/revisions"}],"predecessor-version":[{"id":142074,"href":"https:\/\/gazdasagportal.hu\/index.php\/wp-json\/wp\/v2\/posts\/142073\/revisions\/142074"}],"wp:attachment":[{"href":"https:\/\/gazdasagportal.hu\/index.php\/wp-json\/wp\/v2\/media?parent=142073"}],"wp:term":[{"taxonomy":"category","embeddable":true,"href":"https:\/\/gazdasagportal.hu\/index.php\/wp-json\/wp\/v2\/categories?post=142073"},{"taxonomy":"post_tag","embeddable":true,"href":"https:\/\/gazdasagportal.hu\/index.php\/wp-json\/wp\/v2\/tags?post=142073"}],"curies":[{"name":"wp","href":"https:\/\/api.w.org\/{rel}","templated":true}]}}