{"id":142003,"date":"2022-11-09T14:50:44","date_gmt":"2022-11-09T13:50:44","guid":{"rendered":"https:\/\/gazdasagportal.hu\/?p=142003"},"modified":"2022-11-09T14:50:44","modified_gmt":"2022-11-09T13:50:44","slug":"ellenszavazat-nelkul-dontott-a-monetaris-tanacs-a-kamat-tartasarol-oktober-vegen","status":"publish","type":"post","link":"https:\/\/gazdasagportal.hu\/index.php\/ellenszavazat-nelkul-dontott-a-monetaris-tanacs-a-kamat-tartasarol-oktober-vegen\/","title":{"rendered":"Ellenszavazat n\u00e9lk\u00fcl d\u00f6nt\u00f6tt a monet\u00e1ris tan\u00e1cs a kamat tart\u00e1s\u00e1r\u00f3l okt\u00f3ber v\u00e9g\u00e9n"},"content":{"rendered":"<p><strong>Ellenszavazat n\u00e9lk\u00fcl d\u00f6nt\u00f6tt a Magyar Nemzeti Bank (MNB) Monet\u00e1ris Tan\u00e1csa okt\u00f3ber v\u00e9gi \u00fcl\u00e9s\u00e9n a kamat 13 sz\u00e1zal\u00e9kon tart\u00e1s\u00e1r\u00f3l a szerd\u00e1n k\u00f6z\u00f6lt r\u00f6vid\u00edtett jegyz\u0151k\u00f6nyv szerint.<\/strong><!--more--><\/p>\n<div class=\"ads-in-post2\"><script async src=\"https:\/\/pagead2.googlesyndication.com\/pagead\/js\/adsbygoogle.js\"><\/script>\r\n<ins class=\"adsbygoogle\"\r\n     style=\"display:block\"\r\n     data-ad-format=\"fluid\"\r\n     data-ad-layout-key=\"-6t+ed+2i-1n-4w\"\r\n     data-ad-client=\"ca-pub-1959107119989764\"\r\n     data-ad-slot=\"4008251320\"><\/ins>\r\n<script>\r\n     (adsbygoogle = window.adsbygoogle || []).push({});\r\n<\/script><\/div>\n<p>    A monet\u00e1ris tan\u00e1cs legut\u00f3bbi kamatd\u00f6nt\u0151 \u00fcl\u00e9s\u00e9n nem v\u00e1ltoztatott az egynapos bet\u00e9ti kamat 12,50 sz\u00e1zal\u00e9kos \u00e9s az egynapos fedezett hiteleszk\u00f6z kamat 25,00 sz\u00e1zal\u00e9kos szintj\u00e9n sem, szint\u00e9n egybehangz\u00f3 d\u00f6nt\u00e9s alapj\u00e1n.<br \/>\n    A test\u00fclet meg\u00edt\u00e9l\u00e9se szerint az alapkamat jelenlegi szintj\u00e9nek tart\u00f3s fenntart\u00e1sa \u00f6sszhangban van az \u00e1rstabilit\u00e1si c\u00e9llal.<br \/>\n    Az elm\u00falt h\u00f3napban alkalmazott bankk\u00f6zi likvidit\u00e1st sz\u0171k\u00edt\u0151 eszk\u00f6z\u00f6k hat\u00e9konyan er\u0151s\u00edtik a monet\u00e1ris transzmisszi\u00f3t &#8211; \u00e1llap\u00edtott\u00e1k meg. Azt is hozz\u00e1tett\u00e9k, hogy a gyorsan v\u00e1ltoz\u00f3 kock\u00e1zati k\u00f6rnyezetben a piaci stabilit\u00e1s fenntart\u00e1sa is kulcsfontoss\u00e1g\u00fa az \u00e1rstabilit\u00e1s el\u00e9r\u00e9s\u00e9hez.<br \/>\n     A szigor\u00fa monet\u00e1ris kond\u00edci\u00f3k tart\u00f3san fennmaradnak, ami biztos\u00edtja az infl\u00e1ci\u00f3s v\u00e1rakoz\u00e1sok horgonyz\u00e1s\u00e1t \u00e9s az infl\u00e1ci\u00f3s c\u00e9l fenntarthat\u00f3 m\u00f3don t\u00f6rt\u00e9n\u0151 el\u00e9r\u00e9s\u00e9t &#8211; sz\u00f6gezt\u00e9k le.<br \/>\n    Meger\u0151s\u00edtett\u00e9k, hogy az MNB az okt\u00f3ber k\u00f6zep\u00e9n bevezetett eszk\u00f6zeit addig alkalmazza, ameddig a piaci stabilit\u00e1s fenntart\u00e1sa \u00e9s a kock\u00e1zati meg\u00edt\u00e9l\u00e9s alakul\u00e1sa indokolja.<br \/>\n    A jegybank a jegyz\u0151k\u00f6nyvben r\u00e9szletezte: a kamatfolyos\u00f3 fels\u0151 sz\u00e9l\u00e9nek kor\u00e1bbi 950 b\u00e1zispontos emel\u00e9s\u00e9vel az egynapos bet\u00e9ti gyorstender \u00e9s devizacsere \u00fcgyletek szigor\u00fabb kamatkond\u00edci\u00f3i emelik a r\u00f6vid oldali kamatokat \u00e9s megfelel\u0151en fejtik ki hat\u00e1sukat a kamat\u00e9rz\u00e9keny t\u0151ke\u00e1raml\u00e1sokra. A nem kamat\u00e9rz\u00e9keny piaci folyamatok hat\u00e1sait pedig a jegybank azon v\u00e1llal\u00e1sa ellens\u00falyozza, hogy a k\u00f6vetkez\u0151 h\u00f3napokban k\u00f6zvetlen\u00fcl biztos\u00edtja a nett\u00f3 energiaimport fedez\u00e9s\u00e9re felmer\u00fcl\u0151 devizalikvidit\u00e1si ig\u00e9nyt &#8211; f\u0171zt\u00e9k hozz\u00e1.<br \/>\n     Arra is kit\u00e9rtek, hogy a monet\u00e1ris transzmisszi\u00f3 hat\u00e9konys\u00e1g\u00e1nak tov\u00e1bbi n\u00f6vel\u00e9se \u00e9rdek\u00e9ben az MNB okt\u00f3ber 1-j\u00e9t\u0151l a k\u00f6telez\u0151 tartal\u00e9kr\u00e1ta emel\u00e9s\u00e9vel, a jegybanki diszkontk\u00f6tv\u00e9ny-aukci\u00f3kkal \u00e9s a hosszabb futamidej\u0171 bet\u00e9ti eszk\u00f6zzel jelent\u0151sen sz\u0171k\u00edtette a bankk\u00f6zi forintlikvidit\u00e1st, amelynek t\u00f6bb mint fele jelenleg m\u00e1r tart\u00f3san steriliz\u00e1lt eszk\u00f6z\u00f6kben van lek\u00f6tve.<br \/>\n    N\u00e9h\u00e1ny d\u00f6nt\u00e9shoz\u00f3 felh\u00edvta a figyelmet arra, hogy a swappiaci hozamok alkalmazkod\u00e1sa m\u00e9g nem teljes, a transzmisszi\u00f3 tov\u00e1bbi er\u0151s\u00edt\u00e9se a piactechnikai korl\u00e1tok felold\u00e1s\u00e1n kereszt\u00fcl val\u00f3sulhat meg a k\u00f6vetkez\u0151 id\u0151szakban.<br \/>\n    A dokumentumb\u00f3l kider\u00fclt, hogy az \u00fcl\u00e9sen a devizalikvidit\u00e1s biztos\u00edt\u00e1s\u00e1nak form\u00e1lis kereteit is t\u00e1rgyalta \u00e9s elfogadta a tan\u00e1cs. A devizapiaci egyens\u00faly az eur\u00f3pai energia\u00e1rak jelent\u0151s cs\u00f6kken\u00e9se \u00e9s a hazai energiaig\u00e9ny egyre sz\u00e9lesebb k\u00f6r\u0171 alkalmazkod\u00e1sa k\u00f6vetkezt\u00e9ben a kor\u00e1bban v\u00e1rtn\u00e1l kisebb m\u00e9rt\u00e9k\u0171 devizalikvidit\u00e1s ny\u00fajt\u00e1s\u00e1val is meg\u0151rizhet\u0151 &#8211; jelezt\u00e9k.<br \/>\n    A tan\u00e1cstagok egyet\u00e9rtettek abban, hogy a fizet\u00e9si m\u00e9rleg egyenlege a szeptemberi m\u00e9lypontot k\u00f6vet\u0151en v\u00e1rhat\u00f3an fokozatos javul\u00e1st mutat.<br \/>\n    A gr\u00e9mium szerint a rendk\u00edv\u00fcli eur\u00f3pai asz\u00e1lyhelyzet a k\u00f6vetkez\u0151 h\u00f3napokban m\u00e9g v\u00e1rhat\u00f3an emeli az infl\u00e1ci\u00f3t. A cs\u00f6kken\u0151 vil\u00e1gpiaci energia\u00e1rak, az \u00e9rt\u00e9kl\u00e1ncok s\u00farl\u00f3d\u00e1sainak enyh\u00fcl\u00e9se \u00e9s a nemzetk\u00f6zi sz\u00e1ll\u00edtm\u00e1nyoz\u00e1si k\u00f6lts\u00e9gek cs\u00f6kken\u00e9se ugyanakkor m\u00e1r a k\u00f6zelg\u0151 glob\u00e1lis infl\u00e1ci\u00f3s fordulatra utalnak &#8211; mutattak r\u00e1.<br \/>\n    A jegybank v\u00e1rakoz\u00e1sa szerint Magyarorsz\u00e1gon az infl\u00e1ci\u00f3 a k\u00f6vetkez\u0151 h\u00f3napokban cs\u00f6kken\u0151 \u00fctemben, de tov\u00e1bb emelkedik: a fogyaszt\u00f3i\u00e1r-index 2022-ben \u00e1tlagosan 13,5-14,5 sz\u00e1zal\u00e9k k\u00f6z\u00f6tt alakulhat, 2023 els\u0151 fel\u00e9ben lassan, majd az \u00e9v k\u00f6zep\u00e9t\u0151l jelent\u0151sebben cs\u00f6kken. A fogyaszt\u00f3i\u00e1r-index 2024 els\u0151 fel\u00e9ben t\u00e9r vissza a jegybanki tolerancias\u00e1vba.<br \/>\n    A tan\u00e1cs tagjai egyet\u00e9rtettek abban, hogy az elh\u00faz\u00f3d\u00f3 orosz-ukr\u00e1n h\u00e1bor\u00fa, az eur\u00f3pai energiav\u00e1ls\u00e1g \u00e9s az \u00e1ltal\u00e1nosan emelked\u0151 kamatk\u00f6rnyezet a glob\u00e1lis recesszi\u00f3s kock\u00e1zatok tov\u00e1bbi emelked\u00e9s\u00e9nek ir\u00e1ny\u00e1ba mutat.<br \/>\n    Az MNB el\u0151rejelz\u00e9se alapj\u00e1n a GDP 2022-ben 3,0-4,0 sz\u00e1zal\u00e9kkal, 2023-ban 0,5-1,5 sz\u00e1zal\u00e9kkal, m\u00edg 2024-ben 3,5-4,5 sz\u00e1zal\u00e9kkal b\u0151v\u00fclhet.<br \/>\n    A korm\u00e1ny \u00e1ltal bejelentett int\u00e9zked\u00e9sek v\u00e1rhat\u00f3an biztos\u00edtj\u00e1k a P\u00e9nz\u00fcgyminiszt\u00e9rium \u00e1ltal jelzett idei k\u00f6lts\u00e9gvet\u00e9si c\u00e9l el\u00e9r\u00e9s\u00e9t, \u00edgy az \u00e1llamad\u00f3ss\u00e1g-r\u00e1ta 2022 v\u00e9g\u00e9re GDP-ar\u00e1nyosan 76 sz\u00e1zal\u00e9k k\u00f6zel\u00e9be cs\u00f6kken &#8211; \u00edrt\u00e1k egyebek k\u00f6zt a jegyz\u0151k\u00f6nyvben.(MTI)<\/p>\n","protected":false},"excerpt":{"rendered":"<p>Ellenszavazat n\u00e9lk\u00fcl d\u00f6nt\u00f6tt a Magyar Nemzeti Bank (MNB) Monet\u00e1ris Tan\u00e1csa okt\u00f3ber v\u00e9gi \u00fcl\u00e9s\u00e9n a kamat 13 sz\u00e1zal\u00e9kon tart\u00e1s\u00e1r\u00f3l a szerd\u00e1n k\u00f6z\u00f6lt r\u00f6vid\u00edtett jegyz\u0151k\u00f6nyv szerint.<\/p>\n","protected":false},"author":1001006,"featured_media":0,"comment_status":"open","ping_status":"open","sticky":false,"template":"","format":"standard","meta":[],"categories":[19],"tags":[],"_links":{"self":[{"href":"https:\/\/gazdasagportal.hu\/index.php\/wp-json\/wp\/v2\/posts\/142003"}],"collection":[{"href":"https:\/\/gazdasagportal.hu\/index.php\/wp-json\/wp\/v2\/posts"}],"about":[{"href":"https:\/\/gazdasagportal.hu\/index.php\/wp-json\/wp\/v2\/types\/post"}],"author":[{"embeddable":true,"href":"https:\/\/gazdasagportal.hu\/index.php\/wp-json\/wp\/v2\/users\/1001006"}],"replies":[{"embeddable":true,"href":"https:\/\/gazdasagportal.hu\/index.php\/wp-json\/wp\/v2\/comments?post=142003"}],"version-history":[{"count":1,"href":"https:\/\/gazdasagportal.hu\/index.php\/wp-json\/wp\/v2\/posts\/142003\/revisions"}],"predecessor-version":[{"id":142004,"href":"https:\/\/gazdasagportal.hu\/index.php\/wp-json\/wp\/v2\/posts\/142003\/revisions\/142004"}],"wp:attachment":[{"href":"https:\/\/gazdasagportal.hu\/index.php\/wp-json\/wp\/v2\/media?parent=142003"}],"wp:term":[{"taxonomy":"category","embeddable":true,"href":"https:\/\/gazdasagportal.hu\/index.php\/wp-json\/wp\/v2\/categories?post=142003"},{"taxonomy":"post_tag","embeddable":true,"href":"https:\/\/gazdasagportal.hu\/index.php\/wp-json\/wp\/v2\/tags?post=142003"}],"curies":[{"name":"wp","href":"https:\/\/api.w.org\/{rel}","templated":true}]}}