{"id":141940,"date":"2022-11-03T13:02:20","date_gmt":"2022-11-03T12:02:20","guid":{"rendered":"https:\/\/gazdasagportal.hu\/?p=141940"},"modified":"2022-11-03T13:02:20","modified_gmt":"2022-11-03T12:02:20","slug":"jelentos-eredmenyekkel-zarja-az-evet-a-magyarorszagon-is-piacvezeto-ctp","status":"publish","type":"post","link":"https:\/\/gazdasagportal.hu\/index.php\/jelentos-eredmenyekkel-zarja-az-evet-a-magyarorszagon-is-piacvezeto-ctp\/","title":{"rendered":"Jelent\u0151s eredm\u00e9nyekkel z\u00e1rja az \u00e9vet a Magyarorsz\u00e1gon is piacvezet\u0151 CTP"},"content":{"rendered":"<p><b>Az elm\u00falt h\u00f3napok sikeres piaci \u00e9s gazdas\u00e1gi eredm\u00e9nyei mellett a szervezeti strukt\u00fara \u00e1talak\u00edt\u00e1s\u00e1ra ford\u00edtott nagy figyelmet az ipari ingatlanok piacvezet\u0151 c\u00e9ge, a CTP. A magyarorsz\u00e1gi csapat \u00faj tagokkal \u00e9s \u00faj vezet\u0151vel v\u00e1g neki az elk\u00f6vetkez\u0151 id\u0151szak kih\u00edv\u00e1sainak, hogy tov\u00e1bbra is biztos\u00edtani tudj\u00e1k a CTP dinamikus n\u00f6veked\u00e9s\u00e9t.<\/b><!--more--><\/p>\n<div class=\"ads-in-post2\"><script async src=\"https:\/\/pagead2.googlesyndication.com\/pagead\/js\/adsbygoogle.js\"><\/script>\r\n<ins class=\"adsbygoogle\"\r\n     style=\"display:block\"\r\n     data-ad-format=\"fluid\"\r\n     data-ad-layout-key=\"-6t+ed+2i-1n-4w\"\r\n     data-ad-client=\"ca-pub-1959107119989764\"\r\n     data-ad-slot=\"4008251320\"><\/ins>\r\n<script>\r\n     (adsbygoogle = window.adsbygoogle || []).push({});\r\n<\/script><\/div>\n<p>&nbsp;<\/p>\n<p><span style=\"font-weight: 400;\">Dr. Gondi Ferencet v\u00e1lasztotta a CTP <\/span><span style=\"font-weight: 400;\">hazai le\u00e1nyv\u00e1llalata<\/span><span style=\"font-weight: 400;\"> \u00e9l\u00e9re Remon Leonard Vos, a t\u00e1rsas\u00e1g alap\u00edt\u00f3 tulajdonosa. Az \u00faj vezet\u0151 szinte a magyarorsz\u00e1gi piacra l\u00e9p\u00e9s kezdete \u00f3ta akt\u00edv r\u00e9szese a a CTP csapat\u00e1nak.<\/span><\/p><div id=\"gazda-2641185109\" class=\"gazda-tartalomban gazda-entity-placement\"><script async src=\"https:\/\/pagead2.googlesyndication.com\/pagead\/js\/adsbygoogle.js\"><\/script>\r\n<ins class=\"adsbygoogle\"\r\n     style=\"display:block\"\r\n     data-ad-format=\"fluid\"\r\n     data-ad-layout-key=\"-6t+ed+2i-1n-4w\"\r\n     data-ad-client=\"ca-pub-1959107119989764\"\r\n     data-ad-slot=\"4008251320\"><\/ins>\r\n<script>\r\n     (adsbygoogle = window.adsbygoogle || []).push({});\r\n<\/script><\/div>\n<p><span style=\"font-weight: 400;\">Kezdetben jogi igazgat\u00f3k\u00e9nt, majd \u00fczleti funkci\u00f3k\u00e9rt felel\u0151s vezet\u0151k\u00e9nt, COO-k\u00e9nt \u00e9s helyettes vezet\u0151k\u00e9nt seg\u00edtette a strat\u00e9giaalkot\u00e1st \u00e9s a sikeres \u00fczleti folyamatokat, melynek k\u00f6sz\u00f6nhet\u0151en a CTP r\u00f6vid id\u0151 alatt, mintegy \u00f6t \u00e9v jelenl\u00e9t ut\u00e1n nemcsak \u00e9lenj\u00e1r\u00f3 lett Magyarorsz\u00e1gon, hanem \u00fajszer\u0171 \u00fczleti modellj\u00e9nek, okos megold\u00e1sainak, k\u00f6z\u00f6ss\u00e9g\u00e9p\u00edt\u0151 \u00e9s k\u00f6rnyezetbar\u00e1t szeml\u00e9let\u00e9nek k\u00f6sz\u00f6nhet\u0151en piacform\u00e1l\u00f3 is.<\/span><\/p>\n<p>&nbsp;<\/p>\n<p><i><span style=\"font-weight: 400;\">\u201eA CTP magyarorsz\u00e1gi vezet\u0151jek\u00e9nt c\u00e9lom, hogy ez a rendk\u00edv\u00fcl dinamikus v\u00e1llalat meg\u0151rizze a piacvezet\u0151 szerep\u00e9t \u00e9s folyamatosan \u00faj eredm\u00e9nyeket \u00e9rjen el. Csapatommal j\u00f3 \u00fctemben haladunk el\u0151re, k\u00f6z\u00e9ppontba helyezve a munkav\u00e1llal\u00f3inkat, az \u00e1ltalunk \u00e9p\u00edtett k\u00f6z\u00f6ss\u00e9get, mik\u00f6zben kiemelt figyelmet ford\u00edtunk az \u00e1ltalunk \u00e9p\u00edtett ipari ingatlanok innovat\u00edv el\u0151\u00e1lli\u0301ta\u0301sa\u0301ra \u00e9s fenntarthat\u00f3s\u00e1g\u00e1ra. Vezet\u00e9sem alatt az elm\u00falt id\u0151szakban t\u00f6bb olyan rendk\u00edv\u00fcl izgalmas projektet kezdt\u00fcnk meg, melyek tov\u00e1bb er\u0151s\u00edtik idei eredm\u00e9nyeinket<\/span><\/i><span style=\"font-weight: 400;\"> \u2013 hangs\u00falyozta dr. Gondi Ferenc.<\/span><\/p>\n<p>&nbsp;<\/p>\n<p><span style=\"font-weight: 400;\">A K\u00f6z\u00e9p-Kelet-Eur\u00f3p\u00e1ban \u00e9s Magyarorsz\u00e1gon is piacvezet\u0151 ingatlanfejleszt\u0151- \u00e9s kezel\u0151 CTP c\u00e9lja 2026-ra megdupl\u00e1zni portfoli\u00f3j\u00e1t.<\/span><i><span style=\"font-weight: 400;\"> \u201eAz idei \u00e9vben hazai \u00e1llom\u00e1nyuk meghaladja az 1 milli\u00f3 n\u00e9gyzetm\u00e9tert. N\u00e9gy \u00e9v m\u00falva, a terveink szerint 2 milli\u00f3 n\u00e9gyzetm\u00e9terre k\u00edv\u00e1njuk n\u00f6velni, s ezzel p\u00e1rhuzamosan fejlesztj\u00fck napelemparkjainkat is, hogy <\/span><\/i><i><span style=\"font-weight: 400;\">karbonsemlegess\u00e9<\/span><\/i><i><span style=\"font-weight: 400;\"> v\u00e1lhassunk. F\u00f3kuszunkban a j\u00f6v\u0151 ingatlanjai, a k\u00f6rforg\u00e1sos \u00e9p\u00fcletek \u00e1llnak, amelyekkel \u00faj modelleket k\u00edv\u00e1nunk meghonos\u00edtani a magyar ipari ingatlanok piac\u00e1n.\u201d \u2013 <\/span><\/i><span style=\"font-weight: 400;\">ismertette a strat\u00e9gi\u00e1t az \u00faj vezet\u0151.<\/span><\/p>\n<p>&nbsp;<br \/>\n<div class=\"ads-in-post2\"><script async src=\"https:\/\/pagead2.googlesyndication.com\/pagead\/js\/adsbygoogle.js\"><\/script>\r\n<ins class=\"adsbygoogle\"\r\n     style=\"display:block\"\r\n     data-ad-format=\"fluid\"\r\n     data-ad-layout-key=\"-6t+ed+2i-1n-4w\"\r\n     data-ad-client=\"ca-pub-1959107119989764\"\r\n     data-ad-slot=\"4008251320\"><\/ins>\r\n<script>\r\n     (adsbygoogle = window.adsbygoogle || []).push({});\r\n<\/script><\/div>\n<p><span style=\"font-weight: 400;\">A meg\u00fajult \u00e9s kib\u0151v\u00fclt csapatnak k\u00f6sz\u00f6nhet\u0151en a k\u00f6zelm\u00faltban olyan \u00faj partnerekkel b\u0151v\u00fclt a CTP b\u00e9rl\u0151i k\u00f6re, mint p\u00e9ld\u00e1ul az elektromos aut\u00f3ir\u00f3l \u00e9s akkucser\u00e9l\u0151 \u00e1llom\u00e1sair\u00f3l h\u00edres k\u00ednai aut\u00f3gy\u00e1rt\u00f3, a NIO, vagy a K\u00fchne+Nagel. A kiv\u00e1l\u00f3 gazdas\u00e1gi eredm\u00e9nyek mellett \u00ac\u2013 a c\u00e9gcsoport 2022. els\u0151 f\u00e9l\u00e9v\u00e9t 25%-os portfoli\u00f3-n\u00f6veked\u00e9ssel, 9,5 milli\u00f3 m\u00b2 brutt\u00f3 kiadhat\u00f3 alapter\u00fclettel \u00e9s t\u00f6bb mint 95%-os kihaszn\u00e1lts\u00e1ggal z\u00e1rta \u2013 a CTP t\u00f6bb szakmai elismer\u00e9st kapott id\u00e9n, p\u00e9ld\u00e1ul a BREEAM legmagasabb, \u201eOutstanding\u201d fokozat\u00e1t, vagy a Portfolio Property Awards az <\/span><span style=\"font-weight: 400;\">\u201e\u00c9v Rakt\u00e1rb\u00e9rleti Tranzakci\u00f3ja\u201d<\/span><span style=\"font-weight: 400;\"> d\u00edj\u00e1t. Legut\u00f3bb az okt\u00f3ber v\u00e9g\u00e9n megrendezett Europa Property Awardson nyerte el <\/span><a href=\"https:\/\/europaproperty.com\/europaproperty-announces-the-winners-of-the-2022-cre-awards\/\" target=\"_blank\" rel=\"noopener\"><span style=\"font-weight: 400;\">\u201eAz \u00c9v Rakt\u00e1rfejleszt\u0151je\u201d<\/span><\/a><span style=\"font-weight: 400;\"> c\u00edmet a CTP.<\/span><\/p>\n<p>&nbsp;<\/p>\n<p><span style=\"font-weight: 400;\">A CTP a logisztikai \u00e9s ipari ingatlanok legnagyobb t\u0151zsd\u00e9n jegyzett tulajdonosa, fejleszt\u0151je \u00e9s kezel\u0151je kontinent\u00e1lis Eur\u00f3p\u00e1ban a brutt\u00f3 b\u00e9rbeadhat\u00f3 ter\u00fclet szerint, t\u00edz orsz\u00e1gon \u00e1t\u00edvel\u0151 9,5 milli\u00f3 n\u00e9gyzetm\u00e9ter\u00e9vel. A CTP az egyetlen befektet\u0151 a r\u00e9gi\u00f3ban, amely teljes eg\u00e9sz\u00e9ben BREEAM-tan\u00fas\u00edtv\u00e1nyt ki\u00e9rdeml\u0151 kelet-k\u00f6z\u00e9p-eur\u00f3pai portf\u00f3li\u00f3val rendelkezik. Tov\u00e1bb\u00e1, a CTP 2021-t\u0151l sz\u00e9n-dioxid semlegeses m\u0171k\u00f6d\u00e9sre t\u00e9rt \u00e1t, ami al\u00e1t\u00e1masztja a fenntarthat\u00f3 \u00fczletvezet\u00e9s ir\u00e1nti elk\u00f6telezetts\u00e9g\u00e9t. Tov\u00e1bbi inform\u00e1ci\u00f3\u00e9rt k\u00e9rj\u00fck, l\u00e1togasson el a v\u00e1llalati weboldalunkra: <\/span><span style=\"font-weight: 400;\">https:\/\/www.ctp.eu\/<\/span><\/p>\n","protected":false},"excerpt":{"rendered":"<p>Az elm\u00falt h\u00f3napok sikeres piaci \u00e9s gazdas\u00e1gi eredm\u00e9nyei mellett a szervezeti strukt\u00fara \u00e1talak\u00edt\u00e1s\u00e1ra ford\u00edtott nagy figyelmet az ipari ingatlanok piacvezet\u0151 c\u00e9ge, a CTP. A magyarorsz\u00e1gi csapat \u00faj tagokkal \u00e9s \u00faj vezet\u0151vel v\u00e1g neki az elk\u00f6vetkez\u0151 id\u0151szak kih\u00edv\u00e1sainak, hogy tov\u00e1bbra is biztos\u00edtani tudj\u00e1k a CTP dinamikus n\u00f6veked\u00e9s\u00e9t.<\/p>\n","protected":false},"author":1001005,"featured_media":0,"comment_status":"open","ping_status":"open","sticky":false,"template":"","format":"standard","meta":[],"categories":[19],"tags":[],"_links":{"self":[{"href":"https:\/\/gazdasagportal.hu\/index.php\/wp-json\/wp\/v2\/posts\/141940"}],"collection":[{"href":"https:\/\/gazdasagportal.hu\/index.php\/wp-json\/wp\/v2\/posts"}],"about":[{"href":"https:\/\/gazdasagportal.hu\/index.php\/wp-json\/wp\/v2\/types\/post"}],"author":[{"embeddable":true,"href":"https:\/\/gazdasagportal.hu\/index.php\/wp-json\/wp\/v2\/users\/1001005"}],"replies":[{"embeddable":true,"href":"https:\/\/gazdasagportal.hu\/index.php\/wp-json\/wp\/v2\/comments?post=141940"}],"version-history":[{"count":1,"href":"https:\/\/gazdasagportal.hu\/index.php\/wp-json\/wp\/v2\/posts\/141940\/revisions"}],"predecessor-version":[{"id":141941,"href":"https:\/\/gazdasagportal.hu\/index.php\/wp-json\/wp\/v2\/posts\/141940\/revisions\/141941"}],"wp:attachment":[{"href":"https:\/\/gazdasagportal.hu\/index.php\/wp-json\/wp\/v2\/media?parent=141940"}],"wp:term":[{"taxonomy":"category","embeddable":true,"href":"https:\/\/gazdasagportal.hu\/index.php\/wp-json\/wp\/v2\/categories?post=141940"},{"taxonomy":"post_tag","embeddable":true,"href":"https:\/\/gazdasagportal.hu\/index.php\/wp-json\/wp\/v2\/tags?post=141940"}],"curies":[{"name":"wp","href":"https:\/\/api.w.org\/{rel}","templated":true}]}}