{"id":141926,"date":"2022-11-01T11:07:25","date_gmt":"2022-11-01T10:07:25","guid":{"rendered":"https:\/\/gazdasagportal.hu\/?p=141926"},"modified":"2022-11-01T11:07:25","modified_gmt":"2022-11-01T10:07:25","slug":"a-munkahelyek-megorzesehez-kothetik-a-nagyvallalati-gazartamogatast-nemetorszagban","status":"publish","type":"post","link":"https:\/\/gazdasagportal.hu\/index.php\/a-munkahelyek-megorzesehez-kothetik-a-nagyvallalati-gazartamogatast-nemetorszagban\/","title":{"rendered":"A munkahelyek meg\u0151rz\u00e9s\u00e9hez k\u00f6thetik a nagyv\u00e1llalati g\u00e1z\u00e1rt\u00e1mogat\u00e1st N\u00e9metorsz\u00e1gban"},"content":{"rendered":"<p><strong>A munkahelyek meg\u0151rz\u00e9s\u00e9hez k\u00f6thetik a nagyv\u00e1llalatok g\u00e1z\u00e1rt\u00e1mogat\u00e1s\u00e1t N\u00e9metorsz\u00e1gban egy h\u00e9tf\u0151n v\u00e9gleges\u00edtett szak\u00e9rt\u0151i javaslat szerint, amelynek alapj\u00e1n a sz\u00f6vets\u00e9gi korm\u00e1ny napokon bel\u00fcl d\u00f6nt a g\u00e1z\u00e1rf\u00e9k elnevez\u00e9s\u0171 t\u00e1mogat\u00e1si rendszerr\u0151l.<\/strong><!--more--><\/p>\n<div class=\"ads-in-post2\"><script async src=\"https:\/\/pagead2.googlesyndication.com\/pagead\/js\/adsbygoogle.js\"><\/script>\r\n<ins class=\"adsbygoogle\"\r\n     style=\"display:block\"\r\n     data-ad-format=\"fluid\"\r\n     data-ad-layout-key=\"-6t+ed+2i-1n-4w\"\r\n     data-ad-client=\"ca-pub-1959107119989764\"\r\n     data-ad-slot=\"4008251320\"><\/ins>\r\n<script>\r\n     (adsbygoogle = window.adsbygoogle || []).push({});\r\n<\/script><\/div>\n<p>    A munkav\u00e1llal\u00f3i \u00e9s munkaad\u00f3i \u00e9rdekk\u00e9pviseletek szak\u00e9rt\u0151ib\u0151l \u00e9s f\u00fcggetlen kutat\u00f3kb\u00f3l \u00e1ll\u00f3 test\u00fclet javaslata szerint a f\u00f6ldg\u00e1zpiaci nagyfogyaszt\u00f3k k\u00f6z\u00e9 tartoz\u00f3 c\u00e9gek, azaz nagyj\u00e1b\u00f3l 25 ezer iparv\u00e1llalat janu\u00e1rt\u00f3l 2024 \u00e1prilis\u00e1ig kilowatt\u00f3r\u00e1nk\u00e9nt &#8211; ad\u00f3k \u00e9s d\u00edjak n\u00e9lk\u00fcl &#8211; 7 eurocentes \u00e1ron kaphatn\u00e1nak f\u00f6ldg\u00e1zt a 2021-es fogyaszt\u00e1suk 70 sz\u00e1zal\u00e9k\u00e1ig, \u00e9s csak az ezen fel\u00fcli fogyaszt\u00e1s\u00e9rt kellene piaci \u00e1rat fizetni\u00fck.<br \/>\n    A t\u00e1mogat\u00e1s\u00e9rt cser\u00e9be v\u00e1llalniuk kellene, hogy megtartj\u00e1k telephelyeiket, \u00e9s meg\u0151rzik a munkahelyek legal\u00e1bb 90 sz\u00e1zal\u00e9k\u00e1t.<br \/>\n    A h\u00e1ztart\u00e1soknak, valamint a kis-, \u00e9s a k\u00f6zepes m\u00e9ret\u0171 v\u00e1llalkoz\u00e1soknak &#8211; egy\u00fcttv\u00e9ve t\u00f6bb mint 20 milli\u00f3 fogyaszt\u00f3nak &#8211; kidolgozott g\u00e1z\u00e1rf\u00e9k k\u00e9t l\u00e9pcs\u0151b\u0151l \u00e1ll\u00f3 rendszer lenne. Els\u0151k\u00e9nt az \u00e1llam \u00e1tv\u00e1llaln\u00e1 a decemberben fizetend\u0151 \u00e1tal\u00e1ny \u00f6sszeg\u00e9t.<br \/>\n    A m\u00e1sodik szakaszban, 2023 m\u00e1rcius\u00e1t\u00f3l 2024 \u00e1prilis\u00e1ig ad\u00f3kkal \u00e9s d\u00edjakkal egy\u00fctt kilowatt\u00f3r\u00e1nk\u00e9nt 12 centbe ker\u00fclne a f\u00f6ldg\u00e1z az ut\u00f3bbi \u00e9vek fogyaszt\u00e1sa alapj\u00e1n kalkul\u00e1lt \u00fagynevezett alapfogyaszt\u00e1s 80 sz\u00e1zal\u00e9k\u00e1ig. Piaci \u00e1rat az ezt meghalad\u00f3 mennyis\u00e9g\u00e9rt kellene fizetni.<br \/>\n    Ugyanez a rendszer vonatkozna a t\u00e1vh\u0151szolg\u00e1ltat\u00e1sra is.<br \/>\n    A szak\u00e9rt\u0151i test\u00fclet szerint a t\u00e1mogat\u00e1si rendszer egyszerre v\u00e9den\u00e9 az esetenk\u00e9nt t\u00f6bb nagys\u00e1grendet kitev\u0151 \u00e1remelked\u00e9ssel s\u00fajtott lakoss\u00e1gi \u00e9s v\u00e1llalati fogyaszt\u00f3kat a t\u00falterhel\u0151d\u00e9st\u0151l, gazdas\u00e1gi-p\u00e9nz\u00fcgyi ellehetlen\u00fcl\u00e9st\u0151l, \u00e9s \u00f6szt\u00f6n\u00f6zne takar\u00e9koss\u00e1gra, a f\u00f6ldg\u00e1zfogyaszt\u00e1s 20-30 sz\u00e1zal\u00e9kos cs\u00f6kkent\u00e9s\u00e9re.<br \/>\n    A rendszert sz\u00e1mos egy\u00e9b rendelkez\u00e9s eg\u00e9sz\u00edten\u00e9 ki. L\u00e9trehozn\u00e1nak p\u00e9ld\u00e1ul egy alapot, amelyb\u0151l a legink\u00e1bb r\u00e1szorul\u00f3k ig\u00e9nyelhetn\u00e9nek tov\u00e1bbi t\u00e1mogat\u00e1st. Bevezetn\u00e9k azt is, hogy a legink\u00e1bb j\u00f3m\u00f3d\u00fa r\u00e9tegekn\u00e9l, az \u00e9vi 72 ezer eur\u00f3n\u00e1l nagyobb j\u00f6vedelemmel rendelkez\u0151 ad\u00f3fizet\u0151k eset\u00e9ben a g\u00e1z\u00e1rf\u00e9k-t\u00e1mogat\u00e1s az ad\u00f3k\u00f6teles j\u00f6vedelemhez tartozik.<br \/>\n    A javaslat szerint a teljes rendszer nagyj\u00e1b\u00f3l 91 milli\u00e1rd eur\u00f3val &#8211; a nagyfogyaszt\u00f3k eset\u00e9ben 25 milli\u00e1rd eur\u00f3val, a lakoss\u00e1gi, illetve a kis-, \u00e9s a k\u00f6zepes m\u00e9ret\u0171 v\u00e1llalati fogyaszt\u00f3kn\u00e1l 66 milli\u00e1rd eur\u00f3val &#8211; terheln\u00e9 meg az \u00e1llamh\u00e1ztart\u00e1st. Ezt a k\u00f6lts\u00e9get a sz\u00f6vets\u00e9gi korm\u00e1ny 200 milli\u00e1rd eur\u00f3s keret\u00f6sszeg\u0171 t\u00e1mogat\u00e1si programj\u00e1b\u00f3l kellene finansz\u00edrozni. A p\u00e9nz\u00fcgyi v\u00e9d\u0151erny\u0151 elnevez\u00e9s\u0171 programhoz sz\u00fcks\u00e9ges hitelek felv\u00e9tel\u00e9r\u0151l sz\u00f3l\u00f3 jogszab\u00e1lyt a napokban fogadta el a t\u00f6rv\u00e9nyhoz\u00e1s.<br \/>\n    Olaf Scholz kancell\u00e1r h\u00e9tf\u0151n Berlinben egy m\u00e1s \u00fcgyben tartott t\u00e1j\u00e9koztat\u00f3j\u00e1n elmondta, hogy \u00e1tvett\u00e9k \u00e9s tanulm\u00e1nyozz\u00e1k a szak\u00e9rt\u0151i javaslatot, amelynek alapj\u00e1n m\u00e1r a szerdai korm\u00e1ny\u00fcl\u00e9sen d\u00f6ntenek a g\u00e1z\u00e1rf\u00e9k program &#8222;sarokpontjair\u00f3l&#8221;. Jelezte, hogy hasonl\u00f3 megold\u00e1sra k\u00e9sz\u00fclnek az ugyancsak rohamosan dr\u00e1gul\u00f3 villamosenergia eset\u00e9ben is.<br \/>\n    N\u00e9metorsz\u00e1gban a f\u00f6ldg\u00e1zpiacon egyszerre okoz gondot a tavaly megindult dr\u00e1gul\u00e1s, amely Oroszorsz\u00e1g Ukrajna elleni h\u00e1bor\u00faj\u00e1val m\u00e9g ink\u00e1bb lend\u00fcletet vett, \u00e9s a k\u00edn\u00e1lat sz\u0171k\u00f6ss\u00e9ge, amely ugyancsak \u00f6sszef\u00fcgg az Ukrajna elleni orosz t\u00e1mad\u00e1ssal.<br \/>\n<div class=\"ads-in-post2\"><script async src=\"https:\/\/pagead2.googlesyndication.com\/pagead\/js\/adsbygoogle.js\"><\/script>\r\n<ins class=\"adsbygoogle\"\r\n     style=\"display:block\"\r\n     data-ad-format=\"fluid\"\r\n     data-ad-layout-key=\"-6t+ed+2i-1n-4w\"\r\n     data-ad-client=\"ca-pub-1959107119989764\"\r\n     data-ad-slot=\"4008251320\"><\/ins>\r\n<script>\r\n     (adsbygoogle = window.adsbygoogle || []).push({});\r\n<\/script><\/div>\n    Az ell\u00e1t\u00e1si helyzet az\u00e9rt kritikus, mert csaknem teljesen kiesett az eddigi legnagyobb sz\u00e1ll\u00edt\u00f3, Oroszorsz\u00e1g, amely a h\u00e1bor\u00fa febru\u00e1i kezdete \u00f3ta fokozatosan visszafogta a N\u00e9metorsz\u00e1gba ir\u00e1nyul\u00f3 exportot, annak ellen\u00e9re, hogy a h\u00e1bor\u00fa miatt Oroszorsz\u00e1ggal szemben bevezetett eur\u00f3pai uni\u00f3s b\u00fcntet\u0151int\u00e9zked\u00e9sek nem \u00e9rintik a f\u00f6ldg\u00e1zkereskedelmet.<br \/>\n    Az Oroszorsz\u00e1got N\u00e9metorsz\u00e1ggal k\u00f6zvetlen\u00fcl \u00f6sszek\u00f6t\u0151 \u00c9szaki \u00c1ramlat-1 vezet\u00e9k augusztus v\u00e9gi le\u00e1ll\u00edt\u00e1s\u00e1val 2022 szeptembere volt az els\u0151 olyan h\u00f3nap az oroszorsz\u00e1gi import kezdete, 1972 \u00f3ta, amikor nem \u00e9rkezett N\u00e9metorsz\u00e1gba f\u00f6ldg\u00e1z k\u00f6zvetlen\u00fcl Oroszorsz\u00e1gb\u00f3l.<br \/>\n    Az ukrajnai h\u00e1bor\u00fa el\u0151tt N\u00e9metorsz\u00e1g a f\u00f6ldg\u00e1zfelhaszn\u00e1l\u00e1s\u00e1nak b\u0151 50 sz\u00e1zal\u00e9k\u00e1t fedezte orosz importb\u00f3l. A sz\u00f6vets\u00e9gi korm\u00e1ny legut\u00f3bbi adatai szerint j\u00faniusig 26 sz\u00e1zal\u00e9kra cs\u00f6kkent ez az ar\u00e1ny, \u00e9s Norv\u00e9gia vette \u00e1t a legnagyobb sz\u00e1ll\u00edt\u00f3 szerep\u00e9t 27 sz\u00e1zal\u00e9kos ar\u00e1nnyal. A vezet\u00e9kes orosz import kiv\u00e1lt\u00e1s\u00e1t szolg\u00e1lja egy sor fejleszt\u00e9s, fel\u00e9p\u00edtenek a t\u00f6bbi k\u00f6z\u00f6tt n\u00e9gy tengeri termin\u00e1lt, amelyek cseppfoly\u00f3s\u00edtott f\u00f6ldg\u00e1z (LNG) fogad\u00e1s\u00e1ra alkalmasak. Az els\u0151t &#8211; Wilhelmshavenben &#8211; a t\u00e9len tervezik \u00fczembe \u00e1ll\u00edtani.(MTI)<\/p>\n","protected":false},"excerpt":{"rendered":"<p>A munkahelyek meg\u0151rz\u00e9s\u00e9hez k\u00f6thetik a nagyv\u00e1llalatok g\u00e1z\u00e1rt\u00e1mogat\u00e1s\u00e1t N\u00e9metorsz\u00e1gban egy h\u00e9tf\u0151n v\u00e9gleges\u00edtett szak\u00e9rt\u0151i javaslat szerint, amelynek alapj\u00e1n a sz\u00f6vets\u00e9gi korm\u00e1ny napokon bel\u00fcl d\u00f6nt a g\u00e1z\u00e1rf\u00e9k elnevez\u00e9s\u0171 t\u00e1mogat\u00e1si rendszerr\u0151l.<\/p>\n","protected":false},"author":1001006,"featured_media":0,"comment_status":"open","ping_status":"open","sticky":false,"template":"","format":"standard","meta":[],"categories":[19,246],"tags":[],"_links":{"self":[{"href":"https:\/\/gazdasagportal.hu\/index.php\/wp-json\/wp\/v2\/posts\/141926"}],"collection":[{"href":"https:\/\/gazdasagportal.hu\/index.php\/wp-json\/wp\/v2\/posts"}],"about":[{"href":"https:\/\/gazdasagportal.hu\/index.php\/wp-json\/wp\/v2\/types\/post"}],"author":[{"embeddable":true,"href":"https:\/\/gazdasagportal.hu\/index.php\/wp-json\/wp\/v2\/users\/1001006"}],"replies":[{"embeddable":true,"href":"https:\/\/gazdasagportal.hu\/index.php\/wp-json\/wp\/v2\/comments?post=141926"}],"version-history":[{"count":1,"href":"https:\/\/gazdasagportal.hu\/index.php\/wp-json\/wp\/v2\/posts\/141926\/revisions"}],"predecessor-version":[{"id":141927,"href":"https:\/\/gazdasagportal.hu\/index.php\/wp-json\/wp\/v2\/posts\/141926\/revisions\/141927"}],"wp:attachment":[{"href":"https:\/\/gazdasagportal.hu\/index.php\/wp-json\/wp\/v2\/media?parent=141926"}],"wp:term":[{"taxonomy":"category","embeddable":true,"href":"https:\/\/gazdasagportal.hu\/index.php\/wp-json\/wp\/v2\/categories?post=141926"},{"taxonomy":"post_tag","embeddable":true,"href":"https:\/\/gazdasagportal.hu\/index.php\/wp-json\/wp\/v2\/tags?post=141926"}],"curies":[{"name":"wp","href":"https:\/\/api.w.org\/{rel}","templated":true}]}}