{"id":141906,"date":"2022-10-30T09:55:10","date_gmt":"2022-10-30T07:55:10","guid":{"rendered":"https:\/\/gazdasagportal.hu\/?p=141906"},"modified":"2022-10-30T09:55:10","modified_gmt":"2022-10-30T07:55:10","slug":"oraatallitas-megkezdodik-a-teli-idoszamitas","status":"publish","type":"post","link":"https:\/\/gazdasagportal.hu\/index.php\/oraatallitas-megkezdodik-a-teli-idoszamitas\/","title":{"rendered":"\u00d3ra\u00e1t\u00e1ll\u00edt\u00e1s &#8211; Megkezd\u0151dik a t\u00e9li id\u0151sz\u00e1m\u00edt\u00e1s"},"content":{"rendered":"<p><strong>Ma kezd\u0151dik a t\u00e9li id\u0151sz\u00e1m\u00edt\u00e1s, az \u00f3r\u00e1kat hivatalosan hajnali h\u00e1romr\u00f3l k\u00e9t \u00f3r\u00e1ra \u00e1ll\u00edtj\u00e1k \u00e1t. Az \u00f3raigaz\u00edt\u00e1s n\u00e9h\u00e1ny belf\u00f6ldi \u00e9s nemzetk\u00f6zi vonatot, valamint \u00e9jszakai buszj\u00e1ratot is \u00e9rint.<\/strong><!--more--><\/p>\n<div class=\"ads-in-post2\"><script async src=\"https:\/\/pagead2.googlesyndication.com\/pagead\/js\/adsbygoogle.js\"><\/script>\r\n<ins class=\"adsbygoogle\"\r\n     style=\"display:block\"\r\n     data-ad-format=\"fluid\"\r\n     data-ad-layout-key=\"-6t+ed+2i-1n-4w\"\r\n     data-ad-client=\"ca-pub-1959107119989764\"\r\n     data-ad-slot=\"4008251320\"><\/ins>\r\n<script>\r\n     (adsbygoogle = window.adsbygoogle || []).push({});\r\n<\/script><\/div>\n<p>    A belf\u00f6ldi forgalomban egyes vonatok a ny\u00e1ri id\u0151sz\u00e1m\u00edt\u00e1s szerint, n\u00e9h\u00e1ny vonat pedig m\u00e1r a t\u00e9li id\u0151sz\u00e1m\u00edt\u00e1s szerint k\u00f6zlekedik, ennek megfelel\u0151en indul\u00e1sn\u00e1l megv\u00e1rj\u00e1k az \u00f3raigaz\u00edt\u00e1st.<br \/>\n    Az \u00e9rintett vonalak k\u00f6z\u00f6tt van a Budapest-Esztergom, a Szeged-H\u00f3dmez\u0151v\u00e1s\u00e1rhely \u00e9s a Debrecen-Nagykereki szakasz.<br \/>\n    T\u00f6bb nemzetk\u00f6zi vonatot k\u00fclf\u00f6ldi vas\u00fatvonalon \u00e9r az \u00f3ra\u00e1ll\u00edt\u00e1s, ilyen egyebek mellett a Corona InterCity (Brass\u00f3), az Ister InterCity (Bukarest) \u00e9s a K\u00e1lm\u00e1n Imre EuroCity (M\u00fcnchen).<br \/>\n    Hajnalban a legt\u00f6bb budapesti \u00e9jszakai buszj\u00e1rat, melyek \u00f3r\u00e1nk\u00e9nt, f\u00e9l\u00f3r\u00e1nk\u00e9nt vagy m\u00e9g s\u0171r\u0171bben k\u00f6zlekednek, 2 \u00e9s 3 \u00f3ra k\u00f6z\u00f6tt a t\u00e9li \u00e9s a ny\u00e1ri id\u0151sz\u00e1m\u00edt\u00e1s szerint is j\u00e1rnak.<br \/>\n    A 907A, 909A, 914A, 931A, 973A buszj\u00e1ratok csak a ny\u00e1ri id\u0151sz\u00e1m\u00edt\u00e1s szerint indulnak el 2 \u00e9s 3 \u00f3ra k\u00f6z\u00f6tt.<br \/>\n    N\u00e9h\u00e1ny vonalon &#8211; jellemz\u0151en a ritk\u00e1bban k\u00f6zleked\u0151 j\u00e1ratokn\u00e1l &#8211; egy-k\u00e9t indul\u00e1s id\u0151pontja a fentiekt\u0151l elt\u00e9r\u0151en v\u00e1ltozik &#8211; h\u00edvt\u00e1k fel a figyelmet.<br \/>\n    Aki ezen j\u00e1ratok (918-as, 922B, 937-es, 938-as, 940-es, 943-as, 948-as, 956-os, 964-es, 972-es, 980-as, 990-es, 992-es, 994-es, 996-os, 996A, 998-as, 999-es) valamelyik\u00e9vel utazik, a BKK oldal\u00e1n tudja ellen\u0151rizni a v\u00e1ltoz\u00e1sokat.(MTI)<\/p>\n","protected":false},"excerpt":{"rendered":"<p>Ma kezd\u0151dik a t\u00e9li id\u0151sz\u00e1m\u00edt\u00e1s, az \u00f3r\u00e1kat hivatalosan hajnali h\u00e1romr\u00f3l k\u00e9t \u00f3r\u00e1ra \u00e1ll\u00edtj\u00e1k \u00e1t. Az \u00f3raigaz\u00edt\u00e1s n\u00e9h\u00e1ny belf\u00f6ldi \u00e9s nemzetk\u00f6zi vonatot, valamint \u00e9jszakai buszj\u00e1ratot is \u00e9rint.<\/p>\n","protected":false},"author":1001007,"featured_media":0,"comment_status":"open","ping_status":"open","sticky":false,"template":"","format":"standard","meta":[],"categories":[4],"tags":[],"_links":{"self":[{"href":"https:\/\/gazdasagportal.hu\/index.php\/wp-json\/wp\/v2\/posts\/141906"}],"collection":[{"href":"https:\/\/gazdasagportal.hu\/index.php\/wp-json\/wp\/v2\/posts"}],"about":[{"href":"https:\/\/gazdasagportal.hu\/index.php\/wp-json\/wp\/v2\/types\/post"}],"author":[{"embeddable":true,"href":"https:\/\/gazdasagportal.hu\/index.php\/wp-json\/wp\/v2\/users\/1001007"}],"replies":[{"embeddable":true,"href":"https:\/\/gazdasagportal.hu\/index.php\/wp-json\/wp\/v2\/comments?post=141906"}],"version-history":[{"count":1,"href":"https:\/\/gazdasagportal.hu\/index.php\/wp-json\/wp\/v2\/posts\/141906\/revisions"}],"predecessor-version":[{"id":141907,"href":"https:\/\/gazdasagportal.hu\/index.php\/wp-json\/wp\/v2\/posts\/141906\/revisions\/141907"}],"wp:attachment":[{"href":"https:\/\/gazdasagportal.hu\/index.php\/wp-json\/wp\/v2\/media?parent=141906"}],"wp:term":[{"taxonomy":"category","embeddable":true,"href":"https:\/\/gazdasagportal.hu\/index.php\/wp-json\/wp\/v2\/categories?post=141906"},{"taxonomy":"post_tag","embeddable":true,"href":"https:\/\/gazdasagportal.hu\/index.php\/wp-json\/wp\/v2\/tags?post=141906"}],"curies":[{"name":"wp","href":"https:\/\/api.w.org\/{rel}","templated":true}]}}