{"id":141599,"date":"2022-09-28T12:01:59","date_gmt":"2022-09-28T10:01:59","guid":{"rendered":"https:\/\/gazdasagportal.hu\/?p=141599"},"modified":"2022-09-28T12:01:59","modified_gmt":"2022-09-28T10:01:59","slug":"megrangattak-a-forintot-veget-ert-a-kamatemelesi-ciklus","status":"publish","type":"post","link":"https:\/\/gazdasagportal.hu\/index.php\/megrangattak-a-forintot-veget-ert-a-kamatemelesi-ciklus\/","title":{"rendered":"Megr\u00e1ngatt\u00e1k a forintot. V\u00e9get \u00e9rt a kamatemel\u00e9si ciklus"},"content":{"rendered":"<p><strong>A v\u00e1rtn\u00e1l nagyobbat emelt, de a ciklus v\u00e9g\u00e9re \u00e9rt a hazai jegybank. 125 b\u00e1zispontos kamatemel\u00e9st jelentett be az MNB Monet\u00e1ris Tan\u00e1csa a mai kamatd\u00f6nt\u0151 \u00fcl\u00e9sen, ezzel 13 sz\u00e1zal\u00e9kra emelkedett az alapkamat. A megjelent k\u00f6zlem\u00e9nyben ugyanakkor jelezt\u00e9k, hogy a kamatkond\u00edci\u00f3k kell\u0151en szigor\u00fav\u00e1 v\u00e1ltak. A monet\u00e1ris kond\u00edci\u00f3k szigor\u00edt\u00e1sa a likvidit\u00e1s sz\u0171k\u00edt\u00e9s\u00e9vel folytat\u00f3dik. Matolcsy Gy\u00f6rgy a sajt\u00f3t\u00e1j\u00e9koztat\u00f3n elmondta, hogy lez\u00e1rt\u00e1k a 16 h\u00f3napja tart\u00f3 kamatemel\u00e9si ciklust, de nincs v\u00e9ge az infl\u00e1ci\u00f3 elleni k\u00fczdelemnek, ezent\u00fal m\u00e1s eszk\u00f6z\u00f6kre helyeznek nagyobb hangs\u00falyt.<\/strong><!--more--><\/p>\n<div class=\"ads-in-post2\"><script async src=\"https:\/\/pagead2.googlesyndication.com\/pagead\/js\/adsbygoogle.js\"><\/script>\r\n<ins class=\"adsbygoogle\"\r\n     style=\"display:block\"\r\n     data-ad-format=\"fluid\"\r\n     data-ad-layout-key=\"-6t+ed+2i-1n-4w\"\r\n     data-ad-client=\"ca-pub-1959107119989764\"\r\n     data-ad-slot=\"4008251320\"><\/ins>\r\n<script>\r\n     (adsbygoogle = window.adsbygoogle || []).push({});\r\n<\/script><\/div>\n<p><strong>Tart\u00f3san fennmaradnak a szigor\u00fa monet\u00e1ris kond\u00edci\u00f3k.<\/strong>\u00a0A k\u00f6zlem\u00e9ny azt is lesz\u00f6gezi, hogy tart\u00f3san fenntartj\u00e1k a jelenlegi kond\u00edci\u00f3kat, ez biztos\u00edthatja az infl\u00e1ci\u00f3s v\u00e1rakoz\u00e1sok horonyz\u00e1s\u00e1t, \u00e9s az infl\u00e1ci\u00f3s c\u00e9l fenntarthat\u00f3 m\u00f3don t\u00f6rt\u00e9n\u0151 el\u00e9r\u00e9s\u00e9t. El\u0151retekintve a likvidit\u00e1s sz\u0171k\u00edt\u00e9se \u00e9s a monet\u00e1ris transzmisszi\u00f3 tov\u00e1bbi er\u0151s\u00edt\u00e9se ker\u00fcl az MNB f\u00f3kuszpontj\u00e1ba, aminek \u00e9rdek\u00e9ben a jegybank a j\u00f6v\u0151ben \u00fajabb int\u00e9zked\u00e9sekr\u0151l d\u00f6nthetnek.<\/p>\n<p><strong>Az \u00e9v elej\u00e9n lassulhat az infl\u00e1ci\u00f3.<\/strong>\u00a0A jegybank v\u00e1rakoz\u00e1sa szerint a j\u00f6v\u0151 \u00e9v elej\u00e9t\u0151l a k\u00fcls\u0151 infl\u00e1ci\u00f3s nyom\u00e1s enyh\u00fcl\u00e9se \u00e9s a lassul\u00f3 kereslet \u00e1rleszor\u00edt\u00f3 hat\u00e1sa megjelenhet a hazai infl\u00e1ci\u00f3ban, az \u00e1rdinamika lass\u00fa fordulat\u00e1t okozva. A szigor\u00fa monet\u00e1ris kond\u00edci\u00f3k seg\u00edtik a m\u00e1sodk\u00f6r\u00f6s infl\u00e1ci\u00f3s hat\u00e1sok elker\u00fcl\u00e9s\u00e9t \u00e9s az infl\u00e1ci\u00f3s v\u00e1rakoz\u00e1\u0151sok horgonyz\u00e1s\u00e1t. A sajt\u00f3t\u00e1j\u00e9koztat\u00f3n megtudhattuk a friss Infl\u00e1ci\u00f3s jelent\u00e9s keretsz\u00e1mait, mely szerint az idei \u00e9vben 13,5-14,5 sz\u00e1zal\u00e9kos, j\u00f6v\u0151re 11,5-14,0 sz\u00e1zal\u00e9kos lehet az infl\u00e1ci\u00f3, majd 2024 els\u0151 fel\u00e9ben \u00e9rheti el a jegybanki c\u00e9ls\u00e1vot (2-4 sz\u00e1zal\u00e9k). A gazdas\u00e1gi n\u00f6veked\u00e9s id\u00e9n 3-4 sz\u00e1zal\u00e9kos, j\u00f6v\u0151re 0,5-1,5 sz\u00e1zal\u00e9kos, 2024-ben 3,5-4,5 sz\u00e1zal\u00e9kos lehet a jegybank v\u00e1rakoz\u00e1sai szerint.<\/p><div id=\"gazda-2254747568\" class=\"gazda-tartalomban gazda-entity-placement\"><script async src=\"https:\/\/pagead2.googlesyndication.com\/pagead\/js\/adsbygoogle.js\"><\/script>\r\n<ins class=\"adsbygoogle\"\r\n     style=\"display:block\"\r\n     data-ad-format=\"fluid\"\r\n     data-ad-layout-key=\"-6t+ed+2i-1n-4w\"\r\n     data-ad-client=\"ca-pub-1959107119989764\"\r\n     data-ad-slot=\"4008251320\"><\/ins>\r\n<script>\r\n     (adsbygoogle = window.adsbygoogle || []).push({});\r\n<\/script><\/div>\n<p><strong>Nem t\u00e1g\u00edt a Fed.<\/strong>\u00a0Az amerikai jegybank m\u00falt szerd\u00e1n alaposan r\u00e1ijesztett a befektet\u0151kre, b\u00e1r a v\u00e1rakoz\u00e1soknak megfelel\u0151en 75 b\u00e1zispontos kamatemel\u00e9st hajtottak v\u00e9gre, a kommunik\u00e1ci\u00f3 a kor\u00e1bbin\u00e1l is szigor\u00fabb volt. Az \u00e9v v\u00e9g\u00e9re 4,5 sz\u00e1zal\u00e9kos kamatszintet v\u00e1rnak a jegybank\u00e1rok, ami azt jelenten\u00e9, hogy id\u00e9n m\u00e9g egy 75 \u00e9s egy 50 b\u00e1zispontos szigor\u00edt\u00e1st fognak v\u00e9grehajtani. J\u00f6v\u0151re m\u00e9g magasabb kamatszintet v\u00e1rnak, ami nem jelenti felt\u00e9tlen\u00fcl, hogy nem indul meg a kamatcs\u00f6kkent\u00e9s, mivel csak \u00e9v v\u00e9gi v\u00e1rt \u00e9rt\u00e9keket tesznek k\u00f6zz\u00e9. A gazdas\u00e1gi n\u00f6veked\u00e9s id\u00e9n mind\u00f6ssze 0,2 sz\u00e1zal\u00e9kos lehet, \u00e9s j\u00f6v\u0151re is csak 1,2 sz\u00e1zal\u00e9kos b\u0151v\u00fcl\u00e9st prognosztiz\u00e1lnak. Az infl\u00e1ci\u00f3 viszont az eddig v\u00e1rtn\u00e1l is magasabb lesz, a Core PCE index eset\u00e9ben 4,5 sz\u00e1zal\u00e9kos n\u00f6veked\u00e9st v\u00e1rnak id\u00e9n, j\u00f6v\u0151re 3,1 sz\u00e1zal\u00e9kost. Jerome Powell meglehet\u0151sen er\u0151s \u00fczeneteket fogalmazott meg az \u00fcl\u00e9st k\u00f6vet\u0151 sajt\u00f3t\u00e1j\u00e9koztat\u00f3n. Tov\u00e1bb fogj\u00e1k emelni a kamatokat, am\u00edg nem kapnak meggy\u0151z\u0151 bizony\u00edt\u00e9kokat az infl\u00e1ci\u00f3 gyeng\u00fcl\u00e9s\u00e9re, akkor lehet majd lass\u00edtani az \u00fctemen. A be\u00e9rkez\u0151 adatok f\u00fcggv\u00e9ny\u00e9ben d\u00f6ntenek minden \u00fcl\u00e9sen, teljes m\u00e9rt\u00e9kben elk\u00f6telezettek az \u00e1rstabilit\u00e1s helyre\u00e1ll\u00edt\u00e1sa mellett, m\u00e9g akkor is, ha esetleg recesszi\u00f3t okoz. A kamatszintnek egy ideig restrikt\u00edvnek kell maradnia, jelenleg ennek a s\u00e1vnak a legalacsonyabb szintj\u00e9n van.<br \/>\n<div class=\"ads-in-post2\"><script async src=\"https:\/\/pagead2.googlesyndication.com\/pagead\/js\/adsbygoogle.js\"><\/script>\r\n<ins class=\"adsbygoogle\"\r\n     style=\"display:block\"\r\n     data-ad-format=\"fluid\"\r\n     data-ad-layout-key=\"-6t+ed+2i-1n-4w\"\r\n     data-ad-client=\"ca-pub-1959107119989764\"\r\n     data-ad-slot=\"4008251320\"><\/ins>\r\n<script>\r\n     (adsbygoogle = window.adsbygoogle || []).push({});\r\n<\/script><\/div>\n<p><strong>Lend\u00fcletben marad az EKB.\u00a0<\/strong>Az Eur\u00f3pai K\u00f6zponti Bank is gyors\u00edtott a kamatemel\u00e9si \u00fctemen, szeptember elej\u00e9n 75 b\u00e1zispontos szigor\u00edt\u00e1st jelentett be. A megjelent k\u00f6zlem\u00e9nyben a d\u00f6nt\u00e9shoz\u00f3k jelezt\u00e9k, hogy a k\u00f6vetkez\u0151 \u00fcl\u00e9seken is kamatemel\u00e9sek j\u00f6nnek, melynek m\u00e9rt\u00e9ke a be\u00e9rkez\u0151 adatok, els\u0151sorban az infl\u00e1ci\u00f3s folyamatok f\u00fcggv\u00e9nye. Jelent\u0151sen felfel\u00e9 m\u00f3dos\u00edtott\u00e1k az infl\u00e1ci\u00f3s el\u0151rejelz\u00e9seket, az idei \u00e9vben 8,1 sz\u00e1zal\u00e9kos, j\u00f6v\u0151re 5,5 sz\u00e1zal\u00e9kos, 2024-ben 2,3 sz\u00e1zal\u00e9kos infl\u00e1ci\u00f3ra sz\u00e1m\u00edtanak. A gazdas\u00e1gi n\u00f6veked\u00e9s jelent\u0151sen lassulni fog, a j\u00f6v\u0151 \u00e9v els\u0151 negyed\u00e9v\u00e9ben stagn\u00e1l\u00e1s j\u00f6het. A rendk\u00edv\u00fcl magas energia\u00e1rak cs\u00f6kkentik a j\u00f6vedelmek v\u00e1s\u00e1rl\u00f3erej\u00e9t, a k\u00edn\u00e1lati sz\u0171k keresztmetszetek pedig korl\u00e1tozz\u00e1k a gazdas\u00e1g teljes\u00edtm\u00e9ny\u00e9t. A n\u00f6veked\u00e9s id\u00e9n 3,1 sz\u00e1zal\u00e9kos, j\u00f6v\u0151re 0,9 sz\u00e1zal\u00e9kos, 2024-ben 1,9 sz\u00e1zal\u00e9kos lehet az EKB v\u00e1rakoz\u00e1sai szerint. Christine Lagarde a sajt\u00f3t\u00e1j\u00e9koztat\u00f3n elmondta, hogy az infl\u00e1ci\u00f3 extr\u00e9m magas, minden szektorban jelen van, emiatt hat\u00e1rozott l\u00e9p\u00e9seket kell tenni. M\u00e9g nincsenek a semleges kamatszintn\u00e9l, de arra haladnak. Lagarde tegnapi besz\u00e9d\u00e9ben is jelezte, hogy akkor is folytat\u00f3dik a kamatemel\u00e9s az eur\u00f3z\u00f3n\u00e1ban, ha a gazdas\u00e1gi aktivit\u00e1s jelent\u0151sen lelassul. A jegybank az infl\u00e1ci\u00f3 tart\u00f3s emelked\u00e9se ellen v\u00e9dekezik a l\u00e9p\u00e9sekkel.<\/p>\n<p><strong>Megr\u00e1ngatt\u00e1k a forintot.<\/strong> A mai bejelent\u00e9sek hat\u00e1s\u00e1ra jelent\u0151s mozg\u00e1sok indultak az eur\u00f3-forint \u00e1rfolyam\u00e1ban, a v\u00e1rtn\u00e1l nagyobb kamatemel\u00e9sre er\u0151s\u00f6dni kezdett a hazai fizet\u0151eszk\u00f6z, majd a k\u00f6zlem\u00e9ny megjelen\u00e9sekor visszagyeng\u00fclt. Ezt k\u00f6vet\u0151en ism\u00e9t n\u00e9mi er\u0151s\u00f6d\u00e9s volt l\u00e1that\u00f3, mivel a jegybank hangs\u00falyozta, hogy tart\u00f3san szigor\u00faak maradhatnak a monet\u00e1ris kond\u00edci\u00f3k \u00e9s m\u00e1s eszk\u00f6z\u00f6kkel fognak ezent\u00fal szigor\u00edtani. Az \u00e1rfolyamot alulr\u00f3l a 30 napos mozg\u00f3\u00e1tlag t\u00e1masztja 404,05-n\u00e9l, m\u00edg fel\u00fcl 410 k\u00f6zel\u00e9ben h\u00faz\u00f3dik egy fontos ellen\u00e1ll\u00e1si szint. Amelyiket el\u0151bb t\u00f6ri \u00e1t szignifik\u00e1nsan, abba az ir\u00e1nyba indulhat 5-6 forintos mozg\u00e1s. Hosszabb t\u00e1von az enyh\u00e9n emelked\u0151 trendcsatorn\u00e1ban mozog a jegyz\u00e9s, ebben egyel\u0151re nem is v\u00e1runk v\u00e1ltoz\u00e1st, a fels\u0151 trendvonal jelenleg 416 k\u00f6zel\u00e9ben, m\u00edg az als\u00f3 trendvonal 394 k\u00f6zel\u00e9ben h\u00faz\u00f3dik.<\/p>\n<p>(Equilor)<\/p>\n","protected":false},"excerpt":{"rendered":"<p>A v\u00e1rtn\u00e1l nagyobbat emelt, de a ciklus v\u00e9g\u00e9re \u00e9rt a hazai jegybank. 125 b\u00e1zispontos kamatemel\u00e9st jelentett be az MNB Monet\u00e1ris Tan\u00e1csa a mai kamatd\u00f6nt\u0151 \u00fcl\u00e9sen, ezzel 13 sz\u00e1zal\u00e9kra emelkedett az alapkamat. A megjelent k\u00f6zlem\u00e9nyben ugyanakkor jelezt\u00e9k, hogy a kamatkond\u00edci\u00f3k kell\u0151en szigor\u00fav\u00e1 v\u00e1ltak. A monet\u00e1ris kond\u00edci\u00f3k szigor\u00edt\u00e1sa a likvidit\u00e1s sz\u0171k\u00edt\u00e9s\u00e9vel folytat\u00f3dik. Matolcsy Gy\u00f6rgy a sajt\u00f3t\u00e1j\u00e9koztat\u00f3n elmondta, &#8230;<\/p>\n","protected":false},"author":1001006,"featured_media":0,"comment_status":"open","ping_status":"open","sticky":false,"template":"","format":"standard","meta":[],"categories":[19],"tags":[],"_links":{"self":[{"href":"https:\/\/gazdasagportal.hu\/index.php\/wp-json\/wp\/v2\/posts\/141599"}],"collection":[{"href":"https:\/\/gazdasagportal.hu\/index.php\/wp-json\/wp\/v2\/posts"}],"about":[{"href":"https:\/\/gazdasagportal.hu\/index.php\/wp-json\/wp\/v2\/types\/post"}],"author":[{"embeddable":true,"href":"https:\/\/gazdasagportal.hu\/index.php\/wp-json\/wp\/v2\/users\/1001006"}],"replies":[{"embeddable":true,"href":"https:\/\/gazdasagportal.hu\/index.php\/wp-json\/wp\/v2\/comments?post=141599"}],"version-history":[{"count":1,"href":"https:\/\/gazdasagportal.hu\/index.php\/wp-json\/wp\/v2\/posts\/141599\/revisions"}],"predecessor-version":[{"id":141600,"href":"https:\/\/gazdasagportal.hu\/index.php\/wp-json\/wp\/v2\/posts\/141599\/revisions\/141600"}],"wp:attachment":[{"href":"https:\/\/gazdasagportal.hu\/index.php\/wp-json\/wp\/v2\/media?parent=141599"}],"wp:term":[{"taxonomy":"category","embeddable":true,"href":"https:\/\/gazdasagportal.hu\/index.php\/wp-json\/wp\/v2\/categories?post=141599"},{"taxonomy":"post_tag","embeddable":true,"href":"https:\/\/gazdasagportal.hu\/index.php\/wp-json\/wp\/v2\/tags?post=141599"}],"curies":[{"name":"wp","href":"https:\/\/api.w.org\/{rel}","templated":true}]}}