{"id":141597,"date":"2022-09-28T11:26:57","date_gmt":"2022-09-28T09:26:57","guid":{"rendered":"https:\/\/gazdasagportal.hu\/?p=141597"},"modified":"2022-09-28T11:26:57","modified_gmt":"2022-09-28T09:26:57","slug":"jo-hir-az-alberletben-eloknek-lassult-a-lakberek-emelkedese","status":"publish","type":"post","link":"https:\/\/gazdasagportal.hu\/index.php\/jo-hir-az-alberletben-eloknek-lassult-a-lakberek-emelkedese\/","title":{"rendered":"J\u00f3 h\u00edr az alb\u00e9rletben \u00e9l\u0151knek, lassult a lakb\u00e9rek emelked\u00e9se"},"content":{"rendered":"<p><strong>Lassult a lakb\u00e9rek emelked\u00e9se augusztusban a KSH-ingatlan.com lakb\u00e9rindexe szerint  &#8211; k\u00f6z\u00f6lte a KSH szerd\u00e1n honlapj\u00e1n.<\/strong><!--more--><\/p>\n<div class=\"ads-in-post2\"><script async src=\"https:\/\/pagead2.googlesyndication.com\/pagead\/js\/adsbygoogle.js\"><\/script>\r\n<ins class=\"adsbygoogle\"\r\n     style=\"display:block\"\r\n     data-ad-format=\"fluid\"\r\n     data-ad-layout-key=\"-6t+ed+2i-1n-4w\"\r\n     data-ad-client=\"ca-pub-1959107119989764\"\r\n     data-ad-slot=\"4008251320\"><\/ins>\r\n<script>\r\n     (adsbygoogle = window.adsbygoogle || []).push({});\r\n<\/script><\/div>\n<p>    Augusztusban az el\u0151z\u0151 h\u00f3naphoz k\u00e9pest orsz\u00e1gosan 1,5, Budapesten 1,3 sz\u00e1zal\u00e9kkal n\u0151ttek a lakb\u00e9rek.<br \/>\n    Az el\u0151z\u0151 \u00e9v azonos id\u0151szak\u00e1hoz viszony\u00edtva az augusztusi lakb\u00e9rek orsz\u00e1gosan 23 sz\u00e1zal\u00e9kkal, Budapesten 25 sz\u00e1zal\u00e9kkal.<br \/>\n    A fogyaszt\u00f3i\u00e1r-indexet figyelembe v\u00e9ve a re\u00e1llakb\u00e9rek 2022 augusztus\u00e1ban orsz\u00e1gosan 4,2 sz\u00e1zal\u00e9kkal, Budapesten 7,0 sz\u00e1zal\u00e9kkal voltak alacsonyabbak a 2020. janu\u00e1rin\u00e1l.<br \/>\n    A 2022 els\u0151 nyolc h\u00f3napj\u00e1ban a figyelembe vett hirdet\u00e9sek 59 sz\u00e1zal\u00e9ka f\u0151v\u00e1rosi, 27 sz\u00e1zal\u00e9kkal megyei jog\u00fa, 13 sz\u00e1zal\u00e9ka nem megyei jog\u00fa v\u00e1rosban l\u00e9v\u0151 lak\u00e1sra vonatkozott. A hirdet\u00e9sek sz\u00e1ma a 2020. janu\u00e1r-augusztusihoz k\u00e9pest 19 sz\u00e1zal\u00e9kkal, a 2021. azonos id\u0151szakhoz m\u00e9rten 23 sz\u00e1zal\u00e9kkal cs\u00f6kkent az id\u00e9n az els\u0151 nyolc h\u00f3napban.<br \/>\n    Balogh L\u00e1szl\u00f3, az ingatlan.com vezet\u0151 gazdas\u00e1gi szak\u00e9rt\u0151 kiemelte, augusztus sorrendben a harmadik h\u00f3nap, amikor orsz\u00e1gosan \u00e9s a f\u0151v\u00e1rosban is lassult a dr\u00e1gul\u00e1s \u00fcteme, r\u00e1ad\u00e1sul abban a h\u00f3napban, amely a fels\u0151oktat\u00e1si tan\u00e9v indul\u00e1sa el\u0151tti f\u0151szezont jelent a piacon.<br \/>\n    Az ingatlan.com elemz\u00e9se szerint szeptember v\u00e9g\u00e9n Budapesten \u00e1tlagosan 200 ezer forint k\u00edn\u00e1lt\u00e1k a b\u00e9relhet\u0151 lak\u00f3ingatlanokat. A h\u00e1rom legdr\u00e1g\u00e1bb az V., a II. \u00e9s a XII. ker\u00fclet, ezekben a v\u00e1rosr\u00e9szekben 245-280 ezer forint az \u00e1tlaglakb\u00e9r. Budapesten a 150 ezer forint alatti alb\u00e9rletek ar\u00e1nya a tulajdonosok k\u00edn\u00e1lat\u00e1ban 24 sz\u00e1zal\u00e9kot tett ki szeptember v\u00e9g\u00e9n, r\u00e9szesed\u00e9s\u00fck az V. ker\u00fcletben 8 sz\u00e1zal\u00e9kos, a XXIII. ker\u00fcletben azonban 70 sz\u00e1zal\u00e9kos volt. A megyesz\u00e9khelyek k\u00f6z\u00fcl Sz\u00e9kesfeh\u00e9rv\u00e1r \u00e9s Veszpr\u00e9m a legdr\u00e1g\u00e1bb v\u00e1ros, itt szint\u00e9n 150 ezer forint\u00e9rt k\u00edn\u00e1lj\u00e1k a kiad\u00f3 lak\u00e1sokat. Debrecen 145 ezer forint, Tatab\u00e1ny\u00e1n \u00e9s Gy\u0151rben 135-135 ezer, Szegeden 130 ezer, Miskolcon pedig 100 ezer forint\u00e9rt.(MTI)<\/p>\n","protected":false},"excerpt":{"rendered":"<p>Lassult a lakb\u00e9rek emelked\u00e9se augusztusban a KSH-ingatlan.com lakb\u00e9rindexe szerint &#8211; k\u00f6z\u00f6lte a KSH szerd\u00e1n honlapj\u00e1n.<\/p>\n","protected":false},"author":1001006,"featured_media":0,"comment_status":"open","ping_status":"open","sticky":false,"template":"","format":"standard","meta":[],"categories":[19],"tags":[],"_links":{"self":[{"href":"https:\/\/gazdasagportal.hu\/index.php\/wp-json\/wp\/v2\/posts\/141597"}],"collection":[{"href":"https:\/\/gazdasagportal.hu\/index.php\/wp-json\/wp\/v2\/posts"}],"about":[{"href":"https:\/\/gazdasagportal.hu\/index.php\/wp-json\/wp\/v2\/types\/post"}],"author":[{"embeddable":true,"href":"https:\/\/gazdasagportal.hu\/index.php\/wp-json\/wp\/v2\/users\/1001006"}],"replies":[{"embeddable":true,"href":"https:\/\/gazdasagportal.hu\/index.php\/wp-json\/wp\/v2\/comments?post=141597"}],"version-history":[{"count":1,"href":"https:\/\/gazdasagportal.hu\/index.php\/wp-json\/wp\/v2\/posts\/141597\/revisions"}],"predecessor-version":[{"id":141598,"href":"https:\/\/gazdasagportal.hu\/index.php\/wp-json\/wp\/v2\/posts\/141597\/revisions\/141598"}],"wp:attachment":[{"href":"https:\/\/gazdasagportal.hu\/index.php\/wp-json\/wp\/v2\/media?parent=141597"}],"wp:term":[{"taxonomy":"category","embeddable":true,"href":"https:\/\/gazdasagportal.hu\/index.php\/wp-json\/wp\/v2\/categories?post=141597"},{"taxonomy":"post_tag","embeddable":true,"href":"https:\/\/gazdasagportal.hu\/index.php\/wp-json\/wp\/v2\/tags?post=141597"}],"curies":[{"name":"wp","href":"https:\/\/api.w.org\/{rel}","templated":true}]}}