{"id":141507,"date":"2022-09-19T12:07:19","date_gmt":"2022-09-19T10:07:19","guid":{"rendered":"https:\/\/gazdasagportal.hu\/?p=141507"},"modified":"2022-09-19T12:07:19","modified_gmt":"2022-09-19T10:07:19","slug":"rekordforgalmat-ert-el-a-jysk-a-2021-2022-es-penzugyi-evben","status":"publish","type":"post","link":"https:\/\/gazdasagportal.hu\/index.php\/rekordforgalmat-ert-el-a-jysk-a-2021-2022-es-penzugyi-evben\/","title":{"rendered":"Rekordforgalmat \u00e9rt el a JYSK a 2021\/2022-es p\u00e9nz\u00fcgyi \u00e9vben"},"content":{"rendered":"<p><strong>Rekordforgalmat \u00e9rt el a JYSK csoport az augusztus v\u00e9g\u00e9n befejez\u0151d\u00f6tt 2021\/2022-es p\u00e9nz\u00fcgyi \u00e9v\u00e9ben, \u00e1rbev\u00e9tel\u00e9t 11 sz\u00e1zal\u00e9kkal, m\u00edg a v\u00e1s\u00e1rl\u00f3i sz\u00e1m\u00e1t 7,7 milli\u00f3val n\u00f6velte, Magyarorsz\u00e1gon az \u00e1rbev\u00e9tele 17 sz\u00e1zal\u00e9kkal t\u00f6bb mint 66 milli\u00e1rd forintra n\u0151tt &#8211; k\u00f6z\u00f6lte a t\u00e1rsas\u00e1g h\u00e9tf\u0151n az MTI-vel<\/strong><!--more--><\/p>\n<div class=\"ads-in-post2\"><script async src=\"https:\/\/pagead2.googlesyndication.com\/pagead\/js\/adsbygoogle.js\"><\/script>\r\n<ins class=\"adsbygoogle\"\r\n     style=\"display:block\"\r\n     data-ad-format=\"fluid\"\r\n     data-ad-layout-key=\"-6t+ed+2i-1n-4w\"\r\n     data-ad-client=\"ca-pub-1959107119989764\"\r\n     data-ad-slot=\"4008251320\"><\/ins>\r\n<script>\r\n     (adsbygoogle = window.adsbygoogle || []).push({});\r\n<\/script><\/div>\n<p>    Kiemelt\u00e9k, a kedvez\u0151tlen gazdas\u00e1gi \u00e9s politikai hat\u00e1sok ellen\u00e9re Eur\u00f3pa szerte 135 \u00faj \u00e1ruh\u00e1zat nyitottak, a 48 orsz\u00e1gban tal\u00e1lhat\u00f3 t\u00f6bb mint 3200 \u00e1ruh\u00e1zban tov\u00e1bbra is \u00e9l\u00e9nk a forgalom, \u00e9s a webshopjukat is sokan l\u00e1togatj\u00e1k.<br \/>\n    Kifejtett\u00e9k, a ny\u00e1ri h\u00f3napokban a JYSK-\u00e1ruh\u00e1zak nagy nyom\u00e1s alatt \u00e1lltak, hiszen a n\u00f6vekv\u0151 infl\u00e1ci\u00f3 hat\u00e1s\u00e1ra kevesebb v\u00e1s\u00e1rl\u00f3 kevesebbet k\u00f6lt\u00f6tt, ennek ellen\u00e9re a vev\u0151k sz\u00e1ma \u00f6sszess\u00e9g\u00e9ben 7,7 milli\u00f3val n\u0151tt.<br \/>\n    Jan Bogh, a JYSK eln\u00f6k-vez\u00e9rigazgat\u00f3ja k\u00f6z\u00f6lte, a befektet\u00e9seiket folytatj\u00e1k. Megl\u00e9v\u0151 \u00e1ruh\u00e1zaik fel\u00e9t m\u00e1r \u00e1talak\u00edtott\u00e1k, tavaly 135 \u00faj \u00fczletet is nyitottak. Mindk\u00e9t l\u00e9p\u00e9st pozit\u00edvan fogadt\u00e1k a v\u00e1s\u00e1rl\u00f3k, \u00e9s ez az \u00e9rt\u00e9kes\u00edt\u00e9s volumen\u00e9ben is megmutatkozott.<br \/>\n    Az eln\u00f6k-vez\u00e9rigazgat\u00f3 a j\u00f6v\u0151t tekintve optimista, hisz abban, hogy \u00fczleti modellj\u00fck er\u0151s. Meggy\u0151z\u0151d\u00e9se, hogy sikeresek tudnak maradni.<br \/>\n    A k\u00f6zlem\u00e9ny szerint a JYSK Magyarorsz\u00e1gon a 2021\/2022-es \u00fczleti \u00e9vben h\u00e1rom \u00e1ruh\u00e1zat nyitott, \u00edgy 91 \u00fczletben fogadj\u00e1k a v\u00e1s\u00e1rl\u00f3kat. Az \u00e1rbev\u00e9tel 17 sz\u00e1zal\u00e9kkal, t\u00f6bb mint 66 milli\u00e1rd forintra n\u0151tt. Az alkalmazottak sz\u00e1ma 4 sz\u00e1zal\u00e9kkal b\u0151v\u00fclt, \u00e9s megkezdte m\u0171k\u00f6d\u00e9s\u00e9t az \u00faj logisztikai k\u00f6zpontjuk is.<br \/>\n    Szimeiszter S\u00e1ndor, a JYSK Magyarorsz\u00e1g\u00e9rt, Ausztri\u00e1\u00e9rt \u00e9s G\u00f6r\u00f6gorsz\u00e1g\u00e9rt felel\u0151s country menedzsere a k\u00f6zlem\u00e9nyben \u00fagy fogalmazott, hogy a j\u00e1rv\u00e1ny \u00e9s a h\u00e1bor\u00fa komoly kih\u00edv\u00e1sok el\u00e9 \u00e1ll\u00edtotta \u0151ket. Az id\u0151szak legfontosabb magyar vonatkoz\u00e1s\u00fa t\u00f6rt\u00e9n\u00e9se az ecseri logisztikai k\u00f6zpontjuk megnyit\u00e1sa volt, amely jelenleg a magyar mellett a horv\u00e1t, szlov\u00e9n \u00e9s szlov\u00e1k piacokat szolg\u00e1lja ki. A 200 milli\u00f3 eur\u00f3s &#8211; 80 milli\u00e1rd forintos &#8211;  beruh\u00e1z\u00e1s hivatalos megnyit\u00f3 \u00fcnneps\u00e9ge okt\u00f3berben lesz, de m\u00e1r most 160-an dolgoznak az \u00e9p\u00fcletben. Az \u00faj koll\u00e9g\u00e1k toborz\u00e1sa folyamatos, hiszen a teljes be\u00fczemel\u00e9s ut\u00e1n 5 orsz\u00e1got szolg\u00e1lnak ki innen, amivel \u00f6sszesen 500 munkahelyet l\u00e9tes\u00edtenek.<br \/>\n    A JYSK skandin\u00e1v gy\u00f6ker\u0171 nemzetk\u00f6zi lakberendez\u00e9si kiskereskedelmi \u00e1ruh\u00e1zl\u00e1nc, t\u00f6bb mint 3200 \u00e1ruh\u00e1za \u00e9s webshopja 48 orsz\u00e1gban v\u00e1rja a v\u00e1s\u00e1rl\u00f3kat. Az alap\u00edt\u00f3 Lars Larsen els\u0151 boltj\u00e1t D\u00e1ni\u00e1ban 1979-ben nyitotta meg. A JYSK ma m\u00e1r 30 ezer munkat\u00e1rssal rendelkezik. A csoport forgalma a 2021\/22-es gazdas\u00e1gi \u00e9vben 4,87 milli\u00e1rd eur\u00f3 volt. Magyarorsz\u00e1gon t\u00f6bb mint 800 munkav\u00e1llal\u00f3ja van \u00e9s 91 \u00fczlettel rendelkezik.<br \/>\n    A JYSK \u00e9ves jelent\u00e9s\u00e9t november 24-\u00e9n hozza majd nyilv\u00e1noss\u00e1gra &#8211; k\u00f6z\u00f6lte a t\u00e1rsas\u00e1g.(MTI)<\/p>\n","protected":false},"excerpt":{"rendered":"<p>Rekordforgalmat \u00e9rt el a JYSK csoport az augusztus v\u00e9g\u00e9n befejez\u0151d\u00f6tt 2021\/2022-es p\u00e9nz\u00fcgyi \u00e9v\u00e9ben, \u00e1rbev\u00e9tel\u00e9t 11 sz\u00e1zal\u00e9kkal, m\u00edg a v\u00e1s\u00e1rl\u00f3i sz\u00e1m\u00e1t 7,7 milli\u00f3val n\u00f6velte, Magyarorsz\u00e1gon az \u00e1rbev\u00e9tele 17 sz\u00e1zal\u00e9kkal t\u00f6bb mint 66 milli\u00e1rd forintra n\u0151tt &#8211; k\u00f6z\u00f6lte a t\u00e1rsas\u00e1g h\u00e9tf\u0151n az MTI-vel<\/p>\n","protected":false},"author":1001006,"featured_media":0,"comment_status":"open","ping_status":"open","sticky":false,"template":"","format":"standard","meta":[],"categories":[19],"tags":[],"_links":{"self":[{"href":"https:\/\/gazdasagportal.hu\/index.php\/wp-json\/wp\/v2\/posts\/141507"}],"collection":[{"href":"https:\/\/gazdasagportal.hu\/index.php\/wp-json\/wp\/v2\/posts"}],"about":[{"href":"https:\/\/gazdasagportal.hu\/index.php\/wp-json\/wp\/v2\/types\/post"}],"author":[{"embeddable":true,"href":"https:\/\/gazdasagportal.hu\/index.php\/wp-json\/wp\/v2\/users\/1001006"}],"replies":[{"embeddable":true,"href":"https:\/\/gazdasagportal.hu\/index.php\/wp-json\/wp\/v2\/comments?post=141507"}],"version-history":[{"count":1,"href":"https:\/\/gazdasagportal.hu\/index.php\/wp-json\/wp\/v2\/posts\/141507\/revisions"}],"predecessor-version":[{"id":141508,"href":"https:\/\/gazdasagportal.hu\/index.php\/wp-json\/wp\/v2\/posts\/141507\/revisions\/141508"}],"wp:attachment":[{"href":"https:\/\/gazdasagportal.hu\/index.php\/wp-json\/wp\/v2\/media?parent=141507"}],"wp:term":[{"taxonomy":"category","embeddable":true,"href":"https:\/\/gazdasagportal.hu\/index.php\/wp-json\/wp\/v2\/categories?post=141507"},{"taxonomy":"post_tag","embeddable":true,"href":"https:\/\/gazdasagportal.hu\/index.php\/wp-json\/wp\/v2\/tags?post=141507"}],"curies":[{"name":"wp","href":"https:\/\/api.w.org\/{rel}","templated":true}]}}