{"id":141424,"date":"2022-09-10T17:00:09","date_gmt":"2022-09-10T15:00:09","guid":{"rendered":"https:\/\/gazdasagportal.hu\/?p=141424"},"modified":"2022-09-10T17:00:09","modified_gmt":"2022-09-10T15:00:09","slug":"hivatalosan-is-az-egyesult-kiralysag-uralkodojava-nyilvanitottak-iii-karoly-kiralyt","status":"publish","type":"post","link":"https:\/\/gazdasagportal.hu\/index.php\/hivatalosan-is-az-egyesult-kiralysag-uralkodojava-nyilvanitottak-iii-karoly-kiralyt\/","title":{"rendered":"Hivatalosan is az Egyes\u00fclt Kir\u00e1lys\u00e1g uralkod\u00f3j\u00e1v\u00e1 nyilv\u00e1n\u00edtott\u00e1k III. K\u00e1roly kir\u00e1lyt"},"content":{"rendered":"<p><strong>Az \u0151si t\u00f6rv\u00e9nyek el\u0151\u00edr\u00e1sainak megfelel\u0151en form\u00e1lisan is az Egyes\u00fclt Kir\u00e1lys\u00e1g uralkod\u00f3j\u00e1v\u00e1 nyilv\u00e1n\u00edtott\u00e1k szombaton III. K\u00e1roly kir\u00e1lyt.<\/strong><!--more--><\/p>\n<div class=\"ads-in-post2\"><script async src=\"https:\/\/pagead2.googlesyndication.com\/pagead\/js\/adsbygoogle.js\"><\/script>\r\n<ins class=\"adsbygoogle\"\r\n     style=\"display:block\"\r\n     data-ad-format=\"fluid\"\r\n     data-ad-layout-key=\"-6t+ed+2i-1n-4w\"\r\n     data-ad-client=\"ca-pub-1959107119989764\"\r\n     data-ad-slot=\"4008251320\"><\/ins>\r\n<script>\r\n     (adsbygoogle = window.adsbygoogle || []).push({});\r\n<\/script><\/div>\n<p>    III. K\u00e1roly \u00e9desanyja, II. Erzs\u00e9bet kir\u00e1lyn\u0151 cs\u00fct\u00f6rt\u00f6k este, \u00e9let\u00e9nek 97., uralkod\u00e1s\u00e1nak 71. \u00e9v\u00e9ben elhunyt. A volt uralkod\u00f3t hosszas betegesked\u00e9s ut\u00e1n, ny\u00e1ri rezidenci\u00e1j\u00e1n, a sk\u00f3ciai Balmoral kast\u00e9ly\u00e1ban \u00e9rte a hal\u00e1l.<br \/>\n    Az 1701-ben kelt tr\u00f3n\u00f6r\u00f6kl\u00e9si t\u00f6rv\u00e9ny alapj\u00e1n II. Erzs\u00e9bet kir\u00e1lyn\u0151 hal\u00e1l\u00e1nak pillanat\u00e1t\u00f3l els\u0151sz\u00fcl\u00f6tt fia, a 73 \u00e9ves addigi tr\u00f3n\u00f6r\u00f6k\u00f6s, K\u00e1roly a brit uralkod\u00f3. Az \u00faj kir\u00e1ly III. K\u00e1roly n\u00e9ven l\u00e9pett tr\u00f3nra.<br \/>\n    Az Egyes\u00fclt Kir\u00e1lys\u00e1g tr\u00f3n\u00f6r\u00f6kl\u00e9si t\u00f6rv\u00e9nyei azonban azt is el\u0151\u00edrj\u00e1k, hogy az uralkod\u00f3k hal\u00e1la eset\u00e9n \u00f6sszeh\u00edvott tr\u00f3nut\u00f3dl\u00e1si tan\u00e1cs (Accession Council) &#8211; a tr\u00f3nbitorl\u00e1st elker\u00fclend\u0151 &#8211; k\u00e9ts\u00e9get kiz\u00e1r\u00f3an meg\u00e1llap\u00edtsa az \u00faj kir\u00e1ly vagy kir\u00e1lyn\u0151 kil\u00e9t\u00e9t, \u00e9s nyilv\u00e1nosan kihirdesse, hogy \u0151 az Egyes\u00fclt Kir\u00e1lys\u00e1g egyed\u00fcli \u00e9s t\u00f6rv\u00e9nyes uralkod\u00f3ja.<br \/>\n    Ez a form\u00e1lis elj\u00e1r\u00e1s zajlott le \u00e9vsz\u00e1zados hagyom\u00e1nyokat k\u00f6vet\u0151 cerem\u00f3nia keret\u00e9ben szombaton a St. James-palot\u00e1ban, K\u00e1roly volt londoni rezidenci\u00e1j\u00e1n.<br \/>\n    A Tr\u00f3nut\u00f3dl\u00e1si Tan\u00e1csnak jelenleg 715 tagja van. K\u00f6zt\u00fck vannak a Privy Council tagjai &#8211; ez a mindenkori uralkod\u00f3 tan\u00e1csad\u00f3 test\u00fclete -, a londoni City polg\u00e1rmestere, a Lord Mayor &#8211; akinek szem\u00e9lye nem ugyanaz, mint a londoni polg\u00e1rmester\u00e9 -, valamint a parlament fels\u0151 kamar\u00e1j\u00e1nak, a Lordok H\u00e1z\u00e1nak tagjai \u00e9s a j\u00f3r\u00e9szt egykori brit gyarmatok alkotta Nemzetk\u00f6z\u00f6ss\u00e9g orsz\u00e1gainak londoni diplom\u00e1ciai k\u00e9pvisel\u0151i.<br \/>\n    A szombati cerem\u00f3ni\u00e1n a tan\u00e1cs tagjai k\u00f6z\u00fcl hozz\u00e1vet\u0151leg k\u00e9tsz\u00e1zan voltak jelen, \u00e9s a t\u00f6bb szakaszb\u00f3l \u00e1ll\u00f3 form\u00e1lis elj\u00e1r\u00e1ssal \u0151k \u00e1llap\u00edtott\u00e1k meg, hogy III. K\u00e1roly az Egyes\u00fclt Kir\u00e1lys\u00e1g uralkod\u00f3ja.<br \/>\n<div class=\"ads-in-post2\"><script async src=\"https:\/\/pagead2.googlesyndication.com\/pagead\/js\/adsbygoogle.js\"><\/script>\r\n<ins class=\"adsbygoogle\"\r\n     style=\"display:block\"\r\n     data-ad-format=\"fluid\"\r\n     data-ad-layout-key=\"-6t+ed+2i-1n-4w\"\r\n     data-ad-client=\"ca-pub-1959107119989764\"\r\n     data-ad-slot=\"4008251320\"><\/ins>\r\n<script>\r\n     (adsbygoogle = window.adsbygoogle || []).push({});\r\n<\/script><\/div>\n    A proklam\u00e1ci\u00f3t ezut\u00e1n katonai tiszteletad\u00e1s k\u00f6zepette kihirdett\u00e9k a St. James-palota terasz\u00e1n, majd a londoni City egykori t\u0151zsde\u00e9p\u00fclete, a Royal Exchange l\u00e9pcs\u0151j\u00e9n is.<br \/>\n    A Royal Exchange ma m\u00e1r els\u0151sorban turistal\u00e1tv\u00e1nyoss\u00e1gk\u00e9nt m\u0171k\u00f6dik, sz\u00e1mos \u00e9tteremnek ad helyet, de azt a ceremoni\u00e1lis funkci\u00f3j\u00e1t megtartotta, hogy l\u00e9pcs\u0151j\u00e9r\u0151l is k\u00fcl\u00f6n ki kell hirdetni a City polg\u00e1rainak az \u00faj uralkod\u00f3 kil\u00e9t\u00e9t.<br \/>\n    A III. K\u00e1rolyt form\u00e1lisan uralkod\u00f3v\u00e1 nyilv\u00e1n\u00edt\u00f3 deklar\u00e1ci\u00f3 kihirdet\u00e9s\u00e9t d\u00edszsort\u00fczek k\u00eds\u00e9rt\u00e9k a londoni Hyde Parkban, illetve a Tower \u0151si \u00e9p\u00fcletegy\u00fcttes\u00e9n\u00e9l, a Temze partj\u00e1n.<br \/>\n    III. K\u00e1roly kir\u00e1ly a szombati cerem\u00f3nia ut\u00e1ni els\u0151 int\u00e9zked\u00e9s\u00e9vel munkasz\u00fcneti napp\u00e1 nyilv\u00e1n\u00edtotta \u00e9desanyja temet\u00e9s\u00e9nek napj\u00e1t, j\u00f3llehet az udvar m\u00e9g nem ismertette, hogy II. Erzs\u00e9bet kir\u00e1lyn\u0151t\u0151l mikor vesznek v\u00e9gs\u0151 b\u00facs\u00fat.<br \/>\n    Azt ugyanakkor m\u00e1r bejelentett\u00e9k, hogy a n\u00e9hai uralkod\u00f3t katonai tiszteletad\u00e1ssal k\u00eds\u00e9rt \u00e1llami temet\u00e9s keret\u00e9ben helyezik v\u00e9gs\u0151 nyugalomra.<br \/>\n    Legut\u00f3bb Sir Winston Churchill volt brit minisztereln\u00f6k\u00f6t b\u00facs\u00faztatt\u00e1k \u00e1llami temet\u00e9sen, 1965-ben bek\u00f6vetkezett hal\u00e1la ut\u00e1n.(MTI)<\/p>\n","protected":false},"excerpt":{"rendered":"<p>Az \u0151si t\u00f6rv\u00e9nyek el\u0151\u00edr\u00e1sainak megfelel\u0151en form\u00e1lisan is az Egyes\u00fclt Kir\u00e1lys\u00e1g uralkod\u00f3j\u00e1v\u00e1 nyilv\u00e1n\u00edtott\u00e1k szombaton III. K\u00e1roly kir\u00e1lyt.<\/p>\n","protected":false},"author":1001006,"featured_media":0,"comment_status":"open","ping_status":"open","sticky":false,"template":"","format":"standard","meta":[],"categories":[5],"tags":[],"_links":{"self":[{"href":"https:\/\/gazdasagportal.hu\/index.php\/wp-json\/wp\/v2\/posts\/141424"}],"collection":[{"href":"https:\/\/gazdasagportal.hu\/index.php\/wp-json\/wp\/v2\/posts"}],"about":[{"href":"https:\/\/gazdasagportal.hu\/index.php\/wp-json\/wp\/v2\/types\/post"}],"author":[{"embeddable":true,"href":"https:\/\/gazdasagportal.hu\/index.php\/wp-json\/wp\/v2\/users\/1001006"}],"replies":[{"embeddable":true,"href":"https:\/\/gazdasagportal.hu\/index.php\/wp-json\/wp\/v2\/comments?post=141424"}],"version-history":[{"count":1,"href":"https:\/\/gazdasagportal.hu\/index.php\/wp-json\/wp\/v2\/posts\/141424\/revisions"}],"predecessor-version":[{"id":141425,"href":"https:\/\/gazdasagportal.hu\/index.php\/wp-json\/wp\/v2\/posts\/141424\/revisions\/141425"}],"wp:attachment":[{"href":"https:\/\/gazdasagportal.hu\/index.php\/wp-json\/wp\/v2\/media?parent=141424"}],"wp:term":[{"taxonomy":"category","embeddable":true,"href":"https:\/\/gazdasagportal.hu\/index.php\/wp-json\/wp\/v2\/categories?post=141424"},{"taxonomy":"post_tag","embeddable":true,"href":"https:\/\/gazdasagportal.hu\/index.php\/wp-json\/wp\/v2\/tags?post=141424"}],"curies":[{"name":"wp","href":"https:\/\/api.w.org\/{rel}","templated":true}]}}