{"id":141416,"date":"2022-09-09T13:39:24","date_gmt":"2022-09-09T11:39:24","guid":{"rendered":"https:\/\/gazdasagportal.hu\/?p=141416"},"modified":"2022-09-09T13:39:24","modified_gmt":"2022-09-09T11:39:24","slug":"felavattak-az-orszag-elso-tesla-megapack-akkumulatoros-villamosenergia-tarolojat","status":"publish","type":"post","link":"https:\/\/gazdasagportal.hu\/index.php\/felavattak-az-orszag-elso-tesla-megapack-akkumulatoros-villamosenergia-tarolojat\/","title":{"rendered":"Felavatt\u00e1k az orsz\u00e1g els\u0151 Tesla MegaPack akkumul\u00e1toros villamosenergia-t\u00e1rol\u00f3j\u00e1t"},"content":{"rendered":"<p><strong>Felavatt\u00e1k p\u00e9nteken az orsz\u00e1g els\u0151 Tesla MegaPack akkumul\u00e1toros villamosenergia-t\u00e1rol\u00f3 berendez\u00e9seit a MET Csoporthoz tartoz\u00f3 Dunamenti Er\u0151m\u0171 sz\u00e1zhalombattai telephely\u00e9n.<\/strong><!--more--><\/p>\n<div class=\"ads-in-post2\"><script async src=\"https:\/\/pagead2.googlesyndication.com\/pagead\/js\/adsbygoogle.js\"><\/script>\r\n<ins class=\"adsbygoogle\"\r\n     style=\"display:block\"\r\n     data-ad-format=\"fluid\"\r\n     data-ad-layout-key=\"-6t+ed+2i-1n-4w\"\r\n     data-ad-client=\"ca-pub-1959107119989764\"\r\n     data-ad-slot=\"4008251320\"><\/ins>\r\n<script>\r\n     (adsbygoogle = window.adsbygoogle || []).push({});\r\n<\/script><\/div>\n<p>    A rendezv\u00e9nyen Palkovics L\u00e1szl\u00f3 technol\u00f3giai \u00e9s ipari miniszter hangs\u00falyozta, hogy a villamosenergia-rendszer egyens\u00faly\u00e1nak fenntart\u00e1s\u00e1hoz \u00e9s a cs\u00facsid\u0151szaki fogyaszt\u00e1s kiszolg\u00e1l\u00e1s\u00e1hoz elengedhetetlen az energiat\u00e1rol\u00e1si kapacit\u00e1s fejleszt\u00e9se, vagyis &#8222;az ir\u00e1ny j\u00f3 \u00e9s egyezik a korm\u00e1nyzati sz\u00e1nd\u00e9kkal&#8221;. Ennek megfelel\u0151en a t\u00f6bb mint egymilli\u00e1rd forintos beruh\u00e1z\u00e1st az \u00e1llam is t\u00e1mogatta.<br \/>\n    A t\u00e1rcavezet\u0151 kiemelte, hogy Magyarorsz\u00e1g nem \u00e1ll rosszul energetika ter\u00e9n, jelent\u0151sen n\u0151tt p\u00e9ld\u00e1ul a naper\u0151m\u0171vek \u00e1ltal termelt villamos energia h\u00e1nyada a teljes energiamixben, ezzel az elm\u00falt id\u0151szakban Magyarorsz\u00e1g a harmadik legnagyobb n\u00f6veked\u00e9st produk\u00e1lta Eur\u00f3p\u00e1ban Lengyelorsz\u00e1g \u00e9s Finnorsz\u00e1g ut\u00e1n. Megjegyezte, hogy ez csak a kezdet, sok a teend\u0151 m\u00e9g, mert a fotovoltaikus rendszerek elterjed\u00e9s\u00e9vel sok fejleszt\u00e9sre van sz\u00fcks\u00e9g, t\u00f6bbek k\u00f6z\u00f6tt az energiat\u00e1rol\u00e1s ter\u00fclet\u00e9n.<br \/>\n    Palkovics L\u00e1szl\u00f3 arr\u00f3l is besz\u00e9lt, hogy a kiegyenl\u00edt\u00e9st szolg\u00e1l\u00f3 t\u00e1rol\u00f3kapacit\u00e1sok fejleszt\u00e9se mellett a villamos energiah\u00e1l\u00f3zat ir\u00e1ny\u00edthat\u00f3s\u00e1g\u00e1nak jav\u00edt\u00e1sa, valamint a meg\u00fajul\u00f3 er\u0151m\u0171vek \u00e9s megl\u00e9v\u0151 er\u0151m\u0171vek fejleszt\u00e9se is kiemelt c\u00e9l.<br \/>\n    A miniszter eml\u00e9keztetett arra, hogy Magyarorsz\u00e1g 1990-t\u0151l 2020-ig 34 sz\u00e1zal\u00e9kkal cs\u00f6kkentette \u00fcvegh\u00e1zhat\u00e1s\u00fa g\u00e1zkibocs\u00e1t\u00e1s\u00e1t, 2030-ra az 55 sz\u00e1zal\u00e9kot szeretn\u00e9k el\u00e9rni, 2050-re pedig a karbonsemlegess\u00e9g a c\u00e9l. Ehhez e jelenlegi energiafelhaszn\u00e1l\u00e1s 35-40 sz\u00e1zal\u00e9k\u00e1t kitev\u0151 f\u00f6ldg\u00e1z-felhaszn\u00e1l\u00e1st is cs\u00f6kkenteni kell meg\u00fajul\u00f3 energiaforr\u00e1sok alkalmaz\u00e1s\u00e1val, mert a c\u00e9l 2050-ig az ar\u00e1ny 10 sz\u00e1zal\u00e9kra cs\u00f6kkent\u00e9se, ami itthonr\u00f3l is kitermelhet\u0151, de a biog\u00e1z termel\u00e9s fokoz\u00e1s\u00e1val is biztos\u00edthat\u00f3.<br \/>\n    A MET elk\u00f6telezett az energia\u00e1tmenet t\u00e1mogat\u00e1sa mellett, \u00e9s azt a meg\u00fajul\u00f3 er\u0151m\u0171vek \u00e9p\u00edt\u00e9se mellett a termel\u00e9s rugalmass\u00e1g\u00e1t seg\u00edt\u0151 beruh\u00e1z\u00e1sokkal is seg\u00edti &#8211; hangs\u00falyozta Leh\u0151cz Bal\u00e1zs G\u00e1bor, a sv\u00e1jci sz\u00e9khely\u0171 MET Asset Management Holding AG aleln\u00f6ke.<br \/>\n    R\u00e1mutatott, hogy a vil\u00e1gban energiaforradalom megy v\u00e9gbe, aminek c\u00e9lja a kl\u00edmav\u00e1ls\u00e1g hat\u00e1sainak tomp\u00edt\u00e1sa, a fenntarthat\u00f3 \u00e9s tiszta energi\u00e1ra val\u00f3 \u00e1t\u00e1ll\u00e1s seg\u00edts\u00e9g\u00e9vel. Jelezte, hogy a MET ez\u00e9rt az elm\u00falt \u00e9vekben folyamatosan b\u0151v\u00edtette z\u00f6ldenergia-termel\u0151 eszk\u00f6zportf\u00f3li\u00f3j\u00e1t, \u00edgy m\u00e1ra Magyarorsz\u00e1g ut\u00e1n Bulg\u00e1ri\u00e1ban, Spanyolorsz\u00e1gban, Olaszorsz\u00e1gban \u00e9s Lengyelorsz\u00e1gban is \u00e9p\u00edt \u00e9s \u00fczemeltet sz\u00e9l- \u00e9s napelemparkokat, c\u00e9ljuk pedig, hogy 2026 v\u00e9g\u00e9ig 2000 megawattnyi m\u0171k\u00f6d\u0151 kapacit\u00e1ssal rendelkezzenek.<br \/>\n<div class=\"ads-in-post2\"><script async src=\"https:\/\/pagead2.googlesyndication.com\/pagead\/js\/adsbygoogle.js\"><\/script>\r\n<ins class=\"adsbygoogle\"\r\n     style=\"display:block\"\r\n     data-ad-format=\"fluid\"\r\n     data-ad-layout-key=\"-6t+ed+2i-1n-4w\"\r\n     data-ad-client=\"ca-pub-1959107119989764\"\r\n     data-ad-slot=\"4008251320\"><\/ins>\r\n<script>\r\n     (adsbygoogle = window.adsbygoogle || []).push({});\r\n<\/script><\/div>\n    Horv\u00e1th P\u00e9ter a Dunamenti Er\u0151m\u0171 vez\u00e9rigazgat\u00f3ja szerint a k\u00f6vetkez\u0151 \u00e9vtizedben az energiat\u00e1rol\u00e1s t\u00e9rnyer\u00e9se v\u00e1rhat\u00f3 a villamosenergia szektorban, \u00edgy a mostani k\u00eds\u00e9rleti projektj\u00fck ut\u00e1n a k\u00f6vetkez\u0151 \u00e9vekben tov\u00e1bbi villamosenergia-t\u00e1rol\u00f3 kapacit\u00e1sok telep\u00edt\u00e9s\u00e9t tervezik.<br \/>\n    A sajt\u00f3anyag szerint a Dunamenti Er\u0151m\u0171 telephely\u00e9n telep\u00edtett h\u00e1rom Tesla MegaPack alap\u00fa, l\u00edtiumion-akkumul\u00e1tort tartalmaz\u00f3 kont\u00e9ner 7,68 megawatt\u00f3ra energia t\u00e1rol\u00e1s\u00e1t teszi lehet\u0151v\u00e9, a rendszer k\u00e9t\u00f3r\u00e1s t\u00e1rol\u00e1si ciklusid\u0151vel rendelkezik, ami szinte egyed\u00fcl\u00e1ll\u00f3 Magyarorsz\u00e1gon.<br \/>\n    A sv\u00e1jci k\u00f6zpont\u00fa MET Csoport eur\u00f3pai integr\u00e1lt energiav\u00e1llalat, tev\u00e9kenys\u00e9ge kiterjed a f\u00f6ldg\u00e1z- \u00e9s az \u00e1rampiacra, valamint energetikai eszk\u00f6z\u00f6k kivitelez\u00e9s\u00e9re \u00e9s m\u0171k\u00f6dtet\u00e9s\u00e9re is. Le\u00e1nyv\u00e1llalatai r\u00e9v\u00e9n 13 orsz\u00e1gban van jelen, 27 orsz\u00e1g g\u00e1zpiac\u00e1n \u00e9s 22 nemzetk\u00f6zi kereskedelmi ponton akt\u00edv.<br \/>\n    A c\u00e9gcsoport konszolid\u00e1lt \u00e1rbev\u00e9tele 2021-ben 18,1 milli\u00e1rd eur\u00f3 volt, a kereskedett g\u00e1zmennyis\u00e9g 55 milli\u00e1rd k\u00f6bm\u00e9ter, a kereskedett \u00e1rammennyis\u00e9g t\u00f6bb mint 50 terawatt\u00f3ra.(MTI)<\/p>\n","protected":false},"excerpt":{"rendered":"<p>Felavatt\u00e1k p\u00e9nteken az orsz\u00e1g els\u0151 Tesla MegaPack akkumul\u00e1toros villamosenergia-t\u00e1rol\u00f3 berendez\u00e9seit a MET Csoporthoz tartoz\u00f3 Dunamenti Er\u0151m\u0171 sz\u00e1zhalombattai telephely\u00e9n.<\/p>\n","protected":false},"author":1001005,"featured_media":0,"comment_status":"open","ping_status":"open","sticky":false,"template":"","format":"standard","meta":[],"categories":[19],"tags":[],"_links":{"self":[{"href":"https:\/\/gazdasagportal.hu\/index.php\/wp-json\/wp\/v2\/posts\/141416"}],"collection":[{"href":"https:\/\/gazdasagportal.hu\/index.php\/wp-json\/wp\/v2\/posts"}],"about":[{"href":"https:\/\/gazdasagportal.hu\/index.php\/wp-json\/wp\/v2\/types\/post"}],"author":[{"embeddable":true,"href":"https:\/\/gazdasagportal.hu\/index.php\/wp-json\/wp\/v2\/users\/1001005"}],"replies":[{"embeddable":true,"href":"https:\/\/gazdasagportal.hu\/index.php\/wp-json\/wp\/v2\/comments?post=141416"}],"version-history":[{"count":1,"href":"https:\/\/gazdasagportal.hu\/index.php\/wp-json\/wp\/v2\/posts\/141416\/revisions"}],"predecessor-version":[{"id":141417,"href":"https:\/\/gazdasagportal.hu\/index.php\/wp-json\/wp\/v2\/posts\/141416\/revisions\/141417"}],"wp:attachment":[{"href":"https:\/\/gazdasagportal.hu\/index.php\/wp-json\/wp\/v2\/media?parent=141416"}],"wp:term":[{"taxonomy":"category","embeddable":true,"href":"https:\/\/gazdasagportal.hu\/index.php\/wp-json\/wp\/v2\/categories?post=141416"},{"taxonomy":"post_tag","embeddable":true,"href":"https:\/\/gazdasagportal.hu\/index.php\/wp-json\/wp\/v2\/tags?post=141416"}],"curies":[{"name":"wp","href":"https:\/\/api.w.org\/{rel}","templated":true}]}}