{"id":141237,"date":"2022-08-23T15:31:53","date_gmt":"2022-08-23T13:31:53","guid":{"rendered":"https:\/\/gazdasagportal.hu\/?p=141237"},"modified":"2022-08-23T15:31:53","modified_gmt":"2022-08-23T13:31:53","slug":"mkik-gvi-csokkent-az-mkik-gvi-negyedeves-konjunkturamutatoja","status":"publish","type":"post","link":"https:\/\/gazdasagportal.hu\/index.php\/mkik-gvi-csokkent-az-mkik-gvi-negyedeves-konjunkturamutatoja\/","title":{"rendered":"MKIK GVI: cs\u00f6kkent az MKIK GVI negyed\u00e9ves konjunkt\u00faramutat\u00f3ja"},"content":{"rendered":"<p><strong>Cs\u00f6kkent az MKIK Gazdas\u00e1g- \u00e9s V\u00e1llalkoz\u00e1skutat\u00f3 Int\u00e9zet (MKIK GVI) negyed\u00e9ves v\u00e1llalati konjunkt\u00faramutat\u00f3ja 2022 \u00e1prilis\u00e1hoz k\u00e9pest: plusz 36 pontr\u00f3l plusz 22 pontra v\u00e1ltozott a 2022. j\u00faliusi adatfelv\u00e9tel alapj\u00e1n &#8211; k\u00f6z\u00f6lte a kamara gazdas\u00e1gkutat\u00f3ja kedden az MTI-vel.<\/strong><!--more--><\/p>\n<div class=\"ads-in-post2\"><script async src=\"https:\/\/pagead2.googlesyndication.com\/pagead\/js\/adsbygoogle.js\"><\/script>\r\n<ins class=\"adsbygoogle\"\r\n     style=\"display:block\"\r\n     data-ad-format=\"fluid\"\r\n     data-ad-layout-key=\"-6t+ed+2i-1n-4w\"\r\n     data-ad-client=\"ca-pub-1959107119989764\"\r\n     data-ad-slot=\"4008251320\"><\/ins>\r\n<script>\r\n     (adsbygoogle = window.adsbygoogle || []).push({});\r\n<\/script><\/div>\n<p>    Az MKIK Gazdas\u00e1g- \u00e9s V\u00e1llalkoz\u00e1skutat\u00f3 Int\u00e9zet negyed\u00e9ves v\u00e1llalati konjunkt\u00fara felm\u00e9r\u00e9s\u00e9ben 350 c\u00e9gvezet\u0151 v\u00e9lem\u00e9ny\u00e9t k\u00e9rdezt\u00e9k meg v\u00e1llalatuk \u00fczleti helyzet\u00e9r\u0151l \u00e9s kil\u00e1t\u00e1sair\u00f3l.<br \/>\n    A k\u00f6zlem\u00e9ny szerint a 2022. janu\u00e1ri kisebb visszaes\u00e9st l\u00e9nyeg\u00e9ben korrig\u00e1lta az \u00e1prilisi n\u00f6veked\u00e9s, a negyed\u00e9ves konjunkt\u00faramutat\u00f3 j\u00faliusi \u00e9rt\u00e9ke azonban jelent\u0151sen cs\u00f6kkent, \u00e9s a 2021. janu\u00e1ri-\u00e1prilisi szint k\u00f6z\u00f6tt helyezkedik el, amikor a koronav\u00edrus-j\u00e1rv\u00e1ny m\u00e1sodik \u00e9s harmadik hull\u00e1ma miatt jelent\u0151s korl\u00e1toz\u00e1sok voltak \u00e9rv\u00e9nyben.<br \/>\n    A negyed\u00e9ves bizonytalans\u00e1gi mutat\u00f3 \u00e9rt\u00e9ke 2022. j\u00faliusban 41 pontos szinten \u00e1ll, \u00e1prilishoz k\u00e9pest 8 pontos n\u00f6veked\u00e9s tapasztalhat\u00f3.<br \/>\n    Ez arra utal, hogy a hazai v\u00e1llalkoz\u00e1sok helyzet\u00e9rt\u00e9kel\u00e9se ism\u00e9t l\u00e9nyegesen bizonytalanabb, soksz\u00edn\u0171bb, ugyanakkor a 2020. \u00e1prilisi, kiugr\u00f3 m\u00e9rt\u00e9k\u0171 bizonytalans\u00e1got t\u00fckr\u00f6z\u0151 eredm\u00e9nyhez k\u00e9pest egys\u00e9gesebb. A bizonytalans\u00e1gi mutat\u00f3 mostani \u00e9rt\u00e9ke a 2020. j\u00faliusi \u00e9s okt\u00f3beri adat mellett a j\u00e1rv\u00e1nyt megel\u0151z\u0151 id\u0151szak folyam\u00e1n tapasztalt \u00e9rt\u00e9kek k\u00f6z\u00fcl a 2015. \u00e1prilisinak feleltethet\u0151 meg &#8211; \u00edrj\u00e1k a k\u00f6zlem\u00e9nyben.<br \/>\n    A felm\u00e9r\u00e9s szerint a negyed\u00e9ves konjunkt\u00faramutat\u00f3 \u00e9rt\u00e9ke a feldolgoz\u00f3ipari v\u00e1llalkoz\u00e1sok eset\u00e9ben a legmagasabb, plusz 25 pont, a szolg\u00e1ltat\u00e1sok ter\u00fclet\u00e9n plusz 23, a kereskedelmi c\u00e9gek k\u00f6r\u00e9ben plusz 17 pont. Az el\u0151z\u0151 negyed\u00e9vhez k\u00e9pest az \u00e9p\u00edt\u0151ipari c\u00e9gek eset\u00e9ben 21, a szolg\u00e1ltat\u00f3 c\u00e9gek k\u00f6r\u00e9ben 15, a feldolgoz\u00f3ipari c\u00e9gek eset\u00e9ben 13, a kereskedelmi c\u00e9gek k\u00f6r\u00e9ben pedig 12 ponttal cs\u00f6kkent a konjunkt\u00faramutat\u00f3 \u00e9rt\u00e9ke.<br \/>\n    Az almutat\u00f3kn\u00e1l az el\u0151z\u0151 negyed\u00e9vhez k\u00e9pest a legnagyobb m\u00e9rt\u00e9k\u0171 24 pontos roml\u00e1s a v\u00e1rhat\u00f3 j\u00f6vedelmez\u0151s\u00e9g meg\u00edt\u00e9l\u00e9s\u00e9ben tapasztalhat\u00f3, \u00e9s szint\u00e9n jelent\u0151s m\u00e9rt\u00e9k\u0171, 21 pontos visszaes\u00e9s t\u00f6rt\u00e9nt a jelenlegi \u00fczleti helyzet meg\u00edt\u00e9l\u00e9s\u00e9ben is. Az el\u0151z\u0151 \u00e9v azonos id\u0151szak\u00e1hoz k\u00e9pest a jelenlegi rendel\u00e9s\u00e1llom\u00e1ny \u00e9s a v\u00e1rhat\u00f3 l\u00e9tsz\u00e1m kiv\u00e9tel\u00e9vel negat\u00edvabb a v\u00e1llalatok pillanatnyi helyzet\u00e9rt\u00e9kel\u00e9se. A legink\u00e1bb kiemelked\u0151 m\u00e9rt\u00e9kben, 30 ponttal a v\u00e1rhat\u00f3 j\u00f6vedelmez\u0151s\u00e9g meg\u00edt\u00e9l\u00e9se romlott az egy \u00e9vvel ezel\u0151tti id\u0151szakhoz viszony\u00edtva &#8211; k\u00f6z\u00f6lte az MKIK GVI.(MTI)<\/p>\n","protected":false},"excerpt":{"rendered":"<p>Cs\u00f6kkent az MKIK Gazdas\u00e1g- \u00e9s V\u00e1llalkoz\u00e1skutat\u00f3 Int\u00e9zet (MKIK GVI) negyed\u00e9ves v\u00e1llalati konjunkt\u00faramutat\u00f3ja 2022 \u00e1prilis\u00e1hoz k\u00e9pest: plusz 36 pontr\u00f3l plusz 22 pontra v\u00e1ltozott a 2022. j\u00faliusi adatfelv\u00e9tel alapj\u00e1n &#8211; k\u00f6z\u00f6lte a kamara gazdas\u00e1gkutat\u00f3ja kedden az MTI-vel.<\/p>\n","protected":false},"author":1001005,"featured_media":0,"comment_status":"open","ping_status":"open","sticky":false,"template":"","format":"standard","meta":[],"categories":[19],"tags":[],"_links":{"self":[{"href":"https:\/\/gazdasagportal.hu\/index.php\/wp-json\/wp\/v2\/posts\/141237"}],"collection":[{"href":"https:\/\/gazdasagportal.hu\/index.php\/wp-json\/wp\/v2\/posts"}],"about":[{"href":"https:\/\/gazdasagportal.hu\/index.php\/wp-json\/wp\/v2\/types\/post"}],"author":[{"embeddable":true,"href":"https:\/\/gazdasagportal.hu\/index.php\/wp-json\/wp\/v2\/users\/1001005"}],"replies":[{"embeddable":true,"href":"https:\/\/gazdasagportal.hu\/index.php\/wp-json\/wp\/v2\/comments?post=141237"}],"version-history":[{"count":1,"href":"https:\/\/gazdasagportal.hu\/index.php\/wp-json\/wp\/v2\/posts\/141237\/revisions"}],"predecessor-version":[{"id":141238,"href":"https:\/\/gazdasagportal.hu\/index.php\/wp-json\/wp\/v2\/posts\/141237\/revisions\/141238"}],"wp:attachment":[{"href":"https:\/\/gazdasagportal.hu\/index.php\/wp-json\/wp\/v2\/media?parent=141237"}],"wp:term":[{"taxonomy":"category","embeddable":true,"href":"https:\/\/gazdasagportal.hu\/index.php\/wp-json\/wp\/v2\/categories?post=141237"},{"taxonomy":"post_tag","embeddable":true,"href":"https:\/\/gazdasagportal.hu\/index.php\/wp-json\/wp\/v2\/tags?post=141237"}],"curies":[{"name":"wp","href":"https:\/\/api.w.org\/{rel}","templated":true}]}}