{"id":141146,"date":"2022-08-15T14:47:12","date_gmt":"2022-08-15T12:47:12","guid":{"rendered":"https:\/\/gazdasagportal.hu\/?p=141146"},"modified":"2022-08-15T14:47:12","modified_gmt":"2022-08-15T12:47:12","slug":"a-moderna-es-az-eu-az-omikront-tartalmazo-bivalens-oltasokrol-kotott-megallapodast","status":"publish","type":"post","link":"https:\/\/gazdasagportal.hu\/index.php\/a-moderna-es-az-eu-az-omikront-tartalmazo-bivalens-oltasokrol-kotott-megallapodast\/","title":{"rendered":"A Moderna \u00e9s az EU az omikront tartalmaz\u00f3 bivalens olt\u00e1sokr\u00f3l k\u00f6t\u00f6tt meg\u00e1llapod\u00e1st"},"content":{"rendered":"<p style=\"font-weight: 400;\"><strong>A Moderna meg\u00e1llapodott az Eur\u00f3pai Uni\u00f3val abban, hogy a jelenleg \u00e9rv\u00e9nyben l\u00e9v\u0151 szerz\u0151d\u00e9sben szerepl\u0151 mennyis\u00e9geket az omikron v\u00edrusvari\u00e1nst is tartalmaz\u00f3 (bivalens) vakcin\u00e1b\u00f3l fogja sz\u00e1ll\u00edtani, melynek hat\u00f3s\u00e1gi \u00e9rt\u00e9kel\u00e9se folyamatban van.\u00a0A bivalens olt\u00e1sokt\u00f3l er\u0151sebb, sz\u00e9lesebb k\u00f6r\u0171 \u00e9s tart\u00f3sabb v\u00e9detts\u00e9g kialak\u00edt\u00e1s\u00e1t v\u00e1rj\u00e1k a szakemberek.<\/strong><\/p>\n<p><!--more--><\/p>\n<div class=\"ads-in-post2\"><script async src=\"https:\/\/pagead2.googlesyndication.com\/pagead\/js\/adsbygoogle.js\"><\/script>\r\n<ins class=\"adsbygoogle\"\r\n     style=\"display:block\"\r\n     data-ad-format=\"fluid\"\r\n     data-ad-layout-key=\"-6t+ed+2i-1n-4w\"\r\n     data-ad-client=\"ca-pub-1959107119989764\"\r\n     data-ad-slot=\"4008251320\"><\/ins>\r\n<script>\r\n     (adsbygoogle = window.adsbygoogle || []).push({});\r\n<\/script><\/div>\n<p style=\"font-weight: 400;\">\n<p style=\"font-weight: 400;\"><strong>St\u00e9phane Bancel<\/strong>, a Moderna vez\u00e9rigazgat\u00f3ja elmondta:\u00a0<em>\u201eAz Eur\u00f3pai Bizotts\u00e1g \u00e9s a Moderna szoros partners\u00e9gben k\u00fczdenek a COVID-19 j\u00e1rv\u00e1ny ellen. Ez a meg\u00e1llapod\u00e1s hangs\u00falyozza az Eur\u00f3pai Bizotts\u00e1g bizalm\u00e1t a c\u00e9g\u00fcnk mRNS-platformj\u00e1ban \u00e9s a k\u00f6vetkez\u0151 gener\u00e1ci\u00f3s, k\u00e9tkomponens\u0171 v\u00e9d\u0151olt\u00e1sokban. A meg\u00e1llapod\u00e1sban r\u00e9szt vev\u0151 eur\u00f3pai uni\u00f3s tag\u00e1llamoknak \u00edgy lehet\u0151s\u00e9g\u00fck lesz az omikron v\u00edrusvari\u00e1nst tartalmaz\u00f3 eml\u00e9keztet\u0151 olt\u00e1sjel\u00f6lt alkalmaz\u00e1s\u00e1ra, \u00e9s v\u00e9delmet biztos\u00edtani \u00e1llampolg\u00e1raiknak a COVID-19 ellen m\u00e9g a t\u00e9li v\u00edrusszezon el\u0151tt.\u201d<\/em><\/p>\n<p style=\"font-weight: 400;\">\n<p style=\"font-weight: 400;\">A Moderna t\u00f6bb k\u00e9tkomponens\u0171 v\u00e9d\u0151olt\u00e1st is fejleszt a glob\u00e1lis j\u00e1rv\u00e1nyhelyzet kezel\u00e9s\u00e9re. Az mRNA-1273.214 bivalens eml\u00e9keztet\u0151 vakcinajel\u00f6lt a vuhani t\u00f6rzs mellett a BA.1 omikron-alvari\u00e1nst tartalmazza, \u00e9s pozit\u00edv eredm\u00e9nyeket mutatott az aggodalmat okoz\u00f3 vari\u00e1nsok, p\u00e9ld\u00e1ul az omikron ellen. A m\u00e1sodik k\u00e9tkomponens\u0171 eml\u00e9keztet\u0151 vakcinajel\u00f6lt az mRNA 1273.222 pedig az eredetihez k\u00e9pest az omicron BA.4\/5 t\u00f6rzseit is tartalmazza. Mindk\u00e9t v\u00e9d\u0151olt\u00e1sjel\u00f6lt 25 \u00b5g-ot tartalmaz a jelenleg enged\u00e9lyezett \u00e9s el\u00e9rhet\u0151 eml\u00e9keztet\u0151 olt\u00e1sb\u00f3l (mRNA-1273) \u00e9s 25 \u00b5g-ot az omikron-specifikus alvari\u00e1nsb\u00f3l.<\/p><div id=\"gazda-3192475551\" class=\"gazda-tartalomban gazda-entity-placement\"><script async src=\"https:\/\/pagead2.googlesyndication.com\/pagead\/js\/adsbygoogle.js\"><\/script>\r\n<ins class=\"adsbygoogle\"\r\n     style=\"display:block\"\r\n     data-ad-format=\"fluid\"\r\n     data-ad-layout-key=\"-6t+ed+2i-1n-4w\"\r\n     data-ad-client=\"ca-pub-1959107119989764\"\r\n     data-ad-slot=\"4008251320\"><\/ins>\r\n<script>\r\n     (adsbygoogle = window.adsbygoogle || []).push({});\r\n<\/script><\/div>\n<p style=\"font-weight: 400;\">\n<p style=\"font-weight: 400;\">A Moderna COVID-19 elleni v\u00e9d\u0151olt\u00e1s\u00e1nak magyarorsz\u00e1gi forgalmaz\u00f3ja a Medison Pharma Hungary Kft.<\/p>\n","protected":false},"excerpt":{"rendered":"<p>A Moderna meg\u00e1llapodott az Eur\u00f3pai Uni\u00f3val abban, hogy a jelenleg \u00e9rv\u00e9nyben l\u00e9v\u0151 szerz\u0151d\u00e9sben szerepl\u0151 mennyis\u00e9geket az omikron v\u00edrusvari\u00e1nst is tartalmaz\u00f3 (bivalens) vakcin\u00e1b\u00f3l fogja sz\u00e1ll\u00edtani, melynek hat\u00f3s\u00e1gi \u00e9rt\u00e9kel\u00e9se folyamatban van.\u00a0A bivalens olt\u00e1sokt\u00f3l er\u0151sebb, sz\u00e9lesebb k\u00f6r\u0171 \u00e9s tart\u00f3sabb v\u00e9detts\u00e9g kialak\u00edt\u00e1s\u00e1t v\u00e1rj\u00e1k a szakemberek.<\/p>\n","protected":false},"author":1001007,"featured_media":0,"comment_status":"open","ping_status":"open","sticky":false,"template":"","format":"standard","meta":[],"categories":[429],"tags":[],"_links":{"self":[{"href":"https:\/\/gazdasagportal.hu\/index.php\/wp-json\/wp\/v2\/posts\/141146"}],"collection":[{"href":"https:\/\/gazdasagportal.hu\/index.php\/wp-json\/wp\/v2\/posts"}],"about":[{"href":"https:\/\/gazdasagportal.hu\/index.php\/wp-json\/wp\/v2\/types\/post"}],"author":[{"embeddable":true,"href":"https:\/\/gazdasagportal.hu\/index.php\/wp-json\/wp\/v2\/users\/1001007"}],"replies":[{"embeddable":true,"href":"https:\/\/gazdasagportal.hu\/index.php\/wp-json\/wp\/v2\/comments?post=141146"}],"version-history":[{"count":1,"href":"https:\/\/gazdasagportal.hu\/index.php\/wp-json\/wp\/v2\/posts\/141146\/revisions"}],"predecessor-version":[{"id":141147,"href":"https:\/\/gazdasagportal.hu\/index.php\/wp-json\/wp\/v2\/posts\/141146\/revisions\/141147"}],"wp:attachment":[{"href":"https:\/\/gazdasagportal.hu\/index.php\/wp-json\/wp\/v2\/media?parent=141146"}],"wp:term":[{"taxonomy":"category","embeddable":true,"href":"https:\/\/gazdasagportal.hu\/index.php\/wp-json\/wp\/v2\/categories?post=141146"},{"taxonomy":"post_tag","embeddable":true,"href":"https:\/\/gazdasagportal.hu\/index.php\/wp-json\/wp\/v2\/tags?post=141146"}],"curies":[{"name":"wp","href":"https:\/\/api.w.org\/{rel}","templated":true}]}}