{"id":141144,"date":"2022-08-15T13:47:38","date_gmt":"2022-08-15T11:47:38","guid":{"rendered":"https:\/\/gazdasagportal.hu\/?p=141144"},"modified":"2022-08-15T12:48:40","modified_gmt":"2022-08-15T10:48:40","slug":"a-dragulo-rezsi-miatt-hagyhatnak-fel-a-home-office-szal-az-irodistak","status":"publish","type":"post","link":"https:\/\/gazdasagportal.hu\/index.php\/a-dragulo-rezsi-miatt-hagyhatnak-fel-a-home-office-szal-az-irodistak\/","title":{"rendered":"A dr\u00e1gul\u00f3 rezsi miatt hagyhatnak fel a home office-szal az irodist\u00e1k"},"content":{"rendered":"<p><strong>A rezsics\u00f6kkent\u00e9s v\u00e9g\u00e9vel az irodai munkav\u00e9gz\u00e9s m\u00e9g azok sz\u00e1m\u00e1ra is vonz\u00f3bb\u00e1 v\u00e1lhat, akik eddig folyamatosan otthonr\u00f3l dolgoztak. A k\u00f6vetkez\u0151 h\u00f3napokban azonban nemcsak a munkav\u00e1llal\u00f3k, hanem a munk\u00e1ltat\u00f3k is igyekeznek majd cs\u00f6kkenteni az energiafelhaszn\u00e1l\u00e1sukat, \u00edgy az energiahat\u00e9kony irodah\u00e1zak fel\u00e9rt\u00e9kel\u0151dnek majd. A szolg\u00e1ltatott irod\u00e1k ir\u00e1nt is v\u00e1rhat\u00f3an megn\u00f6vekszik a kereslet, mivel a b\u00e9rleti d\u00edjba foglalt \u00fczemeltet\u00e9si k\u00f6lts\u00e9gek r\u00e9v\u00e9n p\u00e9nz\u00fcgyileg stabilabb lehet\u0151s\u00e9get tudnak ny\u00fajtani a b\u00e9rl\u0151knek \u2013 der\u00fcl ki a New Work elemz\u00e9s\u00e9b\u0151l.<\/strong><!--more--><\/p>\n<div class=\"ads-in-post2\"><script async src=\"https:\/\/pagead2.googlesyndication.com\/pagead\/js\/adsbygoogle.js\"><\/script>\r\n<ins class=\"adsbygoogle\"\r\n     style=\"display:block\"\r\n     data-ad-format=\"fluid\"\r\n     data-ad-layout-key=\"-6t+ed+2i-1n-4w\"\r\n     data-ad-client=\"ca-pub-1959107119989764\"\r\n     data-ad-slot=\"4008251320\"><\/ins>\r\n<script>\r\n     (adsbygoogle = window.adsbygoogle || []).push({});\r\n<\/script><\/div>\n<p>Az otthoni munkav\u00e9gz\u00e9s magasabb energiafogyaszt\u00e1st eredm\u00e9nyez, k\u00fcl\u00f6n\u00f6sen akkor, amikor a home office f\u0171t\u00e9s\u00e9re vagy h\u0171t\u00e9s\u00e9re van sz\u00fcks\u00e9g. A k\u00f6zelm\u00faltig a munkav\u00e1llal\u00f3k ritk\u00e1n t\u00f6r\u0151dtek a n\u00f6vekv\u0151 energia\u00e1rakkal, mivel a b\u00e9rek jellemz\u0151en n\u00f6vekedtek, a rezsisz\u00e1ml\u00e1k \u00f6sszege pedig nem v\u00e1ltozott.<\/p>\n<p>A munk\u00e1ltat\u00f3k ezzel szemben egyre ink\u00e1bb \u00e9rzik a nyom\u00e1st. A rezsik\u00f6lts\u00e9geket is tartalmaz\u00f3 \u00fagynevezett szolg\u00e1ltat\u00e1si d\u00edjak eddig a b\u00e9rleti d\u00edj t\u00f6red\u00e9k\u00e9t tett\u00e9k ki, de ez az energia\u00e1rak ugr\u00e1sszer\u0171 n\u00f6veked\u00e9s\u00e9vel megv\u00e1ltozott. R\u00e1ad\u00e1sul egy irodah\u00e1z f\u0171t\u00e9se vagy h\u0171t\u00e9se nem l\u00e9nyegesen olcs\u00f3bb, ha szinte \u00fcresen \u00e1ll, \u00edgy nem sp\u00f3rolnak p\u00e9nzt azzal, hogy az alkalmazottak otthonr\u00f3l dolgoznak, hacsak nem cs\u00f6kkentik a b\u00e9relt ter\u00fclet m\u00e9ret\u00e9t.<\/p><div id=\"gazda-2868039636\" class=\"gazda-tartalomban gazda-entity-placement\"><script async src=\"https:\/\/pagead2.googlesyndication.com\/pagead\/js\/adsbygoogle.js\"><\/script>\r\n<ins class=\"adsbygoogle\"\r\n     style=\"display:block\"\r\n     data-ad-format=\"fluid\"\r\n     data-ad-layout-key=\"-6t+ed+2i-1n-4w\"\r\n     data-ad-client=\"ca-pub-1959107119989764\"\r\n     data-ad-slot=\"4008251320\"><\/ins>\r\n<script>\r\n     (adsbygoogle = window.adsbygoogle || []).push({});\r\n<\/script><\/div>\n<p>A rezsics\u00f6kkent\u00e9s v\u00e9g\u00e9vel sok irodista sz\u00e1m\u00e1ra az eg\u00e9sz napos otthonmarad\u00e1s a f\u0171t\u00e9si szezon kezdet\u00e9vel jelent\u0151sen dr\u00e1gulni fog. \u00cdgy nem meglep\u0151, hogy sokak els\u0151 gondolata az, hogy visszamegy az irod\u00e1ba, esetleg teljes munkaid\u0151ben, hogy a munkaad\u00f3 viselje a munkaid\u0151 alatt felhaszn\u00e1lt energia k\u00f6lts\u00e9geit.<\/p>\n<p>B\u00e1r a munk\u00e1ltat\u00f3k val\u00f3sz\u00edn\u0171leg \u00f6r\u00f6mmel fogadj\u00e1k majd a munkav\u00e1llal\u00f3k visszat\u00e9r\u00e9s\u00e9t az irod\u00e1ba, sokan k\u00f6z\u00fcl\u00fck hamarosan sz\u00fcks\u00e9g\u00e9t \u00e9rezhetik a k\u00f6z\u00fczemi k\u00f6lts\u00e9gek cs\u00f6kkent\u00e9s\u00e9nek. Ez a nyom\u00e1s, valamint az ESG t\u00e9rnyer\u00e9se a v\u00e1llalati szf\u00e9r\u00e1ban sok b\u00e9rl\u0151t v\u00e1ltoz\u00e1sra fog k\u00e9sztetni.<\/p>\n<p>Ha az irod\u00e1k tov\u00e1bbra is kihaszn\u00e1latlanok, egyesek tal\u00e1n cs\u00f6kkentik a b\u00e9relt ter\u00fclet nagys\u00e1g\u00e1t, m\u00e1sok pedig arra \u00f6szt\u00f6n\u00f6zhetik a dolgoz\u00f3kat, hogy cs\u00f6kkents\u00e9k saj\u00e1t energiafogyaszt\u00e1sukat. Azok pedig, akiknek a b\u00e9rleti szerz\u0151d\u00e9se hamarosan lej\u00e1r, esetleg alacsonyabb rezsik\u00f6lts\u00e9g\u0171, energiahat\u00e9konyabb \u00e9p\u00fcletekbe k\u00f6lt\u00f6zhetnek.<\/p>\n<p>Egy m\u00e1sik lehet\u0151s\u00e9g a munk\u00e1ltat\u00f3k sz\u00e1m\u00e1ra, hogy alkalmazottjaik egy r\u00e9sz\u00e9t vagy eg\u00e9sz\u00e9t szolg\u00e1ltatott vagy flex irod\u00e1kba k\u00f6lt\u00f6ztetik. A flex irod\u00e1kban a b\u00e9rleti felt\u00e9telek rugalmasak \u00e9s a k\u00f6z\u00fczemi k\u00f6lts\u00e9geket a b\u00e9rleti d\u00edj tartalmazza (ellent\u00e9tben a hagyom\u00e1nyos irodah\u00e1zakkal). M\u00e9g ha a flex irod\u00e1k \u00fczemeltet\u0151i k\u00e9nytelenek is emelni a d\u00edjaikat, hogy megbirk\u00f3zzanak az emelked\u0151 energia\u00e1rakkal, az ezeket v\u00e1laszt\u00f3 b\u00e9rl\u0151k nagyobb biztons\u00e1ggal tervezhetnek el\u0151re.<\/p>\n<div class=\"ads-in-post2\"><script async src=\"https:\/\/pagead2.googlesyndication.com\/pagead\/js\/adsbygoogle.js\"><\/script>\r\n<ins class=\"adsbygoogle\"\r\n     style=\"display:block\"\r\n     data-ad-format=\"fluid\"\r\n     data-ad-layout-key=\"-6t+ed+2i-1n-4w\"\r\n     data-ad-client=\"ca-pub-1959107119989764\"\r\n     data-ad-slot=\"4008251320\"><\/ins>\r\n<script>\r\n     (adsbygoogle = window.adsbygoogle || []).push({});\r\n<\/script><\/div>\n&#8222;A flex irod\u00e1k haszn\u00e1lat\u00e1ra val\u00f3 \u00e1t\u00e1ll\u00e1s t\u00f6k\u00e9letes megold\u00e1s azon v\u00e1llalatok sz\u00e1m\u00e1ra, amelyek cs\u00f6kkenteni szeretn\u00e9k a b\u00e9rleti k\u00f6lts\u00e9geket, de bizonytalanok abban, hogy h\u00e1ny munkahelyre lesz sz\u00fcks\u00e9g\u00fck a j\u00f6v\u0151ben vagy egy adott napon. Az olyan megold\u00e1sokkal, mint a New Work &#8222;Iroda a felh\u0151ben&#8221; szolg\u00e1ltat\u00e1sa, a b\u00e9rl\u0151k fel\u00e9re cs\u00f6kkenthetik a b\u00e9relt ter\u00fclet m\u00e9ret\u00e9re vonatkoz\u00f3 k\u00f6telezetts\u00e9gv\u00e1llal\u00e1sukat \u00e9s a k\u00fcl\u00f6n\u00f6sen kihaszn\u00e1lt id\u0151szakokban alkalmi jelleggel n\u00f6velhetik irodater\u00fclet\u00fcket. A szolg\u00e1ltat\u00e1st ig\u00e9nybe vev\u0151 munkav\u00e1llal\u00f3k egy mobilalkalmaz\u00e1son kereszt\u00fcl hozz\u00e1f\u00e9rhetnek az \u00f6sszes New Work-helysz\u00ednhez, \u00edgy kiv\u00e1laszthatj\u00e1k, hogy egy adott napon &#8211; vagy ak\u00e1r csak n\u00e9h\u00e1ny \u00f3r\u00e1ra &#8211; hol szeretn\u00e9nek dolgozni&#8221; &#8211; r\u00e9szletezi Hubert Abt, a New Work \u00e9s a workcloud24 vez\u00e9rigazgat\u00f3ja \u00e9s alap\u00edt\u00f3ja.<\/p>\n<p>&nbsp;<\/p>\n<p><strong>A New Work-r\u0151l<\/strong><\/p>\n<p><strong>\u00a0<\/strong>A New Work-\u00f6t 2012-ben alap\u00edtott\u00e1k Magyarorsz\u00e1gon \u00e9s ma 4 orsz\u00e1gban, 16 helysz\u00ednen, 46 000 n\u00e9gyzetm\u00e9ternyi flex irod\u00e1t \u00fczemeltet a c\u00e9g. A m\u00e1rka multilok\u00e1ci\u00f3s megk\u00f6zel\u00edt\u00e9s\u00e9vel a k\u00f6z\u00e9p-eur\u00f3pai piac m\u00e1sodik legnagyobb szerepl\u0151j\u00e9v\u00e9 n\u0151tte ki mag\u00e1t. Ez kiv\u00e1l\u00f3 poz\u00edci\u00f3t biztos\u00edt a v\u00e1llalatnak ahhoz, hogy olyan nemzetk\u00f6zi m\u00e1rk\u00e1knak adjon tan\u00e1csot \u00e9s ny\u00fajtson szolg\u00e1ltat\u00e1sokat hibrid munkahelyi strat\u00e9gi\u00e1jukkal kapcsolatban, mint a Lego, az Embraer, a Lufthansa, a Deloitte, a Tata Consulting Services \u00e9s a Verizon. A New Work 2021 janu\u00e1rja \u00f3ta franchise-csomagokat is k\u00edn\u00e1l b\u00e9rbead\u00f3k \u00e9s \u00fczemeltet\u0151k sz\u00e1m\u00e1ra. A workcloud24 m\u00e1rk\u00e1val pedig a v\u00e1llalat p\u00e1neur\u00f3pai piacteret \u00fczemeltet b\u00e9rbead\u00f3k, flex-\u00fczemeltet\u0151k \u00e9s v\u00e1llalati b\u00e9rl\u0151k sz\u00e1m\u00e1ra, \u00f6sszek\u00f6tve az irod\u00e1kat, partnereket \u00e9s b\u00e9rl\u0151ket egy platformon.<\/p>\n","protected":false},"excerpt":{"rendered":"<p>A rezsics\u00f6kkent\u00e9s v\u00e9g\u00e9vel az irodai munkav\u00e9gz\u00e9s m\u00e9g azok sz\u00e1m\u00e1ra is vonz\u00f3bb\u00e1 v\u00e1lhat, akik eddig folyamatosan otthonr\u00f3l dolgoztak. A k\u00f6vetkez\u0151 h\u00f3napokban azonban nemcsak a munkav\u00e1llal\u00f3k, hanem a munk\u00e1ltat\u00f3k is igyekeznek majd cs\u00f6kkenteni az energiafelhaszn\u00e1l\u00e1sukat, \u00edgy az energiahat\u00e9kony irodah\u00e1zak fel\u00e9rt\u00e9kel\u0151dnek majd. A szolg\u00e1ltatott irod\u00e1k ir\u00e1nt is v\u00e1rhat\u00f3an megn\u00f6vekszik a kereslet, mivel a b\u00e9rleti d\u00edjba foglalt \u00fczemeltet\u00e9si k\u00f6lts\u00e9gek &#8230;<\/p>\n","protected":false},"author":1001007,"featured_media":0,"comment_status":"open","ping_status":"open","sticky":false,"template":"","format":"standard","meta":[],"categories":[19],"tags":[],"_links":{"self":[{"href":"https:\/\/gazdasagportal.hu\/index.php\/wp-json\/wp\/v2\/posts\/141144"}],"collection":[{"href":"https:\/\/gazdasagportal.hu\/index.php\/wp-json\/wp\/v2\/posts"}],"about":[{"href":"https:\/\/gazdasagportal.hu\/index.php\/wp-json\/wp\/v2\/types\/post"}],"author":[{"embeddable":true,"href":"https:\/\/gazdasagportal.hu\/index.php\/wp-json\/wp\/v2\/users\/1001007"}],"replies":[{"embeddable":true,"href":"https:\/\/gazdasagportal.hu\/index.php\/wp-json\/wp\/v2\/comments?post=141144"}],"version-history":[{"count":1,"href":"https:\/\/gazdasagportal.hu\/index.php\/wp-json\/wp\/v2\/posts\/141144\/revisions"}],"predecessor-version":[{"id":141145,"href":"https:\/\/gazdasagportal.hu\/index.php\/wp-json\/wp\/v2\/posts\/141144\/revisions\/141145"}],"wp:attachment":[{"href":"https:\/\/gazdasagportal.hu\/index.php\/wp-json\/wp\/v2\/media?parent=141144"}],"wp:term":[{"taxonomy":"category","embeddable":true,"href":"https:\/\/gazdasagportal.hu\/index.php\/wp-json\/wp\/v2\/categories?post=141144"},{"taxonomy":"post_tag","embeddable":true,"href":"https:\/\/gazdasagportal.hu\/index.php\/wp-json\/wp\/v2\/tags?post=141144"}],"curies":[{"name":"wp","href":"https:\/\/api.w.org\/{rel}","templated":true}]}}