{"id":141134,"date":"2022-08-14T13:47:46","date_gmt":"2022-08-14T11:47:46","guid":{"rendered":"https:\/\/gazdasagportal.hu\/?p=141134"},"modified":"2022-08-14T10:48:32","modified_gmt":"2022-08-14T08:48:32","slug":"heti-makronaptar-gdp-es-epitoipari-adatokat-kozolnek-a-jovo-heten","status":"publish","type":"post","link":"https:\/\/gazdasagportal.hu\/index.php\/heti-makronaptar-gdp-es-epitoipari-adatokat-kozolnek-a-jovo-heten\/","title":{"rendered":"Heti makronapt\u00e1r &#8211; GDP- \u00e9s \u00e9p\u00edt\u0151ipari adatokat k\u00f6z\u00f6lnek a j\u00f6v\u0151 h\u00e9ten"},"content":{"rendered":"<p><strong>T\u00f6bb statisztika is megjelenik a j\u00f6v\u0151 h\u00e9ten, k\u00f6z\u00f6tt\u00fck kiemelkedik a m\u00e1sodik negyed\u00e9vi brutt\u00f3 hazai term\u00e9k (GDP) adata.<\/strong><!--more--><\/p>\n<div class=\"ads-in-post2\"><script async src=\"https:\/\/pagead2.googlesyndication.com\/pagead\/js\/adsbygoogle.js\"><\/script>\r\n<ins class=\"adsbygoogle\"\r\n     style=\"display:block\"\r\n     data-ad-format=\"fluid\"\r\n     data-ad-layout-key=\"-6t+ed+2i-1n-4w\"\r\n     data-ad-client=\"ca-pub-1959107119989764\"\r\n     data-ad-slot=\"4008251320\"><\/ins>\r\n<script>\r\n     (adsbygoogle = window.adsbygoogle || []).push({});\r\n<\/script><\/div>\n<p>    H\u00e9tf\u0151n k\u00f6zli a K\u00f6zponti Statisztikai Hivatal (KSH) az \u00e9p\u00edt\u0151ipari termel\u00e9s j\u00faniusi teljes\u00edtm\u00e9ny\u00e9nek statisztik\u00e1it. M\u00e1jusban az \u00e9p\u00edt\u0151ipar termel\u00e9se 9,9 sz\u00e1zal\u00e9kkal meghaladta az egy \u00e9vvel kor\u00e1bbit. Az \u00e9p\u00edtm\u00e9nyf\u0151csoportok termel\u00e9se k\u00f6z\u00fcl az \u00e9p\u00fcletek \u00e9p\u00edt\u00e9s\u00e9\u00e9 12,0, az egy\u00e9b \u00e9p\u00edtm\u00e9nyek\u00e9 7,7 sz\u00e1zal\u00e9kkal n\u0151tt. Az el\u0151z\u0151 h\u00f3naphoz viszony\u00edtva 5,8 sz\u00e1zal\u00e9kkal n\u0151tt a szezon\u00e1lisan \u00e9s munkanaphat\u00e1ssal kiigaz\u00edtott termel\u00e9s.<br \/>\n    A megk\u00f6t\u00f6tt \u00faj szerz\u0151d\u00e9sek volumene 7,2 sz\u00e1zal\u00e9kkal nagyobb volt a tavaly m\u00e1jusin\u00e1l, ezen bel\u00fcl az \u00e9p\u00fcletek \u00e9p\u00edt\u00e9s\u00e9re k\u00f6t\u00f6tt szerz\u0151d\u00e9sek\u00e9 32,5 sz\u00e1zal\u00e9kkal magasabb, az egy\u00e9b \u00e9p\u00edtm\u00e9nyek \u00e9p\u00edt\u00e9s\u00e9re vonatkoz\u00f3k\u00e9 24,7 sz\u00e1zal\u00e9kkal alacsonyabb volt. Az \u00e9p\u00edt\u0151ipari v\u00e1llalkoz\u00e1sok m\u00e1jus v\u00e9gi szerz\u0151d\u00e9s\u00e1llom\u00e1nya 9,7 sz\u00e1zal\u00e9kkal nagyobb volt a tavaly m\u00e1jus v\u00e9gin\u00e9l. Az \u00e9p\u00fcletek \u00e9p\u00edt\u00e9s\u00e9re vonatkoz\u00f3 szerz\u0151d\u00e9sek volumene 4,0 sz\u00e1zal\u00e9kkal cs\u00f6kkent, az egy\u00e9b \u00e9p\u00edtm\u00e9nyek\u00e9 20,0 sz\u00e1zal\u00e9kkal n\u0151tt az egy \u00e9vvel kor\u00e1bbihoz viszony\u00edtva.<br \/>\n    Az \u00e9v els\u0151 \u00f6t h\u00f3napj\u00e1ban az \u00e9p\u00edt\u0151ipari termel\u00e9s 11,5 sz\u00e1zal\u00e9kkal meghaladta az el\u0151z\u0151 \u00e9v azonos id\u0151szak\u00e1\u00e9t.<br \/>\n    Szerd\u00e1n adja ki a KSH a GDP m\u00e1sodik negyed\u00e9vi el\u0151zetes adatait. A GDP volumene Magyarorsz\u00e1gon 2022 els\u0151 negyed\u00e9v\u00e9ben 8,2 sz\u00e1zal\u00e9kkal n\u0151tt az el\u0151z\u0151 \u00e9v azonos id\u0151szak\u00e1hoz viszony\u00edtva. A szezon\u00e1lisan \u00e9s napt\u00e1rhat\u00e1ssal kiigaz\u00edtott \u00e9s kiegyens\u00falyozott adatok szerint a gazdas\u00e1g teljes\u00edtm\u00e9nye az el\u0151z\u0151 negyed\u00e9vhez m\u00e9rten 2,1, az el\u0151z\u0151 \u00e9v azonos id\u0151szak\u00e1hoz k\u00e9pest 8,0 sz\u00e1zal\u00e9kkal emelkedett. A brutt\u00f3 hazai term\u00e9k els\u0151 negyed\u00e9vi, 8,2 sz\u00e1zal\u00e9kos n\u00f6veked\u00e9s\u00e9hez a szolg\u00e1ltat\u00e1sok 5,3, az \u00e9p\u00edt\u0151ipar 0,6, az ipar 1,2 sz\u00e1zal\u00e9kponttal j\u00e1rult hozz\u00e1. A szolg\u00e1ltat\u00e1sokon bel\u00fcl legink\u00e1bb a kereskedelem, g\u00e9pj\u00e1rm\u0171jav\u00edt\u00e1s, sz\u00e1ll\u00e1shely-szolg\u00e1ltat\u00e1s, vend\u00e9gl\u00e1t\u00e1s n\u00f6velte a GDP-t (1,4 sz\u00e1zal\u00e9kponttal). A n\u00f6veked\u00e9shez a v\u00e9gs\u0151 fogyaszt\u00e1s 7,7, a brutt\u00f3 felhalmoz\u00e1s 3,0 sz\u00e1zal\u00e9kponttal j\u00e1rult hozz\u00e1. A k\u00fclkereskedelmi forgalom egyenlege \u00f6sszess\u00e9g\u00e9ben 2,6 sz\u00e1zal\u00e9kponttal visszafogta a gazdas\u00e1gi teljes\u00edtm\u00e9nyt.(MTI)<\/p>\n","protected":false},"excerpt":{"rendered":"<p>T\u00f6bb statisztika is megjelenik a j\u00f6v\u0151 h\u00e9ten, k\u00f6z\u00f6tt\u00fck kiemelkedik a m\u00e1sodik negyed\u00e9vi brutt\u00f3 hazai term\u00e9k (GDP) adata.<\/p>\n","protected":false},"author":1001007,"featured_media":0,"comment_status":"open","ping_status":"open","sticky":false,"template":"","format":"standard","meta":[],"categories":[19],"tags":[],"_links":{"self":[{"href":"https:\/\/gazdasagportal.hu\/index.php\/wp-json\/wp\/v2\/posts\/141134"}],"collection":[{"href":"https:\/\/gazdasagportal.hu\/index.php\/wp-json\/wp\/v2\/posts"}],"about":[{"href":"https:\/\/gazdasagportal.hu\/index.php\/wp-json\/wp\/v2\/types\/post"}],"author":[{"embeddable":true,"href":"https:\/\/gazdasagportal.hu\/index.php\/wp-json\/wp\/v2\/users\/1001007"}],"replies":[{"embeddable":true,"href":"https:\/\/gazdasagportal.hu\/index.php\/wp-json\/wp\/v2\/comments?post=141134"}],"version-history":[{"count":1,"href":"https:\/\/gazdasagportal.hu\/index.php\/wp-json\/wp\/v2\/posts\/141134\/revisions"}],"predecessor-version":[{"id":141135,"href":"https:\/\/gazdasagportal.hu\/index.php\/wp-json\/wp\/v2\/posts\/141134\/revisions\/141135"}],"wp:attachment":[{"href":"https:\/\/gazdasagportal.hu\/index.php\/wp-json\/wp\/v2\/media?parent=141134"}],"wp:term":[{"taxonomy":"category","embeddable":true,"href":"https:\/\/gazdasagportal.hu\/index.php\/wp-json\/wp\/v2\/categories?post=141134"},{"taxonomy":"post_tag","embeddable":true,"href":"https:\/\/gazdasagportal.hu\/index.php\/wp-json\/wp\/v2\/tags?post=141134"}],"curies":[{"name":"wp","href":"https:\/\/api.w.org\/{rel}","templated":true}]}}