{"id":141103,"date":"2022-08-10T12:26:24","date_gmt":"2022-08-10T10:26:24","guid":{"rendered":"https:\/\/gazdasagportal.hu\/?p=141103"},"modified":"2022-08-10T12:26:24","modified_gmt":"2022-08-10T10:26:24","slug":"tizmilliard-euros-adocsokkentest-tervez-a-nemet-penzugyminiszterium","status":"publish","type":"post","link":"https:\/\/gazdasagportal.hu\/index.php\/tizmilliard-euros-adocsokkentest-tervez-a-nemet-penzugyminiszterium\/","title":{"rendered":"T\u00edzmilli\u00e1rd eur\u00f3s ad\u00f3cs\u00f6kkent\u00e9st tervez a n\u00e9met p\u00e9nz\u00fcgyminiszt\u00e9rium"},"content":{"rendered":"<p><strong>T\u00edzmilli\u00e1rd eur\u00f3s ad\u00f3cs\u00f6kkent\u00e9st tervez a n\u00e9met p\u00e9nz\u00fcgyminiszt\u00e9rium az infl\u00e1ci\u00f3 hat\u00e1s\u00e1nak ellens\u00falyoz\u00e1s\u00e1ra, a szerd\u00e1n ismertetett javaslat a t\u00e1rca szerint t\u00f6bb t\u00edzmilli\u00f3 ember helyzet\u00e9t jav\u00edtan\u00e1.<\/strong><!--more--><\/p>\n<div class=\"ads-in-post2\"><script async src=\"https:\/\/pagead2.googlesyndication.com\/pagead\/js\/adsbygoogle.js\"><\/script>\r\n<ins class=\"adsbygoogle\"\r\n     style=\"display:block\"\r\n     data-ad-format=\"fluid\"\r\n     data-ad-layout-key=\"-6t+ed+2i-1n-4w\"\r\n     data-ad-client=\"ca-pub-1959107119989764\"\r\n     data-ad-slot=\"4008251320\"><\/ins>\r\n<script>\r\n     (adsbygoogle = window.adsbygoogle || []).push({});\r\n<\/script><\/div>\n<p>    Christian Lindner p\u00e9nz\u00fcgyminiszter berlini t\u00e1j\u00e9koztat\u00f3j\u00e1n kiemelte, hogy az \u00e1llam nem &#8222;gazdagodhat&#8221; az infl\u00e1ci\u00f3 r\u00e9v\u00e9n a polg\u00e1rai k\u00e1r\u00e1ra, ez\u00e9rt ki kell egyenl\u00edtenie az ad\u00f3terhek infl\u00e1ci\u00f3b\u00f3l fakad\u00f3 n\u00f6veked\u00e9s\u00e9t.<br \/>\n    A legfontosabb az \u00fagynevezett hideg progresszi\u00f3 hat\u00e1s\u00e1nak felsz\u00e1mol\u00e1sa. Ez a jelens\u00e9g a progressz\u00edv &#8211; a j\u00f6vedelem emelked\u00e9s\u00e9vel nem csup\u00e1n t\u00f6bb p\u00e9nzt, hanem a j\u00f6vedelem nagyobb h\u00e1nyad\u00e1t elvon\u00f3 &#8211; ad\u00f3rendszerekre jellemz\u0151, \u00e9s akkor fordul el\u0151, amikor az infl\u00e1ci\u00f3 ellens\u00falyoz\u00e1s\u00e1t szolg\u00e1l\u00f3 fizet\u00e9semel\u00e9s miatt az ad\u00f3z\u00f3 magasabb ad\u00f3s\u00e1vba ker\u00fcl.<br \/>\n    Ez azt jelenti, hogy fizet\u00e9s\u00e9nek re\u00e1l\u00e9rt\u00e9ke val\u00f3j\u00e1ban nem v\u00e1ltozik, m\u00e9gis \u00fagy kell ad\u00f3znia, mintha t\u00f6bbet keresne, azaz rejtett, lopakod\u00f3 ad\u00f3emel\u00e9s t\u00f6rt\u00e9nik, ez pedig a N\u00e9metorsz\u00e1got is s\u00fajt\u00f3 gazdas\u00e1gi neh\u00e9zs\u00e9gek miatt elfogadhatatlan &#8211; h\u00fazta al\u00e1 a liber\u00e1lis Szabad Demokrata P\u00e1rt (FDP) politikusa.<br \/>\n    Hozz\u00e1tette, hogy az infl\u00e1ci\u00f3kompenz\u00e1ci\u00f3s t\u00f6rv\u00e9ny megalkot\u00e1s\u00e1ra tett javaslat m\u00e1sik f\u0151 eleme a csal\u00e1dt\u00e1mogat\u00e1sok, k\u00f6zt\u00fck a csal\u00e1di p\u00f3tl\u00e9k emel\u00e9se.<br \/>\n    Kifejtette: a t\u00e1rca sz\u00e1m\u00edt\u00e1sai szerint a javaslat v\u00e9grehajt\u00e1s\u00e1val 48 milli\u00f3 ad\u00f3fizet\u0151 helyzet\u00e9n lehet jav\u00edtani, nett\u00f3 j\u00f6vedelm\u00fck az id\u00e9n \u00e1tlagosan 193 eur\u00f3val emelkedne. R\u00e1ad\u00e1sul az ad\u00f3mentes j\u00f6vedelem hat\u00e1r\u00e1nak m\u00f3dos\u00edt\u00e1sa &#8211; miszerint j\u00f6v\u0151re 285 eur\u00f3val 10 632 eur\u00f3ra, 2024-t\u0151l pedig tov\u00e1bbi 300 eur\u00f3val 10 932 eur\u00f3ra emelkedik az ad\u00f3mentess\u00e9gi hat\u00e1r, vagyis csak ezen \u00f6sszegek felett kellene j\u00f6vedelemad\u00f3t fizetni &#8211; cs\u00f6kkenten\u00e9 a b\u00fcrokr\u00e1ci\u00e1t, mert t\u00f6bb mint 270 ezerrel emelkedne mindaztok sz\u00e1ma, akiknek egy\u00e1ltal\u00e1n nem kellene ad\u00f3bevall\u00e1st k\u00e9sz\u00edteni\u00fck.<br \/>\n    A miniszter hangs\u00falyozta, hogy f\u0151leg az alacsony j\u00f6vedelm\u0171ek helyzet\u00e9n jav\u00edtan\u00e1nak, a legt\u00f6bbet keres\u0151k eset\u00e9ben pedig nem egyenl\u00edten\u00e9k ki a hideg progresszi\u00f3 hat\u00e1s\u00e1t, vagyis tov\u00e1bbra is \u00e9vi 277 826 eur\u00f3 felett kellene a legmagasabb, 45 sz\u00e1zal\u00e9kos kulccsal ad\u00f3zni.<br \/>\n<div class=\"ads-in-post2\"><script async src=\"https:\/\/pagead2.googlesyndication.com\/pagead\/js\/adsbygoogle.js\"><\/script>\r\n<ins class=\"adsbygoogle\"\r\n     style=\"display:block\"\r\n     data-ad-format=\"fluid\"\r\n     data-ad-layout-key=\"-6t+ed+2i-1n-4w\"\r\n     data-ad-client=\"ca-pub-1959107119989764\"\r\n     data-ad-slot=\"4008251320\"><\/ins>\r\n<script>\r\n     (adsbygoogle = window.adsbygoogle || []).push({});\r\n<\/script><\/div>\n    Azonban a koal\u00edci\u00f3s t\u00e1rsak &#8211; a szoci\u00e1ldemokrat\u00e1k (SPD) \u00e9s a Z\u00f6ldek &#8211; \u00e9ppen a t\u00e1rsadalmi szolidarit\u00e1sra hivatkozva b\u00edr\u00e1lt\u00e1k az FDP-s vezet\u00e9s\u0171 miniszt\u00e9rium javaslat\u00e1t, mindk\u00e9t p\u00e1rt szakpolitikusai \u00fagy v\u00e9lt\u00e9k, hogy a terv nem kell\u0151en kiegyens\u00falyozott, \u00e9s a seg\u00edts\u00e9g nem oda \u00e9rkezne, ahol a legnagyobb a sz\u00fcks\u00e9g.<br \/>\n    N\u00e9metorsz\u00e1gban az infl\u00e1ci\u00f3 az \u00e9v els\u0151 \u00f6t h\u00f3napj\u00e1ban folyamatosan emelkedett, m\u00e1jusban m\u00e1r 7,9 sz\u00e1zal\u00e9k &#8211; az 1973-as olajv\u00e1ls\u00e1g \u00f3ta a legmagasabb &#8211; volt a fogyaszt\u00f3i \u00e1rak \u00e9ves szint\u0171 emelked\u00e9se. J\u00faniusban viszont 7,6 sz\u00e1zal\u00e9kra, j\u00faliusban pedig 7,5 sz\u00e1zal\u00e9kra m\u00e9rs\u00e9kl\u0151d\u00f6tt, f\u0151leg a k\u00f6zleked\u00e9s k\u00f6lts\u00e9geinek cs\u00f6kkent\u00e9s\u00e9t szolg\u00e1l\u00f3 korm\u00e1nyzati int\u00e9zked\u00e9sek hat\u00e1s\u00e1ra.(MTI)<\/p>\n","protected":false},"excerpt":{"rendered":"<p>T\u00edzmilli\u00e1rd eur\u00f3s ad\u00f3cs\u00f6kkent\u00e9st tervez a n\u00e9met p\u00e9nz\u00fcgyminiszt\u00e9rium az infl\u00e1ci\u00f3 hat\u00e1s\u00e1nak ellens\u00falyoz\u00e1s\u00e1ra, a szerd\u00e1n ismertetett javaslat a t\u00e1rca szerint t\u00f6bb t\u00edzmilli\u00f3 ember helyzet\u00e9t jav\u00edtan\u00e1.<\/p>\n","protected":false},"author":1001006,"featured_media":0,"comment_status":"open","ping_status":"open","sticky":false,"template":"","format":"standard","meta":[],"categories":[19,246],"tags":[],"_links":{"self":[{"href":"https:\/\/gazdasagportal.hu\/index.php\/wp-json\/wp\/v2\/posts\/141103"}],"collection":[{"href":"https:\/\/gazdasagportal.hu\/index.php\/wp-json\/wp\/v2\/posts"}],"about":[{"href":"https:\/\/gazdasagportal.hu\/index.php\/wp-json\/wp\/v2\/types\/post"}],"author":[{"embeddable":true,"href":"https:\/\/gazdasagportal.hu\/index.php\/wp-json\/wp\/v2\/users\/1001006"}],"replies":[{"embeddable":true,"href":"https:\/\/gazdasagportal.hu\/index.php\/wp-json\/wp\/v2\/comments?post=141103"}],"version-history":[{"count":1,"href":"https:\/\/gazdasagportal.hu\/index.php\/wp-json\/wp\/v2\/posts\/141103\/revisions"}],"predecessor-version":[{"id":141104,"href":"https:\/\/gazdasagportal.hu\/index.php\/wp-json\/wp\/v2\/posts\/141103\/revisions\/141104"}],"wp:attachment":[{"href":"https:\/\/gazdasagportal.hu\/index.php\/wp-json\/wp\/v2\/media?parent=141103"}],"wp:term":[{"taxonomy":"category","embeddable":true,"href":"https:\/\/gazdasagportal.hu\/index.php\/wp-json\/wp\/v2\/categories?post=141103"},{"taxonomy":"post_tag","embeddable":true,"href":"https:\/\/gazdasagportal.hu\/index.php\/wp-json\/wp\/v2\/tags?post=141103"}],"curies":[{"name":"wp","href":"https:\/\/api.w.org\/{rel}","templated":true}]}}