{"id":141095,"date":"2022-08-09T08:54:25","date_gmt":"2022-08-09T06:54:25","guid":{"rendered":"https:\/\/gazdasagportal.hu\/?p=141095"},"modified":"2022-08-09T08:54:25","modified_gmt":"2022-08-09T06:54:25","slug":"tozsdenyitas-elott-iranykeresessel-indulhat-a-kereskedes-kedden","status":"publish","type":"post","link":"https:\/\/gazdasagportal.hu\/index.php\/tozsdenyitas-elott-iranykeresessel-indulhat-a-kereskedes-kedden\/","title":{"rendered":"T\u0151zsdenyit\u00e1s el\u0151tt &#8211; Ir\u00e1nykeres\u00e9ssel indulhat a keresked\u00e9s kedden"},"content":{"rendered":"<p><strong>Ir\u00e1nykeres\u00e9ssel indulhat a keresked\u00e9s kedden a Budapesti \u00c9rt\u00e9kt\u0151zsd\u00e9n (B\u00c9T) az elemz\u0151 szerint.<\/strong><!--more--><\/p>\n<div class=\"ads-in-post2\"><script async src=\"https:\/\/pagead2.googlesyndication.com\/pagead\/js\/adsbygoogle.js\"><\/script>\r\n<ins class=\"adsbygoogle\"\r\n     style=\"display:block\"\r\n     data-ad-format=\"fluid\"\r\n     data-ad-layout-key=\"-6t+ed+2i-1n-4w\"\r\n     data-ad-client=\"ca-pub-1959107119989764\"\r\n     data-ad-slot=\"4008251320\"><\/ins>\r\n<script>\r\n     (adsbygoogle = window.adsbygoogle || []).push({});\r\n<\/script><\/div>\n<p>    Varga Zolt\u00e1n, az Equilor Befektet\u00e9si Zrt. szenior elemz\u0151je az MTI-nek k\u00fcld\u00f6tt el\u0151rejelz\u00e9s\u00e9ben azt \u00edrta, a nemzetk\u00f6zi befektet\u0151i hangulat nem mutat hat\u00e1rozott ir\u00e1nyt.<br \/>\n    Kiemelte, hogy tov\u00e1bb menetelt az OTP, a h\u00e9tf\u0151i keresked\u00e9sben is a bankpap\u00edr volt a Budapesti \u00c9rt\u00e9kt\u0151zsde szt\u00e1rja, az \u00e1rfolyam eg\u00e9szen k\u00f6zel ker\u00fclt a 9360 forintos ellen\u00e1ll\u00e1shoz, amely nagyon fontos akad\u00e1ly. Ezt tesztelheti a pap\u00edr, de ezen a szinten megakadhat a mozg\u00e1s a cs\u00fct\u00f6rt\u00f6ki negyed\u00e9ves jelent\u00e9s el\u0151tt.<br \/>\n    Az elemz\u0151 kit\u00e9rt arra, hogy a Magyar Telekom felfel\u00e9 kapaszkodott, a k\u00f6vetkez\u0151 ellen\u00e1ll\u00e1si szintek 318 forint k\u00f6zel\u00e9ben, majd 324 forintn\u00e1l h\u00faz\u00f3dnak. A Magyar Telekom kedden piacz\u00e1r\u00e1s ut\u00e1n teszi k\u00f6zz\u00e9 jelent\u00e9s\u00e9t, a bev\u00e9tel 7 sz\u00e1zal\u00e9kkal emelkedhetett \u00e9ves alapon, a konszenzus 10 sz\u00e1zal\u00e9kos EBITDA \u00e9s 23 sz\u00e1zal\u00e9kos EBIT cs\u00f6kken\u00e9st prognosztiz\u00e1l. Az eredm\u00e9nysor 33 sz\u00e1zal\u00e9kkal zsugorodhatott a negyed\u00e9vben.<br \/>\n    A Richter tov\u00e1bbra is a 8360 forintos szinttel k\u00fczd, \u00e1tt\u00f6r\u00e9se eset\u00e9n 8500 forint lenne a k\u00f6vetkez\u0151 \u00e1llom\u00e1s &#8211; \u00edrta Varga Zolt\u00e1n.<br \/>\n    A Budapesti \u00c9rt\u00e9kt\u0151zsde r\u00e9szv\u00e9nyindexe, a BUX 566,55 pontos, 1,30 sz\u00e1zal\u00e9kos emelked\u00e9ssel, 44 034,83 ponton z\u00e1rt h\u00e9tf\u0151n. A r\u00e9szv\u00e9nypiac forgalma 10,8 milli\u00e1rd forint volt, a vezet\u0151 r\u00e9szv\u00e9nyek a Richter kiv\u00e9tel\u00e9vel er\u0151s\u00f6dtek a p\u00e9nteki z\u00e1r\u00e1shoz k\u00e9pest. A Mol 36 forinttal, 1,24 sz\u00e1zal\u00e9kkal 2936 forintra er\u0151s\u00f6d\u00f6tt, 2,0 milli\u00e1rd forintos forgalomban. Az OTP-r\u00e9szv\u00e9nyek \u00e1ra 360 forinttal, 4,03 sz\u00e1zal\u00e9kkal 9290 forintra n\u0151tt, forgalmuk 7,0 milli\u00e1rd forintot tett ki. A Magyar Telekom \u00e1rfolyama 1,0 forinttal, 0,32 sz\u00e1zal\u00e9kkal 316 forintra emelkedett, forgalma 78,4 milli\u00f3 forint volt. A Richter-pap\u00edrok \u00e1rfolyama 80 forinttal, 0,95 sz\u00e1zal\u00e9kkal 8300 forintra cs\u00f6kkent, a r\u00e9szv\u00e9nyek forgalma 1,4 milli\u00e1rd forintot \u00e9rt el.(MTI)<\/p>\n","protected":false},"excerpt":{"rendered":"<p>Ir\u00e1nykeres\u00e9ssel indulhat a keresked\u00e9s kedden a Budapesti \u00c9rt\u00e9kt\u0151zsd\u00e9n (B\u00c9T) az elemz\u0151 szerint.<\/p>\n","protected":false},"author":1001006,"featured_media":0,"comment_status":"open","ping_status":"open","sticky":false,"template":"","format":"standard","meta":[],"categories":[7],"tags":[],"_links":{"self":[{"href":"https:\/\/gazdasagportal.hu\/index.php\/wp-json\/wp\/v2\/posts\/141095"}],"collection":[{"href":"https:\/\/gazdasagportal.hu\/index.php\/wp-json\/wp\/v2\/posts"}],"about":[{"href":"https:\/\/gazdasagportal.hu\/index.php\/wp-json\/wp\/v2\/types\/post"}],"author":[{"embeddable":true,"href":"https:\/\/gazdasagportal.hu\/index.php\/wp-json\/wp\/v2\/users\/1001006"}],"replies":[{"embeddable":true,"href":"https:\/\/gazdasagportal.hu\/index.php\/wp-json\/wp\/v2\/comments?post=141095"}],"version-history":[{"count":1,"href":"https:\/\/gazdasagportal.hu\/index.php\/wp-json\/wp\/v2\/posts\/141095\/revisions"}],"predecessor-version":[{"id":141096,"href":"https:\/\/gazdasagportal.hu\/index.php\/wp-json\/wp\/v2\/posts\/141095\/revisions\/141096"}],"wp:attachment":[{"href":"https:\/\/gazdasagportal.hu\/index.php\/wp-json\/wp\/v2\/media?parent=141095"}],"wp:term":[{"taxonomy":"category","embeddable":true,"href":"https:\/\/gazdasagportal.hu\/index.php\/wp-json\/wp\/v2\/categories?post=141095"},{"taxonomy":"post_tag","embeddable":true,"href":"https:\/\/gazdasagportal.hu\/index.php\/wp-json\/wp\/v2\/tags?post=141095"}],"curies":[{"name":"wp","href":"https:\/\/api.w.org\/{rel}","templated":true}]}}