{"id":141076,"date":"2022-08-06T12:30:04","date_gmt":"2022-08-06T10:30:04","guid":{"rendered":"https:\/\/gazdasagportal.hu\/?p=141076"},"modified":"2022-08-06T11:33:46","modified_gmt":"2022-08-06T09:33:46","slug":"horvatorszagi-buszbaleset-belugyminiszter-12-halott-legalabb-40-sebesult","status":"publish","type":"post","link":"https:\/\/gazdasagportal.hu\/index.php\/horvatorszagi-buszbaleset-belugyminiszter-12-halott-legalabb-40-sebesult\/","title":{"rendered":"Horv\u00e1torsz\u00e1gi buszbaleset &#8211; Bel\u00fcgyminiszter: 12 halott, legal\u00e1bb 40 sebes\u00fclt"},"content":{"rendered":"<p><strong>Lesodr\u00f3dott az aut\u00f3p\u00e1ly\u00e1r\u00f3l, majd a falnak \u00fctk\u00f6z\u00f6tt egy busz szombaton hajnalban Horv\u00e1torsz\u00e1gban, a balesetben tizenk\u00e9t ember meghalt \u00e9s legal\u00e1bb negyvenen megs\u00e9r\u00fcltek &#8211; k\u00f6z\u00f6lte Davor Bozinovic horv\u00e1t bel\u00fcgyminiszter rendk\u00edv\u00fcli sajt\u00f3t\u00e1j\u00e9koztat\u00f3j\u00e1n.<\/strong><!--more--><\/p>\n<div class=\"ads-in-post2\"><script async src=\"https:\/\/pagead2.googlesyndication.com\/pagead\/js\/adsbygoogle.js\"><\/script>\r\n<ins class=\"adsbygoogle\"\r\n     style=\"display:block\"\r\n     data-ad-format=\"fluid\"\r\n     data-ad-layout-key=\"-6t+ed+2i-1n-4w\"\r\n     data-ad-client=\"ca-pub-1959107119989764\"\r\n     data-ad-slot=\"4008251320\"><\/ins>\r\n<script>\r\n     (adsbygoogle = window.adsbygoogle || []).push({});\r\n<\/script><\/div>\n<p>    Az eset a Z\u00e1gr\u00e1bt\u00f3l a magyar hat\u00e1rig vezet\u0151 sztr\u00e1d\u00e1n t\u00f6rt\u00e9nt az \u00e9szak horv\u00e1torsz\u00e1gi Varasd (Varazdin) k\u00f6zel\u00e9ben, a Brenznicki Hum \u00e9s Komin k\u00f6zti aut\u00f3p\u00e1lya-szakaszon. Am\u00edg a t\u0171zolt\u00f3k \u00e9s a ment\u0151k a helysz\u00ednen dolgoztak, le\u00e1ll\u00edtott\u00e1k a forgalmat az aut\u00f3p\u00e1ly\u00e1n, jelenleg egy s\u00e1vban lehet k\u00f6zlekedni.<br \/>\n    A bel\u00fcgyminiszter elmondta: a busz lengyel rendsz\u00e1mmal k\u00f6zlekedett, Vars\u00f3 k\u00f6zel\u00e9b\u0151l indult \u00e9s zar\u00e1ndokokat sz\u00e1ll\u00edtott a bosznia-hercegovinai Medugorjebe. A buszon nem voltak gyerekek. A s\u00e9r\u00fclteket a z\u00e1gr\u00e1bi, varasdi \u00e9s cs\u00e1ktornyai k\u00f3rh\u00e1zba sz\u00e1ll\u00edtott\u00e1k &#8211; tette hozz\u00e1.(MTI)<\/p>\n","protected":false},"excerpt":{"rendered":"<p>Lesodr\u00f3dott az aut\u00f3p\u00e1ly\u00e1r\u00f3l, majd a falnak \u00fctk\u00f6z\u00f6tt egy busz szombaton hajnalban Horv\u00e1torsz\u00e1gban, a balesetben tizenk\u00e9t ember meghalt \u00e9s legal\u00e1bb negyvenen megs\u00e9r\u00fcltek &#8211; k\u00f6z\u00f6lte Davor Bozinovic horv\u00e1t bel\u00fcgyminiszter rendk\u00edv\u00fcli sajt\u00f3t\u00e1j\u00e9koztat\u00f3j\u00e1n.<\/p>\n","protected":false},"author":1001007,"featured_media":0,"comment_status":"open","ping_status":"open","sticky":false,"template":"","format":"standard","meta":[],"categories":[5],"tags":[],"_links":{"self":[{"href":"https:\/\/gazdasagportal.hu\/index.php\/wp-json\/wp\/v2\/posts\/141076"}],"collection":[{"href":"https:\/\/gazdasagportal.hu\/index.php\/wp-json\/wp\/v2\/posts"}],"about":[{"href":"https:\/\/gazdasagportal.hu\/index.php\/wp-json\/wp\/v2\/types\/post"}],"author":[{"embeddable":true,"href":"https:\/\/gazdasagportal.hu\/index.php\/wp-json\/wp\/v2\/users\/1001007"}],"replies":[{"embeddable":true,"href":"https:\/\/gazdasagportal.hu\/index.php\/wp-json\/wp\/v2\/comments?post=141076"}],"version-history":[{"count":1,"href":"https:\/\/gazdasagportal.hu\/index.php\/wp-json\/wp\/v2\/posts\/141076\/revisions"}],"predecessor-version":[{"id":141077,"href":"https:\/\/gazdasagportal.hu\/index.php\/wp-json\/wp\/v2\/posts\/141076\/revisions\/141077"}],"wp:attachment":[{"href":"https:\/\/gazdasagportal.hu\/index.php\/wp-json\/wp\/v2\/media?parent=141076"}],"wp:term":[{"taxonomy":"category","embeddable":true,"href":"https:\/\/gazdasagportal.hu\/index.php\/wp-json\/wp\/v2\/categories?post=141076"},{"taxonomy":"post_tag","embeddable":true,"href":"https:\/\/gazdasagportal.hu\/index.php\/wp-json\/wp\/v2\/tags?post=141076"}],"curies":[{"name":"wp","href":"https:\/\/api.w.org\/{rel}","templated":true}]}}