{"id":141042,"date":"2022-08-02T11:27:14","date_gmt":"2022-08-02T09:27:14","guid":{"rendered":"https:\/\/gazdasagportal.hu\/?p=141042"},"modified":"2022-08-02T11:27:14","modified_gmt":"2022-08-02T09:27:14","slug":"bnp-paribas-cardif-visszaesett-a-magyar-munkavallalok-optimizmusa","status":"publish","type":"post","link":"https:\/\/gazdasagportal.hu\/index.php\/bnp-paribas-cardif-visszaesett-a-magyar-munkavallalok-optimizmusa\/","title":{"rendered":"BNP Paribas Cardif: visszaesett a magyar munkav\u00e1llal\u00f3k optimizmusa"},"content":{"rendered":"<p><strong>Visszaesett a magyar munkav\u00e1llal\u00f3k optimizmusa, miut\u00e1n az orosz-ukr\u00e1n konfliktus, valamint a j\u00e1rv\u00e1nyint\u00e9zked\u00e9sek \u00e1ltal okozott negat\u00edv gazdas\u00e1gi k\u00f6vetkezm\u00e9nyek, az ezzel j\u00e1r\u00f3 bizonytalans\u00e1g m\u00e1r a munkaer\u0151piacon is \u00e9rezteti hat\u00e1s\u00e1t &#8211; k\u00f6z\u00f6lte a hitelfedezeti biztos\u00edt\u00e1sokkal foglalkoz\u00f3 BNP Paribas Cardif Biztos\u00edt\u00f3 kedden a Medi\u00e1nnal k\u00e9sz\u00edtett k\u00f6z\u00f6s kutat\u00e1s alapj\u00e1n.<\/strong><!--more--><\/p>\n<div class=\"ads-in-post2\"><script async src=\"https:\/\/pagead2.googlesyndication.com\/pagead\/js\/adsbygoogle.js\"><\/script>\r\n<ins class=\"adsbygoogle\"\r\n     style=\"display:block\"\r\n     data-ad-format=\"fluid\"\r\n     data-ad-layout-key=\"-6t+ed+2i-1n-4w\"\r\n     data-ad-client=\"ca-pub-1959107119989764\"\r\n     data-ad-slot=\"4008251320\"><\/ins>\r\n<script>\r\n     (adsbygoogle = window.adsbygoogle || []).push({});\r\n<\/script><\/div>\n<p>    A m\u00e1sodik negyed\u00e9vben k\u00e9sz\u00fclt felm\u00e9r\u00e9s alapj\u00e1n a BNP Paribas Cardif Munkaer\u0151piaci Stabilit\u00e1si Indexe 75 pontos \u00e9rt\u00e9ket vett fel, ami 2 pontos es\u00e9st jelent a tavalyi \u00e9v hasonl\u00f3 id\u0151szak\u00e1hoz, illetve 3 pontos cs\u00f6kken\u00e9st az el\u0151z\u0151 negyed\u00e9vhez k\u00e9pest.<br \/>\n    A BNP Paribas Cardif Biztos\u00edt\u00f3 a Medi\u00e1nnal k\u00f6z\u00f6sen 2014-ben alkotta meg az indexet, amely azt m\u00e9ri, mennyire stabil a munkaer\u0151piac a munkav\u00e1llal\u00f3k szemsz\u00f6g\u00e9b\u0151l. Az index 1200 f\u0151 szem\u00e9lyes megk\u00e9rdez\u00e9s\u00e9n alapul, a minta \u00e9letkor, nem, iskolai v\u00e9gzetts\u00e9g \u00e9s telep\u00fcl\u00e9st\u00edpus szerint reprezent\u00e1lja a feln\u0151tt magyar n\u00e9pess\u00e9get.<br \/>\n    A kutat\u00e1s alapk\u00e1n a m\u00e1sodik negyed\u00e9vben a munkav\u00e1llal\u00f3k 36 sz\u00e1zal\u00e9ka kezdett agg\u00f3dni amiatt, hogy egy \u00e9ven bel\u00fcl esetleg elvesz\u00edtheti \u00e1ll\u00e1s\u00e1t, ami 8 sz\u00e1zal\u00e9kpontos emelked\u00e9st jelent az el\u0151z\u0151 negyed\u00e9vhez k\u00e9pest.<br \/>\n    A k\u00f6zlem\u00e9ny szerint n\u00f6vekv\u0151 bizonytalans\u00e1gr\u00f3l \u00e1rulkodik az is, hogy m\u00edg tavasszal a megk\u00e9rdezettek 61 sz\u00e1zal\u00e9ka b\u00edzott abban, hogy t\u00f6bb mint \u00f6t \u00e9vig fennmaradhat a jelenlegi poz\u00edci\u00f3ja a munkahely\u00e9n, addig ez az ar\u00e1ny mostanra 53 sz\u00e1zal\u00e9kra zuhant.<br \/>\n    A v\u00e1laszad\u00f3k 42 sz\u00e1zal\u00e9k\u00e1nak h\u00e1ztart\u00e1sa legfeljebb h\u00e1rom h\u00f3napot tudna \u00e1tv\u00e9szelni a f\u0151 keres\u0151 \u00e1ll\u00e1sveszt\u00e9se eset\u00e9n. Ezzel szemben k\u00f6zel 8 sz\u00e1zal\u00e9kpontot ugrott \u00e9s \u00edgy 33 sz\u00e1zal\u00e9kot \u00e9rt el azok ar\u00e1nya, akik 4 h\u00f3nap \u00e9s egy \u00e9v k\u00f6z\u00f6tti id\u0151szakot is ki tudn\u00e1nak b\u00edrni, 22 sz\u00e1zal\u00e9kuk pedig t\u00f6bb, mint egy \u00e9vet is k\u00e9pes lenne \u00e1tv\u00e9szelni.<br \/>\n    Az \u00e1ll\u00e1sveszt\u00e9s eset\u00e9re a v\u00e1laszad\u00f3k 69 sz\u00e1zal\u00e9ka szerint maradna valaki a h\u00e1ztart\u00e1sban, akire t\u00e1maszkodhatnak, 64 sz\u00e1zal\u00e9kuk k\u00f6lcs\u00f6n tudna k\u00e9rni olyan csal\u00e1dtagt\u00f3l, rokont\u00f3l, akivel nem lakik k\u00f6z\u00f6s h\u00e1ztart\u00e1sban, 55 sz\u00e1zal\u00e9kuknak pedig valamelyik bar\u00e1tja tudna seg\u00edteni. A v\u00e1laszad\u00f3k 28 sz\u00e1zal\u00e9ka \u00e1ll\u00edtotta azt, hogy amennyiben elvesz\u00edten\u00e9 az \u00e1ll\u00e1s\u00e1t, rendelkezne olyan biztos\u00edt\u00e1ssal, amelyb\u0151l p\u00e9nzhez jutna &#8211; der\u00fclt ki a kutat\u00e1sb\u00f3l.<br \/>\n    A k\u00f6zlem\u00e9nyben kiemelik: l\u00e9nyegesen pozit\u00edv fejlem\u00e9nynek sz\u00e1m\u00edt a munkav\u00e1llal\u00f3k azzal kapcsolatos optimizmusa, hogy mennyire \u00e9rzik \u00fagy, egy esetleges \u00e1ll\u00e1sveszt\u00e9s, vagy felmond\u00e1s eset\u00e9n k\u00f6nnyen tal\u00e1ln\u00e1nak a k\u00e9pzetts\u00e9g\u00fcknek megfelel\u0151 \u00faj \u00e1ll\u00e1st. A v\u00e1laszad\u00f3k 54 sz\u00e1zal\u00e9ka mondta azt, hogy k\u00f6nnyen, vagy nagyon k\u00f6nnyen tal\u00e1lna mag\u00e1nak munk\u00e1t, ez az el\u0151z\u0151 \u00e9v azonos id\u0151szak\u00e1val \u00f6sszevetve 4 sz\u00e1zal\u00e9kpontos emelked\u00e9st jelent, ami tov\u00e1bbra is optimizmusra ad okot.(MTI)<\/p>\n","protected":false},"excerpt":{"rendered":"<p>Visszaesett a magyar munkav\u00e1llal\u00f3k optimizmusa, miut\u00e1n az orosz-ukr\u00e1n konfliktus, valamint a j\u00e1rv\u00e1nyint\u00e9zked\u00e9sek \u00e1ltal okozott negat\u00edv gazdas\u00e1gi k\u00f6vetkezm\u00e9nyek, az ezzel j\u00e1r\u00f3 bizonytalans\u00e1g m\u00e1r a munkaer\u0151piacon is \u00e9rezteti hat\u00e1s\u00e1t &#8211; k\u00f6z\u00f6lte a hitelfedezeti biztos\u00edt\u00e1sokkal foglalkoz\u00f3 BNP Paribas Cardif Biztos\u00edt\u00f3 kedden a Medi\u00e1nnal k\u00e9sz\u00edtett k\u00f6z\u00f6s kutat\u00e1s alapj\u00e1n.<\/p>\n","protected":false},"author":1001007,"featured_media":0,"comment_status":"open","ping_status":"open","sticky":false,"template":"","format":"standard","meta":[],"categories":[19],"tags":[],"_links":{"self":[{"href":"https:\/\/gazdasagportal.hu\/index.php\/wp-json\/wp\/v2\/posts\/141042"}],"collection":[{"href":"https:\/\/gazdasagportal.hu\/index.php\/wp-json\/wp\/v2\/posts"}],"about":[{"href":"https:\/\/gazdasagportal.hu\/index.php\/wp-json\/wp\/v2\/types\/post"}],"author":[{"embeddable":true,"href":"https:\/\/gazdasagportal.hu\/index.php\/wp-json\/wp\/v2\/users\/1001007"}],"replies":[{"embeddable":true,"href":"https:\/\/gazdasagportal.hu\/index.php\/wp-json\/wp\/v2\/comments?post=141042"}],"version-history":[{"count":1,"href":"https:\/\/gazdasagportal.hu\/index.php\/wp-json\/wp\/v2\/posts\/141042\/revisions"}],"predecessor-version":[{"id":141043,"href":"https:\/\/gazdasagportal.hu\/index.php\/wp-json\/wp\/v2\/posts\/141042\/revisions\/141043"}],"wp:attachment":[{"href":"https:\/\/gazdasagportal.hu\/index.php\/wp-json\/wp\/v2\/media?parent=141042"}],"wp:term":[{"taxonomy":"category","embeddable":true,"href":"https:\/\/gazdasagportal.hu\/index.php\/wp-json\/wp\/v2\/categories?post=141042"},{"taxonomy":"post_tag","embeddable":true,"href":"https:\/\/gazdasagportal.hu\/index.php\/wp-json\/wp\/v2\/tags?post=141042"}],"curies":[{"name":"wp","href":"https:\/\/api.w.org\/{rel}","templated":true}]}}