{"id":140963,"date":"2022-07-25T13:14:39","date_gmt":"2022-07-25T11:14:39","guid":{"rendered":"https:\/\/gazdasagportal.hu\/?p=140963"},"modified":"2022-07-25T12:15:17","modified_gmt":"2022-07-25T10:15:17","slug":"elemzok-az-evkozi-beremelesek-fenntarthatjak-a-realberek-tovabbi-emelkedeset","status":"publish","type":"post","link":"https:\/\/gazdasagportal.hu\/index.php\/elemzok-az-evkozi-beremelesek-fenntarthatjak-a-realberek-tovabbi-emelkedeset\/","title":{"rendered":"Elemz\u0151k: az \u00e9vk\u00f6zi b\u00e9remel\u00e9sek fenntarthatj\u00e1k a re\u00e1lb\u00e9rek tov\u00e1bbi emelked\u00e9s\u00e9t"},"content":{"rendered":"<p><strong>Az infl\u00e1ci\u00f3t lek\u00f6vetni igyekv\u0151 \u00e9vk\u00f6zi b\u00e9remel\u00e9seknek k\u00f6sz\u00f6nhet\u0151en m\u00e9g a v\u00e1rhat\u00f3 er\u0151teljes infl\u00e1ci\u00f3t figyelembe v\u00e9ve is folytat\u00f3dhat a re\u00e1lb\u00e9rek n\u00f6veked\u00e9se a m\u00e1sodik f\u00e9l\u00e9vben, ha viszont ezek elmaradnak vagy m\u00e9rs\u00e9keltek lesznek, akkor a negat\u00edv tartom\u00e1nyba ker\u00fclhet a re\u00e1lb\u00e9rindex &#8211; v\u00e9lekednek a m\u00e1jusi kereseti adatokat komment\u00e1lva az MTI-nek nyilatkoz\u00f3 elemz\u0151k.<\/strong><!--more--><\/p>\n<div class=\"ads-in-post2\"><script async src=\"https:\/\/pagead2.googlesyndication.com\/pagead\/js\/adsbygoogle.js\"><\/script>\r\n<ins class=\"adsbygoogle\"\r\n     style=\"display:block\"\r\n     data-ad-format=\"fluid\"\r\n     data-ad-layout-key=\"-6t+ed+2i-1n-4w\"\r\n     data-ad-client=\"ca-pub-1959107119989764\"\r\n     data-ad-slot=\"4008251320\"><\/ins>\r\n<script>\r\n     (adsbygoogle = window.adsbygoogle || []).push({});\r\n<\/script><\/div>\n<p>    A K\u00f6zponti Statisztikai Hivatal (KSH) jelent\u00e9se szerint m\u00e1jusban a brutt\u00f3 \u00e1tlagkereset az egy \u00e9vvel kor\u00e1bbin\u00e1l 14,9 sz\u00e1zal\u00e9kkal magasabb, 495 900 forint volt, a kedvezm\u00e9nyek figyelembev\u00e9tel\u00e9vel sz\u00e1molt nett\u00f3 \u00e1tlagkereset 15,6 sz\u00e1zal\u00e9kkal, 342 000 forintra emelkedett.<br \/>\n    Horv\u00e1th Andr\u00e1s, a Magyar Bankholding vezet\u0151 elemz\u0151je, az MTI-nek k\u00fcld\u00f6tt komment\u00e1rj\u00e1ban arra helyezte a hangs\u00falyt, hogy a minim\u00e1lb\u00e9remel\u00e9sek teljes b\u00e9rsk\u00e1l\u00e1t feljebb tol\u00f3 hat\u00e1s\u00e1nak k\u00f6sz\u00f6nhet\u0151en folytat\u00f3dott m\u00e1jusban is a b\u00e9rek idei kiemelked\u0151 b\u00e9rn\u00f6veked\u00e9si \u00fcteme. V\u00e1rakoz\u00e1sa szerint az idei b\u00e9rn\u00f6veked\u00e9si \u00fctem n\u00e9mileg 16 sz\u00e1zal\u00e9k felett fog alakulni.<br \/>\n    A b\u00e9rk\u00f6lts\u00e9gek l\u00e1tv\u00e1nyos n\u00f6veked\u00e9se, illetve az energia- \u00e9s alapanyag\u00e1rak emelked\u00e9se tov\u00e1bb er\u0151s\u00edtheti a v\u00e1llalatok \u00e1remel\u00e9si sz\u00e1nd\u00e9k\u00e1t, amit az er\u0151s kereslet mellett k\u00f6nnyen \u00e9rv\u00e9nyes\u00edthetnek is. Az er\u0151s \u00e1remel\u00e9si \u00e9s b\u00e9remel\u00e9si dinamik\u00e1nak k\u00f6sz\u00f6nhet\u0151en egyre k\u00f6zelebb ker\u00fclhet a gazdas\u00e1g a klasszikus \u00e1r-b\u00e9r spir\u00e1lhoz, ha a v\u00e1rakoz\u00e1sok imm\u00e1r tart\u00f3san ezen a szinten ragadnak be \u00e9s az \u00e1raz\u00e1si illetve b\u00e9rk\u00f6vetel\u00e9si ig\u00e9nyeket folyamatosan ehhez igaz\u00edtj\u00e1k a szerepl\u0151k &#8211; figyelmeztet a bankholding vezet\u0151 elemz\u0151je. Az infl\u00e1ci\u00f3t lek\u00f6vetni igyekv\u0151 \u00e9vk\u00f6zi b\u00e9remel\u00e9seknek k\u00f6sz\u00f6nhet\u0151en m\u00e9g a v\u00e1rhat\u00f3 er\u0151teljes infl\u00e1ci\u00f3t figyelembe v\u00e9ve is 4 sz\u00e1zal\u00e9k feletti \u00e9ves re\u00e1lb\u00e9r n\u00f6veked\u00e9s lehet 2022-ben, ami fogyaszt\u00e1si oldalr\u00f3l tov\u00e1bbra is t\u00e1maszt ad a GDP-n\u00f6veked\u00e9snek &#8211; \u00f6sszegezte progn\u00f3zis\u00e1t Horv\u00e1th Andr\u00e1s.<br \/>\n    N\u00e9meth D\u00e1vid, a K&#038;H Bank vezet\u0151 makrogazdas\u00e1gi elemz\u0151je, \u00fagy \u00e9rt\u00e9kelte hogy a keresetek emelked\u00e9se nemcsak a garant\u00e1lt b\u00e9rminimum \u00e9s a minim\u00e1lb\u00e9r \u00e9v eleji n\u00f6vel\u00e9s\u00e9nek \u00e9s a k\u00f6lts\u00e9gvet\u00e9si szf\u00e9r\u00e1ban megval\u00f3sult &#8211; el\u0151re be\u00fctemezett &#8211; fizet\u00e9semel\u00e9seknek k\u00f6sz\u00f6nhet\u0151, de szerepet j\u00e1tszanak benne a munkaer\u0151hi\u00e1nyb\u00f3l ad\u00f3d\u00f3 b\u00e9remel\u00e9si k\u00e9nyszerek is. Felh\u00edvta a figyelmet arra is, hogy a brutt\u00f3 fizet\u00e9sek medi\u00e1nja p\u00e9ld\u00e1ul m\u00e1jusban csaknem 100 ezer forinttal maradt el az \u00e1tlagt\u00f3l, ami szerinte az\u00e9rt fontos, mert megmutatja, hogy az alkalmazottak fele enn\u00e9l magasabb, a m\u00e1sik fele pedig enn\u00e9l alacsonyabb \u00f6sszeget kap.<br \/>\n    Az infl\u00e1ci\u00f3 tov\u00e1bbi gyorsul\u00e1sa miatt az \u00e9v h\u00e1tral\u00e9v\u0151 r\u00e9sz\u00e9ben a re\u00e1lkeresetek n\u00f6veked\u00e9si \u00fcteme N\u00e9meth D\u00e1vid szerint tov\u00e1bbi lassul\u00e1st mutathat, azaz gyeng\u00fclhet a fizet\u00e9sek v\u00e1s\u00e1rl\u00f3ereje, de az \u00e9v m\u00e1sodik fel\u00e9ben az esetleges \u00e9vk\u00f6zi b\u00e9remel\u00e9sek nagyban befoly\u00e1solhatj\u00e1k a re\u00e1lb\u00e9rindex alakul\u00e1s\u00e1t. Ha viszont ezek elmaradnak vagy m\u00e9rs\u00e9keltek lesznek, akkor a negat\u00edv tartom\u00e1nyba ker\u00fclhet a mutat\u00f3 &#8211; v\u00e9lekedett a K&#038;H bank szak\u00e9rt\u0151je.(MTI)<\/p>\n","protected":false},"excerpt":{"rendered":"<p>Az infl\u00e1ci\u00f3t lek\u00f6vetni igyekv\u0151 \u00e9vk\u00f6zi b\u00e9remel\u00e9seknek k\u00f6sz\u00f6nhet\u0151en m\u00e9g a v\u00e1rhat\u00f3 er\u0151teljes infl\u00e1ci\u00f3t figyelembe v\u00e9ve is folytat\u00f3dhat a re\u00e1lb\u00e9rek n\u00f6veked\u00e9se a m\u00e1sodik f\u00e9l\u00e9vben, ha viszont ezek elmaradnak vagy m\u00e9rs\u00e9keltek lesznek, akkor a negat\u00edv tartom\u00e1nyba ker\u00fclhet a re\u00e1lb\u00e9rindex &#8211; v\u00e9lekednek a m\u00e1jusi kereseti adatokat komment\u00e1lva az MTI-nek nyilatkoz\u00f3 elemz\u0151k.<\/p>\n","protected":false},"author":1001007,"featured_media":0,"comment_status":"open","ping_status":"open","sticky":false,"template":"","format":"standard","meta":[],"categories":[19],"tags":[],"_links":{"self":[{"href":"https:\/\/gazdasagportal.hu\/index.php\/wp-json\/wp\/v2\/posts\/140963"}],"collection":[{"href":"https:\/\/gazdasagportal.hu\/index.php\/wp-json\/wp\/v2\/posts"}],"about":[{"href":"https:\/\/gazdasagportal.hu\/index.php\/wp-json\/wp\/v2\/types\/post"}],"author":[{"embeddable":true,"href":"https:\/\/gazdasagportal.hu\/index.php\/wp-json\/wp\/v2\/users\/1001007"}],"replies":[{"embeddable":true,"href":"https:\/\/gazdasagportal.hu\/index.php\/wp-json\/wp\/v2\/comments?post=140963"}],"version-history":[{"count":1,"href":"https:\/\/gazdasagportal.hu\/index.php\/wp-json\/wp\/v2\/posts\/140963\/revisions"}],"predecessor-version":[{"id":140964,"href":"https:\/\/gazdasagportal.hu\/index.php\/wp-json\/wp\/v2\/posts\/140963\/revisions\/140964"}],"wp:attachment":[{"href":"https:\/\/gazdasagportal.hu\/index.php\/wp-json\/wp\/v2\/media?parent=140963"}],"wp:term":[{"taxonomy":"category","embeddable":true,"href":"https:\/\/gazdasagportal.hu\/index.php\/wp-json\/wp\/v2\/categories?post=140963"},{"taxonomy":"post_tag","embeddable":true,"href":"https:\/\/gazdasagportal.hu\/index.php\/wp-json\/wp\/v2\/tags?post=140963"}],"curies":[{"name":"wp","href":"https:\/\/api.w.org\/{rel}","templated":true}]}}