{"id":140885,"date":"2022-07-19T08:57:32","date_gmt":"2022-07-19T06:57:32","guid":{"rendered":"https:\/\/gazdasagportal.hu\/?p=140885"},"modified":"2022-07-19T09:03:21","modified_gmt":"2022-07-19T07:03:21","slug":"bet-csokkenessel-nyithat-a-tozsde-az-elemzo-szerint","status":"publish","type":"post","link":"https:\/\/gazdasagportal.hu\/index.php\/bet-csokkenessel-nyithat-a-tozsde-az-elemzo-szerint\/","title":{"rendered":"B\u00c9T &#8211; Cs\u00f6kken\u00e9ssel nyithat a t\u0151zsde az elemz\u0151 szerint"},"content":{"rendered":"<p><strong>Cs\u00f6kken\u00e9ssel nyithat kedden a Budapesti \u00c9rt\u00e9kt\u0151zsde (B\u00c9T) az Equilor Befektet\u00e9si Zrt. senior elemz\u0151je szerint.<\/strong><!--more--><\/p>\n<div class=\"ads-in-post2\"><script async src=\"https:\/\/pagead2.googlesyndication.com\/pagead\/js\/adsbygoogle.js\"><\/script>\r\n<ins class=\"adsbygoogle\"\r\n     style=\"display:block\"\r\n     data-ad-format=\"fluid\"\r\n     data-ad-layout-key=\"-6t+ed+2i-1n-4w\"\r\n     data-ad-client=\"ca-pub-1959107119989764\"\r\n     data-ad-slot=\"4008251320\"><\/ins>\r\n<script>\r\n     (adsbygoogle = window.adsbygoogle || []).push({});\r\n<\/script><\/div>\n<p>    Varga Zolt\u00e1n az MTI-nek k\u00fcld\u00f6tt komment\u00e1rj\u00e1ban azt \u00edrta, hogy a nemzetk\u00f6zi befektet\u0151i hangulat roml\u00e1sa miatt negat\u00edv tartom\u00e1nyban indulhat a keresked\u00e9s.<br \/>\n    A vezet\u0151 r\u00e9szv\u00e9nyek k\u00f6z\u00fcl az OTP \u00e1rfolyam\u00e1ban a 8 ezer forintos t\u00e1maszra \u00e9rdemes figyelni. A Mol \u00e1rfolyam\u00e1nak siker\u00fclt a 3 ezer forintos szint felett z\u00e1rni, a technikai k\u00e9p tov\u00e1bbra is pozit\u00edv. A Richter el\u00e9rkezett a 7800 forintos meghat\u00e1roz\u00f3 ellen\u00e1ll\u00e1si szinthez, innen negat\u00edv korrekci\u00f3 val\u00f3sz\u00edn\u0171. A Magyar Telekom \u00e1rfolyam\u00e1ban is folytat\u00f3dott a korrekci\u00f3, 315-317 forint k\u00f6z\u00f6tt tal\u00e1lhat\u00f3 fontos ellen\u00e1ll\u00e1s &#8211; k\u00f6z\u00f6lte.<br \/>\n    A Budapesti \u00c9rt\u00e9kt\u0151zsde r\u00e9szv\u00e9nyindexe, a BUX 696,28 pontos, 1,76 sz\u00e1zal\u00e9kos emelked\u00e9ssel 40 355,51 ponton z\u00e1rt h\u00e9tf\u0151n. A r\u00e9szv\u00e9nypiac forgalma 11,1 milli\u00e1rd forint volt. A Mol 76 forinttal, 2,58 sz\u00e1zal\u00e9kkal 3020 forintra er\u0151s\u00f6d\u00f6tt 4,0 milli\u00e1rd forintos forgalomban. Az OTP-r\u00e9szv\u00e9nyek \u00e1ra 70 forinttal, 0,86 sz\u00e1zal\u00e9kkal 8054 forintra cs\u00f6kkent, forgalmuk 4,8 milli\u00e1rd forintot tett ki. A Magyar Telekom \u00e1rfolyama 9,5 forinttal, 3,11 sz\u00e1zal\u00e9kkal 314,50 forintra n\u0151tt, forgalma 57,1 milli\u00f3 forint volt. A Richter-pap\u00edrok \u00e1rfolyama 290 forinttal, 3,86 sz\u00e1zal\u00e9kkal 7800 forintra emelkedett, a r\u00e9szv\u00e9nyek forgalma 1,8 milli\u00e1rd forintot \u00e9rt el.(MTI)<\/p>\n","protected":false},"excerpt":{"rendered":"<p>Cs\u00f6kken\u00e9ssel nyithat kedden a Budapesti \u00c9rt\u00e9kt\u0151zsde (B\u00c9T) az Equilor Befektet\u00e9si Zrt. senior elemz\u0151je szerint.<\/p>\n","protected":false},"author":1001007,"featured_media":0,"comment_status":"open","ping_status":"open","sticky":false,"template":"","format":"standard","meta":[],"categories":[7],"tags":[],"_links":{"self":[{"href":"https:\/\/gazdasagportal.hu\/index.php\/wp-json\/wp\/v2\/posts\/140885"}],"collection":[{"href":"https:\/\/gazdasagportal.hu\/index.php\/wp-json\/wp\/v2\/posts"}],"about":[{"href":"https:\/\/gazdasagportal.hu\/index.php\/wp-json\/wp\/v2\/types\/post"}],"author":[{"embeddable":true,"href":"https:\/\/gazdasagportal.hu\/index.php\/wp-json\/wp\/v2\/users\/1001007"}],"replies":[{"embeddable":true,"href":"https:\/\/gazdasagportal.hu\/index.php\/wp-json\/wp\/v2\/comments?post=140885"}],"version-history":[{"count":1,"href":"https:\/\/gazdasagportal.hu\/index.php\/wp-json\/wp\/v2\/posts\/140885\/revisions"}],"predecessor-version":[{"id":140886,"href":"https:\/\/gazdasagportal.hu\/index.php\/wp-json\/wp\/v2\/posts\/140885\/revisions\/140886"}],"wp:attachment":[{"href":"https:\/\/gazdasagportal.hu\/index.php\/wp-json\/wp\/v2\/media?parent=140885"}],"wp:term":[{"taxonomy":"category","embeddable":true,"href":"https:\/\/gazdasagportal.hu\/index.php\/wp-json\/wp\/v2\/categories?post=140885"},{"taxonomy":"post_tag","embeddable":true,"href":"https:\/\/gazdasagportal.hu\/index.php\/wp-json\/wp\/v2\/tags?post=140885"}],"curies":[{"name":"wp","href":"https:\/\/api.w.org\/{rel}","templated":true}]}}