{"id":140841,"date":"2022-07-12T11:57:56","date_gmt":"2022-07-12T09:57:56","guid":{"rendered":"https:\/\/gazdasagportal.hu\/?p=140841"},"modified":"2022-07-12T11:57:56","modified_gmt":"2022-07-12T09:57:56","slug":"koronavirus-tovabb-emelkedik-az-ujonnan-fertozottek-napi-szama-csehorszagban","status":"publish","type":"post","link":"https:\/\/gazdasagportal.hu\/index.php\/koronavirus-tovabb-emelkedik-az-ujonnan-fertozottek-napi-szama-csehorszagban\/","title":{"rendered":"Koronav\u00edrus &#8211; Tov\u00e1bb emelkedik az \u00fajonnan fert\u0151z\u00f6ttek napi sz\u00e1ma Csehorsz\u00e1gban"},"content":{"rendered":"<p><strong>T\u00f6bb mint k\u00e9tezer igazolt koronav\u00edrus-fert\u0151z\u00f6ttet mutattak ki a laborat\u00f3riumi vizsg\u00e1latok h\u00e9tf\u0151n Csehorsz\u00e1gban. Legut\u00f3bb \u00e1prilis v\u00e9g\u00e9n volt ilyen magas az \u00fajonnan igazolt fert\u0151z\u00f6ttek napi sz\u00e1ma &#8211; der\u00fclt ki az eg\u00e9szs\u00e9g\u00fcgyi miniszt\u00e9rium honlapj\u00e1n kedden d\u00e9lel\u0151tt nyilv\u00e1noss\u00e1gra hozott statisztikai kimutat\u00e1sb\u00f3l.<\/strong><!--more--><\/p>\n<div class=\"ads-in-post2\"><script async src=\"https:\/\/pagead2.googlesyndication.com\/pagead\/js\/adsbygoogle.js\"><\/script>\r\n<ins class=\"adsbygoogle\"\r\n     style=\"display:block\"\r\n     data-ad-format=\"fluid\"\r\n     data-ad-layout-key=\"-6t+ed+2i-1n-4w\"\r\n     data-ad-client=\"ca-pub-1959107119989764\"\r\n     data-ad-slot=\"4008251320\"><\/ins>\r\n<script>\r\n     (adsbygoogle = window.adsbygoogle || []).push({});\r\n<\/script><\/div>\n<p>    A cseh k\u00f3rh\u00e1zakban kezelt koronav\u00edrusos betegek sz\u00e1ma m\u00e1r meghaladta a h\u00e1romsz\u00e1zat. Az esetek t\u00f6bbs\u00e9ge k\u00f6nnyebb lefoly\u00e1s\u00fa, \u00e9s a s\u00falyos betegek sz\u00e1ma nem emelkedik &#8211; \u00edrt\u00e1k a honlapon. A keddi jelent\u00e9s szerint 12 k\u00f3rh\u00e1zban fekv\u0151 beteg \u00e1llapot\u00e1t min\u0151s\u00edtett\u00e9k s\u00falyosnak az orvosok, ami h\u00e1rommal kevesebb, mint egy hete. Az ut\u00f3bbi h\u00e9t napban heten haltak meg a koronav\u00edrus sz\u00f6v\u0151dm\u00e9nyekben.<br \/>\n    Az \u00fajonnan igazolt koronav\u00edrusos fert\u0151z\u00f6ttek sz\u00e1ma heti \u00f6sszehasonl\u00edt\u00e1sban j\u00fanius elej\u00e9t\u0151l n\u00f6vekszik folyamatosan. P\u00e1rhuzamosan ezzel n\u00f6vekszik a napi tesztel\u00e9sek sz\u00e1ma is. H\u00e9tf\u0151n mintegy kilencezer szem\u00e9ly teszteltette le mag\u00e1t, ami 2200-zal t\u00f6bb, mint egy hete.<br \/>\n    Az \u00faj koronav\u00edrusos fert\u0151z\u00e9sek m\u00f6g\u00f6tt az ut\u00f3bbi hetekben egy\u00e9rtelm\u0171en a BA.4 \u00e9s a BA.5 vari\u00e1nsok \u00e1llnak, amelyek az orvosok szerint vesz\u00e9lyesebbek, mint a kor\u00e1bbi omikron v\u00e1ltozat.<br \/>\n    A pr\u00e1gai eg\u00e9szs\u00e9g\u00fcgyi miniszt\u00e9rium azzal sz\u00e1mol, hogy a napi \u00faj esetek sz\u00e1ma a k\u00f6vetkez\u0151 hetekben is m\u00e9rs\u00e9kelten n\u0151ni fog, s nem z\u00e1rhat\u00f3 ki egy ny\u00e1ri fert\u0151z\u00e9si hull\u00e1m sem. \u00d3vint\u00e9zked\u00e9sek bevezet\u00e9s\u00e9t a t\u00e1rca egyel\u0151re nem tervezi.<br \/>\n<div class=\"ads-in-post2\"><script async src=\"https:\/\/pagead2.googlesyndication.com\/pagead\/js\/adsbygoogle.js\"><\/script>\r\n<ins class=\"adsbygoogle\"\r\n     style=\"display:block\"\r\n     data-ad-format=\"fluid\"\r\n     data-ad-layout-key=\"-6t+ed+2i-1n-4w\"\r\n     data-ad-client=\"ca-pub-1959107119989764\"\r\n     data-ad-slot=\"4008251320\"><\/ins>\r\n<script>\r\n     (adsbygoogle = window.adsbygoogle || []).push({});\r\n<\/script><\/div>\n    A 10,7 milli\u00f3s Csehorsz\u00e1gban 6,9 milli\u00f3an vett\u00e9k fel a Covid-19 elleni olt\u00e1s mindk\u00e9t adagj\u00e1t, 4,2 milli\u00f3an m\u00e1r a harmadik, meger\u0151s\u00edt\u0151 adagot is megkapt\u00e1k. A negyedik adag v\u00e1rhat\u00f3an augusztus k\u00f6zep\u00e9t\u0151l v\u00e1lik el\u00e9rhet\u0151v\u00e9 &#8211; k\u00f6z\u00f6lte a miniszt\u00e9rium.(MTI)<\/p>\n","protected":false},"excerpt":{"rendered":"<p>T\u00f6bb mint k\u00e9tezer igazolt koronav\u00edrus-fert\u0151z\u00f6ttet mutattak ki a laborat\u00f3riumi vizsg\u00e1latok h\u00e9tf\u0151n Csehorsz\u00e1gban. Legut\u00f3bb \u00e1prilis v\u00e9g\u00e9n volt ilyen magas az \u00fajonnan igazolt fert\u0151z\u00f6ttek napi sz\u00e1ma &#8211; der\u00fclt ki az eg\u00e9szs\u00e9g\u00fcgyi miniszt\u00e9rium honlapj\u00e1n kedden d\u00e9lel\u0151tt nyilv\u00e1noss\u00e1gra hozott statisztikai kimutat\u00e1sb\u00f3l.<\/p>\n","protected":false},"author":1001005,"featured_media":0,"comment_status":"open","ping_status":"open","sticky":false,"template":"","format":"standard","meta":[],"categories":[5],"tags":[],"_links":{"self":[{"href":"https:\/\/gazdasagportal.hu\/index.php\/wp-json\/wp\/v2\/posts\/140841"}],"collection":[{"href":"https:\/\/gazdasagportal.hu\/index.php\/wp-json\/wp\/v2\/posts"}],"about":[{"href":"https:\/\/gazdasagportal.hu\/index.php\/wp-json\/wp\/v2\/types\/post"}],"author":[{"embeddable":true,"href":"https:\/\/gazdasagportal.hu\/index.php\/wp-json\/wp\/v2\/users\/1001005"}],"replies":[{"embeddable":true,"href":"https:\/\/gazdasagportal.hu\/index.php\/wp-json\/wp\/v2\/comments?post=140841"}],"version-history":[{"count":1,"href":"https:\/\/gazdasagportal.hu\/index.php\/wp-json\/wp\/v2\/posts\/140841\/revisions"}],"predecessor-version":[{"id":140842,"href":"https:\/\/gazdasagportal.hu\/index.php\/wp-json\/wp\/v2\/posts\/140841\/revisions\/140842"}],"wp:attachment":[{"href":"https:\/\/gazdasagportal.hu\/index.php\/wp-json\/wp\/v2\/media?parent=140841"}],"wp:term":[{"taxonomy":"category","embeddable":true,"href":"https:\/\/gazdasagportal.hu\/index.php\/wp-json\/wp\/v2\/categories?post=140841"},{"taxonomy":"post_tag","embeddable":true,"href":"https:\/\/gazdasagportal.hu\/index.php\/wp-json\/wp\/v2\/tags?post=140841"}],"curies":[{"name":"wp","href":"https:\/\/api.w.org\/{rel}","templated":true}]}}