{"id":140809,"date":"2022-07-08T17:24:28","date_gmt":"2022-07-08T15:24:28","guid":{"rendered":"https:\/\/gazdasagportal.hu\/?p=140809"},"modified":"2022-07-08T11:15:11","modified_gmt":"2022-07-08T09:15:11","slug":"visszaesett-az-uj-szemelygepkocsik-eladasa-csehorszagban","status":"publish","type":"post","link":"https:\/\/gazdasagportal.hu\/index.php\/visszaesett-az-uj-szemelygepkocsik-eladasa-csehorszagban\/","title":{"rendered":"Visszaesett az \u00faj szem\u00e9lyg\u00e9pkocsik elad\u00e1sa Csehorsz\u00e1gban"},"content":{"rendered":"<p><strong>Az els\u0151 f\u00e9l \u00e9vben 12,3 sz\u00e1zal\u00e9kkal 98 916-ra esett vissza az \u00faj szem\u00e9lyg\u00e9pkopcsik elad\u00e1sa Csehorsz\u00e1gban, a cs\u00f6kken\u00e9s k\u00fcl\u00f6n\u00f6sen a m\u00e1sodik negyed\u00e9vben volt jelent\u0151s &#8211; k\u00f6z\u00f6lte a cseh aut\u00f3ipari sz\u00f6vets\u00e9g p\u00e9nteken k\u00f6zlem\u00e9nyben.<\/strong><!--more--><\/p>\n<div class=\"ads-in-post2\"><script async src=\"https:\/\/pagead2.googlesyndication.com\/pagead\/js\/adsbygoogle.js\"><\/script>\r\n<ins class=\"adsbygoogle\"\r\n     style=\"display:block\"\r\n     data-ad-format=\"fluid\"\r\n     data-ad-layout-key=\"-6t+ed+2i-1n-4w\"\r\n     data-ad-client=\"ca-pub-1959107119989764\"\r\n     data-ad-slot=\"4008251320\"><\/ins>\r\n<script>\r\n     (adsbygoogle = window.adsbygoogle || []).push({});\r\n<\/script><\/div>\n<p>    A cs\u00f6kken\u00e9s m\u00f6g\u00f6tt alapvet\u0151en az aut\u00f3gy\u00e1rak probl\u00e9m\u00e1i \u00e1llnak, a kereslet tov\u00e1bbra is nagyobb mint a k\u00edn\u00e1lat. &#8222;Folytat\u00f3dnak a termel\u00e9si probl\u00e9m\u00e1k, hi\u00e1nyzanak az alkatr\u00e9szek, a koronav\u00edrus-j\u00e1rv\u00e1ny id\u0151szaka \u00e9s az ukrajnai h\u00e1bor\u00fa nagym\u00e9rt\u00e9kben befoly\u00e1solta a gy\u00e1rt\u00e1si \u00e9s sz\u00e1ll\u00edt\u00e1si folyamatok logisztik\u00e1j\u00e1t&#8221; &#8211; mutat r\u00e1 a sz\u00f6vets\u00e9g.<br \/>\n    Az els\u0151 f\u00e9l \u00e9vben eladott \u00faj szem\u00e9lyaut\u00f3k 72,6 sz\u00e1zal\u00e9k\u00e1t c\u00e9gek \u00e9s int\u00e9zm\u00e9nyek vett\u00e9k meg, a t\u00f6bbit mag\u00e1nszem\u00e9lyek.<br \/>\n    A legnagyobb kereslet a cseh Skoda m\u00e1rka ir\u00e1nt mutatkozott, amelyekb\u0151l 31 678 darabot adtak el, ez az \u00f6sszes elad\u00e1s 32 sz\u00e1zal\u00e9ka. A m\u00e1sodik helyen a Hyundai \u00e1llt 10,2 sz\u00e1zal\u00e9kkal, a harmadikon a Volkswagen 8,15 sz\u00e1zal\u00e9kkal. A Toyota piaci r\u00e9szesed\u00e9se 6,5 sz\u00e1zal\u00e9k, a Kia c\u00e9g\u00e9 pedig 5,6 sz\u00e1zal\u00e9k volt az \u00e9v els\u0151 hat h\u00f3apj\u00e1ban.<br \/>\n    Ami az egyes modellek elad\u00e1s\u00e1t illeti, a sorrend a k\u00f6vetkez\u0151: Skoda Fabia 6280 darab, Skoda Octavia 6254 darab, Hyundai i30 4433 darab.<br \/>\n<div class=\"ads-in-post2\"><script async src=\"https:\/\/pagead2.googlesyndication.com\/pagead\/js\/adsbygoogle.js\"><\/script>\r\n<ins class=\"adsbygoogle\"\r\n     style=\"display:block\"\r\n     data-ad-format=\"fluid\"\r\n     data-ad-layout-key=\"-6t+ed+2i-1n-4w\"\r\n     data-ad-client=\"ca-pub-1959107119989764\"\r\n     data-ad-slot=\"4008251320\"><\/ins>\r\n<script>\r\n     (adsbygoogle = window.adsbygoogle || []).push({});\r\n<\/script><\/div>\n    Az els\u0151 f\u00e9l \u00e9vben \u00e9rt\u00e9kes\u00edtett kocsik 66 sz\u00e1zal\u00e9ka benzinmotoros, 25 sz\u00e1zal\u00e9ka pedig g\u00e1zolajos volt. A villanyaut\u00f3k elad\u00e1sa \u00e9ves szinten megdupl\u00e1z\u00f3dott, de az \u00f6sszelad\u00e1snak \u00edgy is csak k\u00e9t sz\u00e1zal\u00e9k\u00e1t tette ki.<br \/>\n    K\u00fclf\u00f6ldr\u0151l 89 307 darab szem\u00e9lyg\u00e9pkocsit hoztak be Csehorsz\u00e1gba, ami 6,9 sz\u00e1zal\u00e9kos n\u00f6veked\u00e9s. A behozott aut\u00f3k \u00e1tlag\u00e9letkora 10,6 \u00e9v volt.(MTI)<\/p>\n","protected":false},"excerpt":{"rendered":"<p>Az els\u0151 f\u00e9l \u00e9vben 12,3 sz\u00e1zal\u00e9kkal 98 916-ra esett vissza az \u00faj szem\u00e9lyg\u00e9pkopcsik elad\u00e1sa Csehorsz\u00e1gban, a cs\u00f6kken\u00e9s k\u00fcl\u00f6n\u00f6sen a m\u00e1sodik negyed\u00e9vben volt jelent\u0151s &#8211; k\u00f6z\u00f6lte a cseh aut\u00f3ipari sz\u00f6vets\u00e9g p\u00e9nteken k\u00f6zlem\u00e9nyben.<\/p>\n","protected":false},"author":1001007,"featured_media":0,"comment_status":"open","ping_status":"open","sticky":false,"template":"","format":"standard","meta":[],"categories":[19,246],"tags":[],"_links":{"self":[{"href":"https:\/\/gazdasagportal.hu\/index.php\/wp-json\/wp\/v2\/posts\/140809"}],"collection":[{"href":"https:\/\/gazdasagportal.hu\/index.php\/wp-json\/wp\/v2\/posts"}],"about":[{"href":"https:\/\/gazdasagportal.hu\/index.php\/wp-json\/wp\/v2\/types\/post"}],"author":[{"embeddable":true,"href":"https:\/\/gazdasagportal.hu\/index.php\/wp-json\/wp\/v2\/users\/1001007"}],"replies":[{"embeddable":true,"href":"https:\/\/gazdasagportal.hu\/index.php\/wp-json\/wp\/v2\/comments?post=140809"}],"version-history":[{"count":1,"href":"https:\/\/gazdasagportal.hu\/index.php\/wp-json\/wp\/v2\/posts\/140809\/revisions"}],"predecessor-version":[{"id":140810,"href":"https:\/\/gazdasagportal.hu\/index.php\/wp-json\/wp\/v2\/posts\/140809\/revisions\/140810"}],"wp:attachment":[{"href":"https:\/\/gazdasagportal.hu\/index.php\/wp-json\/wp\/v2\/media?parent=140809"}],"wp:term":[{"taxonomy":"category","embeddable":true,"href":"https:\/\/gazdasagportal.hu\/index.php\/wp-json\/wp\/v2\/categories?post=140809"},{"taxonomy":"post_tag","embeddable":true,"href":"https:\/\/gazdasagportal.hu\/index.php\/wp-json\/wp\/v2\/tags?post=140809"}],"curies":[{"name":"wp","href":"https:\/\/api.w.org\/{rel}","templated":true}]}}