{"id":140787,"date":"2022-07-06T14:04:32","date_gmt":"2022-07-06T12:04:32","guid":{"rendered":"https:\/\/gazdasagportal.hu\/?p=140787"},"modified":"2022-07-06T14:04:32","modified_gmt":"2022-07-06T12:04:32","slug":"az-oszi-kalaszos-vetomagon-is-latszik-hogy-milyen-nehez-az-idei-szezon","status":"publish","type":"post","link":"https:\/\/gazdasagportal.hu\/index.php\/az-oszi-kalaszos-vetomagon-is-latszik-hogy-milyen-nehez-az-idei-szezon\/","title":{"rendered":"Az \u0151szi kal\u00e1szos vet\u0151magon is l\u00e1tszik, hogy milyen neh\u00e9z az idei szezon"},"content":{"rendered":"<p><strong>A v\u00e1rhat\u00f3 \u00e1tlagterm\u00e9s a vet\u0151mag c\u00e9l\u00fa \u0151szi kal\u00e1szosok tekintet\u00e9ben orsz\u00e1gr\u00e9szenk\u00e9nt rendk\u00edv\u00fcl nagy sz\u00f3r\u00e1st mutat, de mindenhol elmarad az \u00e1tlagost\u00f3l. Van, ahol jelent\u0151s term\u00e9skies\u00e9ssel kell sz\u00e1molniuk a vet\u0151magtermel\u0151knek, \u00e1ll a Vet\u0151mag Sz\u00f6vets\u00e9g Szakmak\u00f6zi Szervezet \u00e9s Term\u00e9ktan\u00e1cs el\u0151rejelz\u00e9s\u00e9ben.<\/strong><!--more--><\/p>\n<div class=\"ads-in-post2\"><script async src=\"https:\/\/pagead2.googlesyndication.com\/pagead\/js\/adsbygoogle.js\"><\/script>\r\n<ins class=\"adsbygoogle\"\r\n     style=\"display:block\"\r\n     data-ad-format=\"fluid\"\r\n     data-ad-layout-key=\"-6t+ed+2i-1n-4w\"\r\n     data-ad-client=\"ca-pub-1959107119989764\"\r\n     data-ad-slot=\"4008251320\"><\/ins>\r\n<script>\r\n     (adsbygoogle = window.adsbygoogle || []).push({});\r\n<\/script><\/div>\n<p><strong>\u00a0<\/strong>Tak\u00e1cs G\u00e9za, a Vet\u0151mag Sz\u00f6vets\u00e9g Szakmak\u00f6zi Szervezet \u00e9s Term\u00e9ktan\u00e1cs eln\u00f6ke kifejtette: a tags\u00e1g k\u00f6r\u00e9ben ind\u00edtott felm\u00e9r\u00e9s, a N\u00c9BIH-t\u0151l kapott szapor\u00edt\u00f3 ter\u00fcleti adatok \u00e9s a v\u00e1rhat\u00f3 f\u00e9mz\u00e1rol\u00e1si lehet\u0151s\u00e9gekkel kapcsolatos inform\u00e1ci\u00f3k alapj\u00e1n az \u0151szi kal\u00e1szos vet\u0151magokb\u00f3l a v\u00e1rhat\u00f3 k\u00e9szletek a szakmailag elfogadhat\u00f3 35 % k\u00f6r\u00fcli fel\u00faj\u00edt\u00e1si lehet\u0151s\u00e9get biztos\u00edtanak. A tagokt\u00f3l kapott inform\u00e1ci\u00f3k alapj\u00e1n az elm\u00falt \u00e9vr\u0151l rakt\u00e1ron maradt vet\u0151mag mennyis\u00e9g \u00e9rdemi hat\u00e1st nem gyakorol az \u00faj term\u00e9s\u0171 k\u00e9szletekre.<\/p>\n<p>&nbsp;<\/p><div id=\"gazda-2304134121\" class=\"gazda-tartalomban gazda-entity-placement\"><script async src=\"https:\/\/pagead2.googlesyndication.com\/pagead\/js\/adsbygoogle.js\"><\/script>\r\n<ins class=\"adsbygoogle\"\r\n     style=\"display:block\"\r\n     data-ad-format=\"fluid\"\r\n     data-ad-layout-key=\"-6t+ed+2i-1n-4w\"\r\n     data-ad-client=\"ca-pub-1959107119989764\"\r\n     data-ad-slot=\"4008251320\"><\/ins>\r\n<script>\r\n     (adsbygoogle = window.adsbygoogle || []).push({});\r\n<\/script><\/div>\n<p>Mint a szakember hangs\u00falyozta: a v\u00e1rhat\u00f3 \u00e1tlagterm\u00e9s a vet\u0151mag c\u00e9l\u00fa \u0151szi kal\u00e1szosok tekintet\u00e9ben orsz\u00e1gr\u00e9szenk\u00e9nt rendk\u00edv\u00fcl nagy sz\u00f3r\u00e1st mutat \u00e9s mindenhol elmarad az \u00e1tlagost\u00f3l. \u201eVannak olyan orsz\u00e1gr\u00e9szek, ahol igen jelent\u0151s term\u00e9skies\u00e9ssel sz\u00e1molunk. A min\u0151s\u00e9gi probl\u00e9m\u00e1k tekintet\u00e9ben meg\u00e1llap\u00edt\u00e1st nyert, hogy a rendk\u00edv\u00fcl s\u00falyos asz\u00e1ly miatt komoly magm\u00e9ret (vet\u0151magtiszt\u00edt\u00e1si) probl\u00e9m\u00e1kra kell sz\u00e1m\u00edtani, ez\u00e9rt sz\u00fcks\u00e9gesnek tartjuk, hogy a zavartalan vet\u0151magell\u00e1t\u00e1s biztos\u00edt\u00e1sa \u00e9rdek\u00e9ben az \u0151szi \u00e9s tavaszi kal\u00e1szosok minden szapor\u00edt\u00e1si fok\u00e1ra vonatkoz\u00f3an a 2022. \u00e9vi term\u00e9sre engedm\u00e9nyezett legyen a rosta \u00e1thull\u00e1sra vonatkoz\u00f3 el\u0151\u00edr\u00e1sok al\u00f3li \u00e1ltal\u00e1nos felment\u00e9s. Ez term\u00e9szetesen nagyobb munk\u00e1t is jelenthet a vet\u0151mag szapor\u00edt\u00f3k sz\u00e1m\u00e1ra, hiszen a kinyerhet\u0151 vet\u0151mag min\u0151s\u00e9ge miatt sokkal t\u00f6bb el\u0151k\u00e9sz\u00edt\u0151, modellez\u0151 munk\u00e1ra \u00e9s el\u0151vizsg\u00e1latokra lesz sz\u00fcks\u00e9g.\u201d<\/p>\n<p>&nbsp;<\/p>\n<p>A k\u00f6vetkez\u0151 id\u0151szakban a piaci szerepl\u0151k a kal\u00e1szos term\u00e9ny\u00e1rak \u00e9s a termel\u00e9si k\u00f6lts\u00e9gek tov\u00e1bbi emelked\u00e9s\u00e9vel sz\u00e1molnak. Az infl\u00e1ci\u00f3s hat\u00e1s, a termel\u00e9si-feldolgoz\u00e1si k\u00f6lts\u00e9gen bel\u00fcli munkaer\u0151 k\u00f6lts\u00e9g-h\u00e1nyad n\u00f6veked\u00e9s \u00e9rezteti hat\u00e1s\u00e1t a vet\u0151mag v\u00e9gfelhaszn\u00e1l\u00f3i \u00e1r\u00e1nak n\u00f6veked\u00e9s\u00e9ben is.<\/p>\n<div class=\"ads-in-post2\"><script async src=\"https:\/\/pagead2.googlesyndication.com\/pagead\/js\/adsbygoogle.js\"><\/script>\r\n<ins class=\"adsbygoogle\"\r\n     style=\"display:block\"\r\n     data-ad-format=\"fluid\"\r\n     data-ad-layout-key=\"-6t+ed+2i-1n-4w\"\r\n     data-ad-client=\"ca-pub-1959107119989764\"\r\n     data-ad-slot=\"4008251320\"><\/ins>\r\n<script>\r\n     (adsbygoogle = window.adsbygoogle || []).push({});\r\n<\/script><\/div>\n&nbsp;<\/p>\n<p>Az elm\u00falt \u00e9vekhez hasonl\u00f3an a piaci k\u00f6r\u00fclm\u00e9nyek elemz\u00e9se ut\u00e1n a Vet\u0151mag Sz\u00f6vets\u00e9g 246.000 forint\/tonna + \u00c1FA t\u00e1j\u00e9koztat\u00f3 \u00e1rat tett k\u00f6zz\u00e9 az \u0151szi kal\u00e1szosok II. szaporulati fok\u00fa vet\u0151magjaira. Ez a csomagolt, gomba\u00f6l\u0151-szerrel cs\u00e1v\u00e1zott, f\u00e9mz\u00e1rolt vet\u0151magra vonatkozik, az elad\u00f3 telephely\u00e9n g\u00e9pkocsira rakva. A t\u00e1j\u00e9koztat\u00f3 \u00e1r nem fix \u00e9s nem k\u00f6t\u00f6tt \u00e1r, illetve nem aj\u00e1nlott \u00e1r. A konkr\u00e9t szerz\u0151d\u00e9ses \u00e1rat a felek maguk hat\u00e1rozz\u00e1k meg. A vet\u0151mag t\u00e1j\u00e9koztat\u00f3 \u00e1ra nem jelent \u00e1rr\u00f6gz\u00edt\u00e9st \u00e9s els\u0151dleges c\u00e9lja orient\u00e1l\u00f3, a v\u00e1rhat\u00f3 piaci \u00e1rinform\u00e1ci\u00f3 k\u00f6zread\u00e1sa.<\/p>\n<p>&nbsp;<\/p>\n<p>A t\u00e1j\u00e9koztat\u00f3 \u00e1r kidolgoz\u00e1s\u00e1t megel\u0151z\u0151en, a piaci viszonyok alakul\u00e1s\u00e1nak felt\u00e1r\u00e1sa \u00e9rdek\u00e9ben a VSZT Szekci\u00f3bizotts\u00e1ga a tags\u00e1g k\u00f6r\u00e9ben sz\u00e9lesk\u00f6r\u0171 felm\u00e9r\u00e9st v\u00e9gzett \u00e9s a v\u00e1laszad\u00f3k j\u00f3l reprezent\u00e1lj\u00e1k a teljes tags\u00e1got. A felm\u00e9r\u00e9s eredm\u00e9ny\u00e9t figyelembe v\u00e9ve a Szekci\u00f3 Bizotts\u00e1g azon a v\u00e9lem\u00e9nyen van, hogy a t\u00e1j\u00e9koztat\u00f3 \u00e1r meghirdet\u00e9se m\u00e9rt\u00e9kad\u00f3 jelz\u00e9s a vet\u0151mag nemes\u00edt\u00e9s\u00e9vel, el\u0151\u00e1ll\u00edt\u00e1s\u00e1val \u00e9s forgalmaz\u00e1s\u00e1val kapcsolatos term\u00e9kp\u00e1ly\u00e1k szerepl\u0151inek, hogy a vet\u0151maggal val\u00f3 foglalatoss\u00e1g olyan sz\u00fcks\u00e9ges tev\u00e9kenys\u00e9g, mely a biol\u00f3giai alapok folyamatos biztos\u00edt\u00e1s\u00e1val n\u00e9lk\u00fcl\u00f6zhetetlen eszk\u00f6ze a mez\u0151gazdas\u00e1gi termel\u00e9snek, s ezen kereszt\u00fcl a v\u00e9gfelhaszn\u00e1l\u00f3k \u00e9rdekeit szolg\u00e1lja.<\/p>\n<p>&nbsp;<\/p>\n<p>A tagi adatszolg\u00e1ltat\u00e1s alapj\u00e1n az elm\u00falt \u00e9vekben a kal\u00e1szos vet\u0151mag t\u00e9nyleges forgalmaz\u00e1si \u00e1ra a VSZT t\u00e1j\u00e9koztat\u00f3 \u00e1ra felett alakult \u00e9s n\u00f6vekv\u0151 tendenci\u00e1t mutat. A t\u00e1j\u00e9koztat\u00f3 \u00e1rn\u00e1l magasabb, t\u00e9nylegesen kialakult \u00e1r oka, hogy a keresked\u0151k az \u00e1rat a megrendel\u0151 telephely\u00e9re sz\u00e1ll\u00edtva k\u00f6zlik \u00e9s az elm\u00falt \u00e9vekben egyre n\u00f6vekv\u0151 speci\u00e1lis cs\u00e1v\u00e1z\u00e1s magasabb \u00e1ron ker\u00fcl felsz\u00e1m\u00edt\u00e1sra. A vet\u0151mag szakma sz\u00e1m\u00e1ra fontos jelz\u00e9s ez, hiszen a termel\u0151k a szapor\u00edt\u00f3anyagra egyre nagyobb figyelmet ford\u00edtanak, figyelembe v\u00e9ve azt, hogy csak kiv\u00e1l\u00f3an el\u0151k\u00e9sz\u00edtett vet\u0151maggal lehet a term\u00e9st megalapozni. 2018-ban 99 ezer, 2019-ben 109 ezer, 2020-ban 113 ezer, 2021-ben 129 ezer forint\u00e9rt kelt el egy tonna \u0151szi b\u00faza vet\u0151mag.<\/p>\n","protected":false},"excerpt":{"rendered":"<p>A v\u00e1rhat\u00f3 \u00e1tlagterm\u00e9s a vet\u0151mag c\u00e9l\u00fa \u0151szi kal\u00e1szosok tekintet\u00e9ben orsz\u00e1gr\u00e9szenk\u00e9nt rendk\u00edv\u00fcl nagy sz\u00f3r\u00e1st mutat, de mindenhol elmarad az \u00e1tlagost\u00f3l. Van, ahol jelent\u0151s term\u00e9skies\u00e9ssel kell sz\u00e1molniuk a vet\u0151magtermel\u0151knek, \u00e1ll a Vet\u0151mag Sz\u00f6vets\u00e9g Szakmak\u00f6zi Szervezet \u00e9s Term\u00e9ktan\u00e1cs el\u0151rejelz\u00e9s\u00e9ben.<\/p>\n","protected":false},"author":1001007,"featured_media":0,"comment_status":"open","ping_status":"open","sticky":false,"template":"","format":"standard","meta":[],"categories":[19],"tags":[],"_links":{"self":[{"href":"https:\/\/gazdasagportal.hu\/index.php\/wp-json\/wp\/v2\/posts\/140787"}],"collection":[{"href":"https:\/\/gazdasagportal.hu\/index.php\/wp-json\/wp\/v2\/posts"}],"about":[{"href":"https:\/\/gazdasagportal.hu\/index.php\/wp-json\/wp\/v2\/types\/post"}],"author":[{"embeddable":true,"href":"https:\/\/gazdasagportal.hu\/index.php\/wp-json\/wp\/v2\/users\/1001007"}],"replies":[{"embeddable":true,"href":"https:\/\/gazdasagportal.hu\/index.php\/wp-json\/wp\/v2\/comments?post=140787"}],"version-history":[{"count":1,"href":"https:\/\/gazdasagportal.hu\/index.php\/wp-json\/wp\/v2\/posts\/140787\/revisions"}],"predecessor-version":[{"id":140788,"href":"https:\/\/gazdasagportal.hu\/index.php\/wp-json\/wp\/v2\/posts\/140787\/revisions\/140788"}],"wp:attachment":[{"href":"https:\/\/gazdasagportal.hu\/index.php\/wp-json\/wp\/v2\/media?parent=140787"}],"wp:term":[{"taxonomy":"category","embeddable":true,"href":"https:\/\/gazdasagportal.hu\/index.php\/wp-json\/wp\/v2\/categories?post=140787"},{"taxonomy":"post_tag","embeddable":true,"href":"https:\/\/gazdasagportal.hu\/index.php\/wp-json\/wp\/v2\/tags?post=140787"}],"curies":[{"name":"wp","href":"https:\/\/api.w.org\/{rel}","templated":true}]}}